{"id":8460,"date":"2025-09-29T13:12:51","date_gmt":"2025-09-29T11:12:51","guid":{"rendered":"https:\/\/agora.xtec.cat\/ceipbeatbonaventura\/?p=8460"},"modified":"2025-09-29T13:12:51","modified_gmt":"2025-09-29T11:12:51","slug":"sortida-a-la-verema-2n","status":"publish","type":"post","link":"https:\/\/agora.xtec.cat\/ceipbeatbonaventura\/general\/sortida-a-la-verema-2n\/","title":{"rendered":"Sortida a la verema (2n)"},"content":{"rendered":"<p><span style=\"font-weight: 400;\">La setmana passada els i les alumnes de 2n vam anar d\u2019excursi\u00f3 a Vila-Rodona, al camp d\u2019aprenentatge \u201cDel cep a l\u2019ampolla\u201d.<\/span><\/p>\n<p><span style=\"font-weight: 400;\">Vam visitar un celler modernista on vam poder veure tots els passos necessaris perqu\u00e8 el ra\u00efm es converteixi en vi i tamb\u00e9 vam visitar unes vinyes per poder veure ceps de ben a prop.<\/span><\/p>\n<p><span style=\"font-weight: 400;\">Va ser una experi\u00e8ncia molt enriquidora!<\/span><\/p>\n<p><a href=\"https:\/\/photos.app.goo.gl\/r41jctAbQ8cbLnLC7\"><img loading=\"lazy\" decoding=\"async\" class=\"alignnone wp-image-8461\" src=\"https:\/\/agora.xtec.cat\/ceipbeatbonaventura\/wp-content\/uploads\/usu343\/2025\/09\/Portada-verema-768x1024.jpg\" alt=\"\" width=\"153\" height=\"204\" srcset=\"https:\/\/agora.xtec.cat\/ceipbeatbonaventura\/wp-content\/uploads\/usu343\/2025\/09\/Portada-verema-768x1024.jpg 768w, https:\/\/agora.xtec.cat\/ceipbeatbonaventura\/wp-content\/uploads\/usu343\/2025\/09\/Portada-verema-225x300.jpg 225w, https:\/\/agora.xtec.cat\/ceipbeatbonaventura\/wp-content\/uploads\/usu343\/2025\/09\/Portada-verema-1152x1536.jpg 1152w, https:\/\/agora.xtec.cat\/ceipbeatbonaventura\/wp-content\/uploads\/usu343\/2025\/09\/Portada-verema.jpg 1530w\" sizes=\"auto, (max-width: 153px) 100vw, 153px\" \/><\/a><\/p>\n","protected":false},"excerpt":{"rendered":"<p>La setmana passada els i les alumnes de 2n vam anar d\u2019excursi\u00f3 a Vila-Rodona, al camp d\u2019aprenentatge \u201cDel cep a l\u2019ampolla\u201d.<br \/>\nVam visitar un celler modernista on vam poder veure tots els passos necessaris perqu\u00e8 el ra\u00efm es converteixi en vi i tamb\u00e9 vam visitar unes&hellip;  <a href=\"https:\/\/agora.xtec.cat\/ceipbeatbonaventura\/general\/sortida-a-la-verema-2n\/\" title=\"Read Sortida a la verema (2n)\">Llegeix m\u00e9s\u00bb<\/a><\/p>\n","protected":false},"author":16,"featured_media":0,"comment_status":"open","ping_status":"open","sticky":false,"template":"","format":"standard","meta":{"_bbp_topic_count":0,"_bbp_reply_count":0,"_bbp_total_topic_count":0,"_bbp_total_reply_count":0,"_bbp_voice_count":0,"_bbp_anonymous_reply_count":0,"_bbp_topic_count_hidden":0,"_bbp_reply_count_hidden":0,"_bbp_forum_subforum_count":0,"footnotes":""},"categories":[11,1,4,5],"tags":[423,138,1030],"class_list":["post-8460","post","type-post","status-publish","format-standard","hentry","category-2n","category-general","category-portada","category-primaria","tag-inicial","tag-medi","tag-verema"],"post_mailing_queue_ids":[],"_links":{"self":[{"href":"https:\/\/agora.xtec.cat\/ceipbeatbonaventura\/wp-json\/wp\/v2\/posts\/8460","targetHints":{"allow":["GET"]}}],"collection":[{"href":"https:\/\/agora.xtec.cat\/ceipbeatbonaventura\/wp-json\/wp\/v2\/posts"}],"about":[{"href":"https:\/\/agora.xtec.cat\/ceipbeatbonaventura\/wp-json\/wp\/v2\/types\/post"}],"author":[{"embeddable":true,"href":"https:\/\/agora.xtec.cat\/ceipbeatbonaventura\/wp-json\/wp\/v2\/users\/16"}],"replies":[{"embeddable":true,"href":"https:\/\/agora.xtec.cat\/ceipbeatbonaventura\/wp-json\/wp\/v2\/comments?post=8460"}],"version-history":[{"count":1,"href":"https:\/\/agora.xtec.cat\/ceipbeatbonaventura\/wp-json\/wp\/v2\/posts\/8460\/revisions"}],"predecessor-version":[{"id":8462,"href":"https:\/\/agora.xtec.cat\/ceipbeatbonaventura\/wp-json\/wp\/v2\/posts\/8460\/revisions\/8462"}],"wp:attachment":[{"href":"https:\/\/agora.xtec.cat\/ceipbeatbonaventura\/wp-json\/wp\/v2\/media?parent=8460"}],"wp:term":[{"taxonomy":"category","embeddable":true,"href":"https:\/\/agora.xtec.cat\/ceipbeatbonaventura\/wp-json\/wp\/v2\/categories?post=8460"},{"taxonomy":"post_tag","embeddable":true,"href":"https:\/\/agora.xtec.cat\/ceipbeatbonaventura\/wp-json\/wp\/v2\/tags?post=8460"}],"curies":[{"name":"wp","href":"https:\/\/api.w.org\/{rel}","templated":true}]}}