{"id":8387,"date":"2025-06-20T13:14:32","date_gmt":"2025-06-20T11:14:32","guid":{"rendered":"https:\/\/agora.xtec.cat\/ceipbeatbonaventura\/?p=8387"},"modified":"2025-06-20T13:16:05","modified_gmt":"2025-06-20T11:16:05","slug":"ultim-mati-del-curs-24-25","status":"publish","type":"post","link":"https:\/\/agora.xtec.cat\/ceipbeatbonaventura\/general\/ultim-mati-del-curs-24-25\/","title":{"rendered":"\u00daltim mat\u00ed del curs 24-25"},"content":{"rendered":"<p>Un curs m\u00e9s que ha arribat a la fi!<\/p>\n<p>Jocs internivells, gelats, balls, m\u00fasica, la can\u00e7\u00f3 del Beat,&#8230;\u00a0 tot aix\u00f2, i m\u00e9s, hem fet durant el darrer mat\u00ed del curs 2024-25<\/p>\n<p>Ens ho hem passat d&#8217;all\u00f2 m\u00e9s divertit!<\/p>\n<p>Aix\u00ed acomiadem aquest curs i encarem les vacances per agafar forces i energies per al vinent.<\/p>\n<p>Bon estiu!!!<\/p>\n<p><a href=\"https:\/\/photos.app.goo.gl\/fGJiTNQmSXT172zJA\" target=\"_blank\" rel=\"noopener\">Jocs infantil<\/a><\/p>\n<p><a href=\"https:\/\/photos.app.goo.gl\/Z5tYvVeNWR9As3tq6\" target=\"_blank\" rel=\"noopener\">Jocs prim\u00e0ria<\/a><\/p>\n<p><a href=\"https:\/\/photos.app.goo.gl\/tKhgQyDHA4FErKWcA\" target=\"_blank\" rel=\"noopener\">Gelats<\/a><\/p>\n<p><a href=\"https:\/\/photos.app.goo.gl\/tkBamAq3UM5P1JBS6\" target=\"_blank\" rel=\"noopener\">Can\u00e7\u00f3 de l&#8217;escola<\/a><\/p>\n<p>&nbsp;<\/p>\n<p>&nbsp;<\/p>\n","protected":false},"excerpt":{"rendered":"<p>Un curs m\u00e9s que ha arribat a la fi!<br \/>\nJocs internivells, gelats, balls, m\u00fasica, la can\u00e7\u00f3 del Beat,&#8230;\u00a0 tot aix\u00f2, i m\u00e9s, hem fet durant el darrer mat\u00ed del curs 2024-25<br \/>\nEns ho hem passat d&#8217;all\u00f2 m\u00e9s divertit!<br \/>\nAix\u00ed acomiadem aquest curs i encarem les vacances per agafar&hellip;  <a href=\"https:\/\/agora.xtec.cat\/ceipbeatbonaventura\/general\/ultim-mati-del-curs-24-25\/\" title=\"Read \u00daltim mat\u00ed del curs 24-25\">Llegeix m\u00e9s\u00bb<\/a><\/p>\n","protected":false},"author":1,"featured_media":8418,"comment_status":"open","ping_status":"open","sticky":false,"template":"","format":"standard","meta":{"_bbp_topic_count":0,"_bbp_reply_count":0,"_bbp_total_topic_count":0,"_bbp_total_reply_count":0,"_bbp_voice_count":0,"_bbp_anonymous_reply_count":0,"_bbp_topic_count_hidden":0,"_bbp_reply_count_hidden":0,"_bbp_forum_subforum_count":0,"footnotes":""},"categories":[10,11,12,13,14,15,1,2,3,8,9,4,5],"tags":[507,94,816,313,1023,289,100],"class_list":["post-8387","post","type-post","status-publish","format-standard","has-post-thumbnail","hentry","category-1r","category-2n","category-3r","category-4t","category-5e","category-6e","category-general","category-infantil","category-p3","category-p4","category-p5","category-portada","category-primaria","tag-canco","tag-escola","tag-festa","tag-fi-de-curs","tag-internivell","tag-jocs","tag-musica"],"post_mailing_queue_ids":[],"_links":{"self":[{"href":"https:\/\/agora.xtec.cat\/ceipbeatbonaventura\/wp-json\/wp\/v2\/posts\/8387","targetHints":{"allow":["GET"]}}],"collection":[{"href":"https:\/\/agora.xtec.cat\/ceipbeatbonaventura\/wp-json\/wp\/v2\/posts"}],"about":[{"href":"https:\/\/agora.xtec.cat\/ceipbeatbonaventura\/wp-json\/wp\/v2\/types\/post"}],"author":[{"embeddable":true,"href":"https:\/\/agora.xtec.cat\/ceipbeatbonaventura\/wp-json\/wp\/v2\/users\/1"}],"replies":[{"embeddable":true,"href":"https:\/\/agora.xtec.cat\/ceipbeatbonaventura\/wp-json\/wp\/v2\/comments?post=8387"}],"version-history":[{"count":5,"href":"https:\/\/agora.xtec.cat\/ceipbeatbonaventura\/wp-json\/wp\/v2\/posts\/8387\/revisions"}],"predecessor-version":[{"id":8417,"href":"https:\/\/agora.xtec.cat\/ceipbeatbonaventura\/wp-json\/wp\/v2\/posts\/8387\/revisions\/8417"}],"wp:featuredmedia":[{"embeddable":true,"href":"https:\/\/agora.xtec.cat\/ceipbeatbonaventura\/wp-json\/wp\/v2\/media\/8418"}],"wp:attachment":[{"href":"https:\/\/agora.xtec.cat\/ceipbeatbonaventura\/wp-json\/wp\/v2\/media?parent=8387"}],"wp:term":[{"taxonomy":"category","embeddable":true,"href":"https:\/\/agora.xtec.cat\/ceipbeatbonaventura\/wp-json\/wp\/v2\/categories?post=8387"},{"taxonomy":"post_tag","embeddable":true,"href":"https:\/\/agora.xtec.cat\/ceipbeatbonaventura\/wp-json\/wp\/v2\/tags?post=8387"}],"curies":[{"name":"wp","href":"https:\/\/api.w.org\/{rel}","templated":true}]}}