{"id":8279,"date":"2025-05-22T18:10:12","date_gmt":"2025-05-22T16:10:12","guid":{"rendered":"https:\/\/agora.xtec.cat\/ceipbeatbonaventura\/?p=8279"},"modified":"2025-05-22T18:10:12","modified_gmt":"2025-05-22T16:10:12","slug":"mel-muria-perello-2n","status":"publish","type":"post","link":"https:\/\/agora.xtec.cat\/ceipbeatbonaventura\/general\/mel-muria-perello-2n\/","title":{"rendered":"Mel M\u00faria Perell\u00f3 (2n)"},"content":{"rendered":"<p><span style=\"font-weight: 400;\">Els alumnes de segon posem fi al treball del projecte \u201cL\u2019abella\u201d, que hem estat treballant amb molta motivaci\u00f3, amb la visita a Mel M\u00faria al Perell\u00f3. Vam gaudir amb tot tipus d\u2019activitats per endinsar-nos i con\u00e8ixer aquest m\u00f3n tan fascinant.<\/span><\/p>\n<p><a href=\"https:\/\/photos.app.goo.gl\/HxuV2zp5h2zxMi6T8\"><img loading=\"lazy\" decoding=\"async\" class=\"alignnone wp-image-8281\" src=\"https:\/\/agora.xtec.cat\/ceipbeatbonaventura\/wp-content\/uploads\/usu343\/2025\/05\/IMG_3797-1024x768.jpg\" alt=\"\" width=\"381\" height=\"286\" srcset=\"https:\/\/agora.xtec.cat\/ceipbeatbonaventura\/wp-content\/uploads\/usu343\/2025\/05\/IMG_3797-1024x768.jpg 1024w, https:\/\/agora.xtec.cat\/ceipbeatbonaventura\/wp-content\/uploads\/usu343\/2025\/05\/IMG_3797-300x225.jpg 300w, https:\/\/agora.xtec.cat\/ceipbeatbonaventura\/wp-content\/uploads\/usu343\/2025\/05\/IMG_3797-768x576.jpg 768w, https:\/\/agora.xtec.cat\/ceipbeatbonaventura\/wp-content\/uploads\/usu343\/2025\/05\/IMG_3797-1536x1152.jpg 1536w, https:\/\/agora.xtec.cat\/ceipbeatbonaventura\/wp-content\/uploads\/usu343\/2025\/05\/IMG_3797-2048x1536.jpg 2048w, https:\/\/agora.xtec.cat\/ceipbeatbonaventura\/wp-content\/uploads\/usu343\/2025\/05\/IMG_3797-200x150.jpg 200w\" sizes=\"auto, (max-width: 381px) 100vw, 381px\" \/><\/a><\/p>\n<p>&nbsp;<\/p>\n","protected":false},"excerpt":{"rendered":"<p>Els alumnes de segon posem fi al treball del projecte \u201cL\u2019abella\u201d, que hem estat treballant amb molta motivaci\u00f3, amb la visita a Mel M\u00faria al Perell\u00f3. Vam gaudir amb tot tipus d\u2019activitats per endinsar-nos i con\u00e8ixer aquest m\u00f3n tan fascinant.<br \/>\n<a href=\"https:\/\/photos.app.goo.gl\/HxuV2zp5h2zxMi6T8\"><\/a><br \/>\n&nbsp;<\/p>\n","protected":false},"author":16,"featured_media":0,"comment_status":"open","ping_status":"closed","sticky":false,"template":"","format":"standard","meta":{"_bbp_topic_count":0,"_bbp_reply_count":0,"_bbp_total_topic_count":0,"_bbp_total_reply_count":0,"_bbp_voice_count":0,"_bbp_anonymous_reply_count":0,"_bbp_topic_count_hidden":0,"_bbp_reply_count_hidden":0,"_bbp_forum_subforum_count":0,"footnotes":""},"categories":[11,1,4,5],"tags":[380,1007,320],"class_list":["post-8279","post","type-post","status-publish","format-standard","hentry","category-2n","category-general","category-portada","category-primaria","tag-abelles","tag-perello","tag-projecte"],"post_mailing_queue_ids":[],"_links":{"self":[{"href":"https:\/\/agora.xtec.cat\/ceipbeatbonaventura\/wp-json\/wp\/v2\/posts\/8279","targetHints":{"allow":["GET"]}}],"collection":[{"href":"https:\/\/agora.xtec.cat\/ceipbeatbonaventura\/wp-json\/wp\/v2\/posts"}],"about":[{"href":"https:\/\/agora.xtec.cat\/ceipbeatbonaventura\/wp-json\/wp\/v2\/types\/post"}],"author":[{"embeddable":true,"href":"https:\/\/agora.xtec.cat\/ceipbeatbonaventura\/wp-json\/wp\/v2\/users\/16"}],"replies":[{"embeddable":true,"href":"https:\/\/agora.xtec.cat\/ceipbeatbonaventura\/wp-json\/wp\/v2\/comments?post=8279"}],"version-history":[{"count":2,"href":"https:\/\/agora.xtec.cat\/ceipbeatbonaventura\/wp-json\/wp\/v2\/posts\/8279\/revisions"}],"predecessor-version":[{"id":8282,"href":"https:\/\/agora.xtec.cat\/ceipbeatbonaventura\/wp-json\/wp\/v2\/posts\/8279\/revisions\/8282"}],"wp:attachment":[{"href":"https:\/\/agora.xtec.cat\/ceipbeatbonaventura\/wp-json\/wp\/v2\/media?parent=8279"}],"wp:term":[{"taxonomy":"category","embeddable":true,"href":"https:\/\/agora.xtec.cat\/ceipbeatbonaventura\/wp-json\/wp\/v2\/categories?post=8279"},{"taxonomy":"post_tag","embeddable":true,"href":"https:\/\/agora.xtec.cat\/ceipbeatbonaventura\/wp-json\/wp\/v2\/tags?post=8279"}],"curies":[{"name":"wp","href":"https:\/\/api.w.org\/{rel}","templated":true}]}}