{"id":8044,"date":"2025-03-11T10:32:11","date_gmt":"2025-03-11T09:32:11","guid":{"rendered":"https:\/\/agora.xtec.cat\/ceipbeatbonaventura\/?p=8044"},"modified":"2025-04-24T15:13:20","modified_gmt":"2025-04-24T13:13:20","slug":"calendari-preinscripcio-i-matricula-2025-26","status":"publish","type":"post","link":"https:\/\/agora.xtec.cat\/ceipbeatbonaventura\/general\/calendari-preinscripcio-i-matricula-2025-26\/","title":{"rendered":"Calendari preinscripci\u00f3 i matr\u00edcula 2025-26"},"content":{"rendered":"<p>&nbsp;<\/p>\n<table style=\"width: 102.027%; height: 296px;\">\n<tbody data-read-aloud-multi-block=\"true\">\n<tr style=\"background-color: #3248d9;\">\n<td style=\"width: 57.7763%; height: 43px;\">\n<h5><span style=\"color: #ffffff;\"><b>Fases de la preinscripci\u00f3<\/b><\/span><\/h5>\n<\/td>\n<td style=\"width: 15.5469%; height: 43px;\">\n<h5><span style=\"color: #ffffff;\"><b>Dates<\/b><\/span><\/h5>\n<\/td>\n<td style=\"width: 28.5921%; height: 43px;\">\n<h5><span style=\"color: #ffffff;\"><b>Documents<\/b><\/span><\/h5>\n<\/td>\n<\/tr>\n<tr style=\"height: 32px;\">\n<td style=\"width: 57.7763%; height: 10px;\"><span style=\"font-weight: 400;\">Publicaci\u00f3 de l\u2019oferta inicial<\/span><\/td>\n<td style=\"width: 15.5469%; height: 10px;\"><strong>11 de mar\u00e7<\/strong><\/td>\n<td style=\"width: 28.5921%; height: 10px;\"><a href=\"https:\/\/drive.google.com\/file\/d\/1kU3bdeVSBXpsAjwPyhWaysbd-wgEUYrP\/view?usp=sharing\" target=\"_blank\" rel=\"noopener\"><strong>Document<\/strong><\/a><\/td>\n<\/tr>\n<tr style=\"height: 48px;\">\n<td style=\"width: 57.7763%; height: 10px;\"><span style=\"font-weight: 400;\">Presentaci\u00f3 i\/o modificaci\u00f3 de sol\u00b7licituds 2n cicle Educaci\u00f3 Infantil i Prim\u00e0ria<\/span><\/td>\n<td style=\"width: 15.5469%; height: 10px;\"><strong>Del 12 al 26 de mar\u00e7<\/strong><\/td>\n<td style=\"width: 28.5921%; height: 10px;\"><a href=\"https:\/\/preinscripcio.gencat.cat\/ca\/estudis\/infantil-3-6\/preinscriute\/sollicitud\/\" target=\"_blank\" rel=\"noopener\"><span style=\"font-weight: 400;\"> <strong>Enlla\u00e7<\/strong><\/span><\/a><\/td>\n<\/tr>\n<tr style=\"height: 32px;\">\n<td style=\"width: 57.7763%; height: 10px;\">La documentaci\u00f3 que no hagis pogut adjuntar durant el per\u00edode de presentaci\u00f3 de sol\u00b7licituds, la pots afegir<\/td>\n<td style=\"width: 15.5469%; height: 10px;\"><strong>Fins 28 de mar\u00e7<\/strong><\/td>\n<td style=\"width: 28.5921%; height: 10px;\"><span style=\"font-weight: 400;\">\u00a0<\/span><\/td>\n<\/tr>\n<tr style=\"height: 32px;\">\n<td style=\"width: 57.7763%; height: 10px;\"><span style=\"font-weight: 400;\">Publicaci\u00f3 de la llista de sol\u00b7licituds amb la puntuaci\u00f3 provisional<\/span><\/td>\n<td style=\"width: 15.5469%; height: 10px;\"><strong>24 d\u2019abril<\/strong><\/td>\n<td style=\"width: 28.5921%; height: 10px;\"><a href=\"https:\/\/drive.google.com\/file\/d\/1FypF1lsPbyTgR41lgErWZr3H0TDQlvHl\/view?usp=sharing\" target=\"_blank\" rel=\"noopener\"><strong>Document<\/strong><\/a><\/td>\n<\/tr>\n<tr style=\"height: 32px;\">\n<td style=\"width: 57.7763%; height: 32px;\"><span style=\"font-weight: 400;\">Presentaci\u00f3 de reclamacions a la llista amb la puntuaci\u00f3 provisional<\/span><\/td>\n<td style=\"width: 15.5469%; height: 32px;\"><strong>Del 24 al 29 d\u2019abril<\/strong><\/td>\n<td style=\"width: 28.5921%; height: 32px;\"><span style=\"font-weight: 400;\">\u00a0<\/span><\/td>\n<\/tr>\n<tr style=\"height: 32px;\">\n<td style=\"width: 57.7763%; height: 32px;\"><span style=\"font-weight: 400;\">Publicaci\u00f3 de la llista amb la puntuaci\u00f3, resoltes les reclamacions<\/span><\/td>\n<td style=\"width: 15.5469%; height: 32px;\"><strong>5 de maig<\/strong><\/td>\n<td style=\"width: 28.5921%; height: 32px;\"><span style=\"font-weight: 400;\">Document<\/span><\/td>\n<\/tr>\n<tr style=\"height: 32px;\">\n<td style=\"width: 57.7763%; height: 10px;\"><span style=\"font-weight: 400;\">Sorteig<\/span><\/td>\n<td style=\"width: 15.5469%; height: 10px;\"><strong>8 de maig<\/strong><\/td>\n<td style=\"width: 28.5921%; height: 10px;\"><span style=\"font-weight: 400;\"> N\u00famero per determinar l\u2019ordre en cas d\u2019empat:<\/span><\/td>\n<\/tr>\n<tr style=\"height: 32px;\">\n<td style=\"width: 57.7763%; height: 32px;\"><span style=\"font-weight: 400;\">Publicaci\u00f3 de la llista ordenada<\/span><\/td>\n<td style=\"width: 15.5469%; height: 32px;\"><strong>9 de maig<\/strong><\/td>\n<td style=\"width: 28.5921%; height: 32px;\"><span style=\"font-weight: 400;\">Document<\/span><\/td>\n<\/tr>\n<tr style=\"height: 48px;\">\n<td style=\"width: 57.7763%; height: 48px;\">Ampliaci\u00f3 de peticions de preinscripci\u00f3 per a alumnes sense pla\u00e7a assignada a cap centre (assignaci\u00f3 d\u2019ofici)<\/td>\n<td style=\"width: 15.5469%; height: 48px;\"><strong>Del 4 de juny al 6 de juny<\/strong><\/td>\n<td style=\"width: 28.5921%; height: 48px;\"><span style=\"font-weight: 400;\">\u00a0<\/span><\/td>\n<\/tr>\n<tr style=\"height: 32px;\">\n<td style=\"width: 57.7763%; height: 32px;\"><span style=\"font-weight: 400;\">Publicaci\u00f3 de l\u2019oferta final<\/span><\/td>\n<td style=\"width: 15.5469%; height: 32px;\"><strong>16 de juny<\/strong><\/td>\n<td style=\"width: 28.5921%; height: 32px;\"><span style=\"font-weight: 400;\">Document<\/span><\/td>\n<\/tr>\n<tr style=\"height: 32px;\">\n<td style=\"width: 57.7763%; height: 10px;\"><span style=\"font-weight: 400;\">Publicaci\u00f3 de la llista d\u2019admesos i la llista d\u2019espera<\/span><\/td>\n<td style=\"width: 15.5469%; height: 10px;\"><strong>16 de juny<\/strong><\/td>\n<td style=\"width: 28.5921%; height: 10px;\"><span style=\"font-weight: 400;\">Document: Llista d\u2019admesos<\/span><\/p>\n<p>Document: Llista d\u2019espera<\/td>\n<\/tr>\n<tr style=\"height: 48px;\">\n<td style=\"width: 57.7763%; height: 17px;\"><span style=\"font-weight: 400;\">Per\u00edode de matriculaci\u00f3 de l\u2019Educaci\u00f3 Infantil, Prim\u00e0ria i ESO<\/span><\/td>\n<td style=\"width: 15.5469%; height: 17px;\"><strong>Del 25 de juny al 3 de juliol<\/strong><\/td>\n<td style=\"width: 28.5921%; height: 17px;\"><span style=\"font-weight: 400;\">\u00a0<\/span><\/td>\n<\/tr>\n<\/tbody>\n<\/table>\n","protected":false},"excerpt":{"rendered":"<p>&nbsp;<\/p>\n<p>Fases de la preinscripci\u00f3<\/p>\n<p>Dates<\/p>\n<p>Documents<\/p>\n<p>Publicaci\u00f3 de l\u2019oferta inicial<br \/>\n11 de mar\u00e7<br \/>\n<a href=\"https:\/\/drive.google.com\/file\/d\/1kU3bdeVSBXpsAjwPyhWaysbd-wgEUYrP\/view?usp=sharing\" target=\"_blank\" rel=\"noopener\">Document<\/a><\/p>\n<p>Presentaci\u00f3 i\/o modificaci\u00f3 de sol\u00b7licituds 2n cicle Educaci\u00f3 Infantil i Prim\u00e0ria<br \/>\nDel 12 al 26 de mar\u00e7<br \/>\n<a href=\"https:\/\/preinscripcio.gencat.cat\/ca\/estudis\/infantil-3-6\/preinscriute\/sollicitud\/\" target=\"_blank\" rel=\"noopener\"> Enlla\u00e7<\/a><\/p>\n<p>La documentaci\u00f3 que no hagis pogut adjuntar durant el per\u00edode de presentaci\u00f3 de sol\u00b7licituds, la&hellip;  <a href=\"https:\/\/agora.xtec.cat\/ceipbeatbonaventura\/general\/calendari-preinscripcio-i-matricula-2025-26\/\" title=\"Read Calendari preinscripci\u00f3 i matr\u00edcula 2025-26\">Llegeix m\u00e9s\u00bb<\/a><\/p>\n","protected":false},"author":1,"featured_media":8003,"comment_status":"open","ping_status":"closed","sticky":false,"template":"","format":"standard","meta":{"_bbp_topic_count":0,"_bbp_reply_count":0,"_bbp_total_topic_count":0,"_bbp_total_reply_count":0,"_bbp_voice_count":0,"_bbp_anonymous_reply_count":0,"_bbp_topic_count_hidden":0,"_bbp_reply_count_hidden":0,"_bbp_forum_subforum_count":0,"footnotes":""},"categories":[1,2,4,5],"tags":[987,70,536,535],"class_list":["post-8044","post","type-post","status-publish","format-standard","has-post-thumbnail","hentry","category-general","category-infantil","category-portada","category-primaria","tag-2025-26","tag-curs","tag-matricula","tag-preinscripcio"],"post_mailing_queue_ids":[],"_links":{"self":[{"href":"https:\/\/agora.xtec.cat\/ceipbeatbonaventura\/wp-json\/wp\/v2\/posts\/8044","targetHints":{"allow":["GET"]}}],"collection":[{"href":"https:\/\/agora.xtec.cat\/ceipbeatbonaventura\/wp-json\/wp\/v2\/posts"}],"about":[{"href":"https:\/\/agora.xtec.cat\/ceipbeatbonaventura\/wp-json\/wp\/v2\/types\/post"}],"author":[{"embeddable":true,"href":"https:\/\/agora.xtec.cat\/ceipbeatbonaventura\/wp-json\/wp\/v2\/users\/1"}],"replies":[{"embeddable":true,"href":"https:\/\/agora.xtec.cat\/ceipbeatbonaventura\/wp-json\/wp\/v2\/comments?post=8044"}],"version-history":[{"count":2,"href":"https:\/\/agora.xtec.cat\/ceipbeatbonaventura\/wp-json\/wp\/v2\/posts\/8044\/revisions"}],"predecessor-version":[{"id":8199,"href":"https:\/\/agora.xtec.cat\/ceipbeatbonaventura\/wp-json\/wp\/v2\/posts\/8044\/revisions\/8199"}],"wp:featuredmedia":[{"embeddable":true,"href":"https:\/\/agora.xtec.cat\/ceipbeatbonaventura\/wp-json\/wp\/v2\/media\/8003"}],"wp:attachment":[{"href":"https:\/\/agora.xtec.cat\/ceipbeatbonaventura\/wp-json\/wp\/v2\/media?parent=8044"}],"wp:term":[{"taxonomy":"category","embeddable":true,"href":"https:\/\/agora.xtec.cat\/ceipbeatbonaventura\/wp-json\/wp\/v2\/categories?post=8044"},{"taxonomy":"post_tag","embeddable":true,"href":"https:\/\/agora.xtec.cat\/ceipbeatbonaventura\/wp-json\/wp\/v2\/tags?post=8044"}],"curies":[{"name":"wp","href":"https:\/\/api.w.org\/{rel}","templated":true}]}}