{"id":7833,"date":"2024-12-13T16:44:23","date_gmt":"2024-12-13T15:44:23","guid":{"rendered":"https:\/\/agora.xtec.cat\/ceipbeatbonaventura\/?p=7833"},"modified":"2024-12-17T09:05:50","modified_gmt":"2024-12-17T08:05:50","slug":"aire-per-respirar-i-estimar-la-marato-de-3cat","status":"publish","type":"post","link":"https:\/\/agora.xtec.cat\/ceipbeatbonaventura\/general\/aire-per-respirar-i-estimar-la-marato-de-3cat\/","title":{"rendered":"Aire per respirar i estimar: La Marat\u00f3 de 3Cat"},"content":{"rendered":"<p dir=\"ltr\">Recaptaci\u00f3 final: 520\u20ac<\/p>\n<p dir=\"ltr\"><strong><span style=\"color: #003366;\">Aquest divendres 13 de desembre hem participat en una nova edici\u00f3 de la Marat\u00f3 destinada a les malalties respirat\u00f2ries.<\/span><\/strong><\/p>\n<p dir=\"ltr\"><strong><span style=\"color: #003366;\">Al mat\u00ed, tota l&#8217;escola, hem fet una activitat d&#8217;inflar globus i con\u00e8ixer la import\u00e0ncia de tenir un estil de vida saludable, practicar esport i adquirir uns bons h\u00e0bits per aconseguir el m\u00e0xim de capacitat pulmonar i poder conservar-la al llarg de la vida.<\/span><\/strong><\/p>\n<p dir=\"ltr\"><strong><span style=\"color: #003366;\">A la tarda hem organitzat la caminada i la rifa solid\u00e0ria per recaptar diners per ajudar a la investigaci\u00f3 cient\u00edfica de les malalties respirat\u00f2ries.<\/span><\/strong><\/p>\n<p dir=\"ltr\"><strong><span style=\"color: #333333;\">Moltes gr\u00e0cies a tots per la vostra col\u00b7laboraci\u00f3!<\/span><\/strong><\/p>\n<p dir=\"ltr\"><a href=\"https:\/\/photos.app.goo.gl\/jnro66RLCK4dsSp66\" target=\"_blank\" rel=\"noopener\"><img loading=\"lazy\" decoding=\"async\" class=\"alignnone size-medium wp-image-7845\" src=\"https:\/\/agora.xtec.cat\/ceipbeatbonaventura\/wp-content\/uploads\/usu343\/2024\/12\/PXL_20241213_105309186.MP_-226x300.jpg\" alt=\"\" width=\"226\" height=\"300\" srcset=\"https:\/\/agora.xtec.cat\/ceipbeatbonaventura\/wp-content\/uploads\/usu343\/2024\/12\/PXL_20241213_105309186.MP_-226x300.jpg 226w, https:\/\/agora.xtec.cat\/ceipbeatbonaventura\/wp-content\/uploads\/usu343\/2024\/12\/PXL_20241213_105309186.MP_.jpg 480w\" sizes=\"auto, (max-width: 226px) 100vw, 226px\" \/><\/a><\/p>\n","protected":false},"excerpt":{"rendered":"<p>Recaptaci\u00f3 final: 520\u20ac<br \/>\nAquest divendres 13 de desembre hem participat en una nova edici\u00f3 de la Marat\u00f3 destinada a les malalties respirat\u00f2ries.<br \/>\nAl mat\u00ed, tota l&#8217;escola, hem fet una activitat d&#8217;inflar globus i con\u00e8ixer la import\u00e0ncia de tenir un estil de vida saludable, practicar esport i adquirir&hellip;  <a href=\"https:\/\/agora.xtec.cat\/ceipbeatbonaventura\/general\/aire-per-respirar-i-estimar-la-marato-de-3cat\/\" title=\"Read Aire per respirar i estimar: La Marat\u00f3 de 3Cat\">Llegeix m\u00e9s\u00bb<\/a><\/p>\n","protected":false},"author":1,"featured_media":0,"comment_status":"open","ping_status":"closed","sticky":false,"template":"","format":"standard","meta":{"_bbp_topic_count":0,"_bbp_reply_count":0,"_bbp_total_topic_count":0,"_bbp_total_reply_count":0,"_bbp_voice_count":0,"_bbp_anonymous_reply_count":0,"_bbp_topic_count_hidden":0,"_bbp_reply_count_hidden":0,"_bbp_forum_subforum_count":0,"footnotes":""},"categories":[10,11,12,13,14,15,1,2,3,8,9,4,5],"tags":[163,969,359,970,360],"class_list":["post-7833","post","type-post","status-publish","format-standard","hentry","category-1r","category-2n","category-3r","category-4t","category-5e","category-6e","category-general","category-infantil","category-p3","category-p4","category-p5","category-portada","category-primaria","tag-caminada","tag-globus","tag-la-marato","tag-respirar","tag-tv3"],"post_mailing_queue_ids":[],"_links":{"self":[{"href":"https:\/\/agora.xtec.cat\/ceipbeatbonaventura\/wp-json\/wp\/v2\/posts\/7833","targetHints":{"allow":["GET"]}}],"collection":[{"href":"https:\/\/agora.xtec.cat\/ceipbeatbonaventura\/wp-json\/wp\/v2\/posts"}],"about":[{"href":"https:\/\/agora.xtec.cat\/ceipbeatbonaventura\/wp-json\/wp\/v2\/types\/post"}],"author":[{"embeddable":true,"href":"https:\/\/agora.xtec.cat\/ceipbeatbonaventura\/wp-json\/wp\/v2\/users\/1"}],"replies":[{"embeddable":true,"href":"https:\/\/agora.xtec.cat\/ceipbeatbonaventura\/wp-json\/wp\/v2\/comments?post=7833"}],"version-history":[{"count":6,"href":"https:\/\/agora.xtec.cat\/ceipbeatbonaventura\/wp-json\/wp\/v2\/posts\/7833\/revisions"}],"predecessor-version":[{"id":7850,"href":"https:\/\/agora.xtec.cat\/ceipbeatbonaventura\/wp-json\/wp\/v2\/posts\/7833\/revisions\/7850"}],"wp:attachment":[{"href":"https:\/\/agora.xtec.cat\/ceipbeatbonaventura\/wp-json\/wp\/v2\/media?parent=7833"}],"wp:term":[{"taxonomy":"category","embeddable":true,"href":"https:\/\/agora.xtec.cat\/ceipbeatbonaventura\/wp-json\/wp\/v2\/categories?post=7833"},{"taxonomy":"post_tag","embeddable":true,"href":"https:\/\/agora.xtec.cat\/ceipbeatbonaventura\/wp-json\/wp\/v2\/tags?post=7833"}],"curies":[{"name":"wp","href":"https:\/\/api.w.org\/{rel}","templated":true}]}}