{"id":7458,"date":"2024-04-19T15:28:25","date_gmt":"2024-04-19T13:28:25","guid":{"rendered":"https:\/\/agora.xtec.cat\/ceipbeatbonaventura\/?p=7458"},"modified":"2024-04-19T15:31:51","modified_gmt":"2024-04-19T13:31:51","slug":"final-del-certamen-de-lectura-en-veu-alta","status":"publish","type":"post","link":"https:\/\/agora.xtec.cat\/ceipbeatbonaventura\/general\/final-del-certamen-de-lectura-en-veu-alta\/","title":{"rendered":"Final del Certamen de Lectura en Veu Alta"},"content":{"rendered":"<p>Avui s&#8217;ha celebrat a Tarragona la final organitzada per La\u00a0Fundaci\u00f3 Enciclop\u00e8dia Catalana<strong>. <\/strong>Aqu\u00ed teniu els comentaris de la nostra alumna de <strong>6\u00e8 \u00c0frica M\u00e1laga<\/strong> que ha arribat a la final:<\/p>\n<p><span style=\"color: #33cccc;\">Passar de la semifinal i arribar a la final ha sigut una recompensa al meu esfor\u00e7. Sempre m&#8217;ha agradat llegir molt.<\/span><\/p>\n<p><span style=\"color: #33cccc;\">Avui l&#8217;acte de la final ha sigut una experi\u00e8ncia inolvidable, sempre m&#8217;enrecordar\u00e9! Tots ens mereix\u00edem guanyar! Felicitats i enorabona a tots!!!!<\/span><\/p>\n<p><span style=\"color: #33cccc;\">Us animo a llegir sempre i a seguir els vostres somnis.I que no falti mai la lectura en la vostra vida!<\/span><\/p>\n<p><span style=\"color: #33cccc;\"><em>\u00c0frica<\/em><\/span><\/p>\n<p><a href=\"https:\/\/agora.xtec.cat\/ceipbeatbonaventura\/wp-content\/uploads\/usu343\/2024\/04\/WhatsApp-Image-2024-04-19-at-12.57.05.jpeg\"><img loading=\"lazy\" decoding=\"async\" class=\"alignnone size-medium wp-image-7460\" src=\"https:\/\/agora.xtec.cat\/ceipbeatbonaventura\/wp-content\/uploads\/usu343\/2024\/04\/WhatsApp-Image-2024-04-19-at-12.57.05-226x300.jpeg\" alt=\"\" width=\"226\" height=\"300\" srcset=\"https:\/\/agora.xtec.cat\/ceipbeatbonaventura\/wp-content\/uploads\/usu343\/2024\/04\/WhatsApp-Image-2024-04-19-at-12.57.05-226x300.jpeg 226w, https:\/\/agora.xtec.cat\/ceipbeatbonaventura\/wp-content\/uploads\/usu343\/2024\/04\/WhatsApp-Image-2024-04-19-at-12.57.05-771x1024.jpeg 771w, https:\/\/agora.xtec.cat\/ceipbeatbonaventura\/wp-content\/uploads\/usu343\/2024\/04\/WhatsApp-Image-2024-04-19-at-12.57.05-768x1021.jpeg 768w, https:\/\/agora.xtec.cat\/ceipbeatbonaventura\/wp-content\/uploads\/usu343\/2024\/04\/WhatsApp-Image-2024-04-19-at-12.57.05-1156x1536.jpeg 1156w, https:\/\/agora.xtec.cat\/ceipbeatbonaventura\/wp-content\/uploads\/usu343\/2024\/04\/WhatsApp-Image-2024-04-19-at-12.57.05.jpeg 1204w\" sizes=\"auto, (max-width: 226px) 100vw, 226px\" \/><\/a><\/p>\n<p>&nbsp;<\/p>\n<p>&nbsp;<\/p>\n","protected":false},"excerpt":{"rendered":"<p>Avui s&#8217;ha celebrat a Tarragona la final organitzada per La\u00a0Fundaci\u00f3 Enciclop\u00e8dia Catalana. Aqu\u00ed teniu els comentaris de la nostra alumna de 6\u00e8 \u00c0frica M\u00e1laga que ha arribat a la final:<br \/>\nPassar de la semifinal i arribar a la final ha sigut una recompensa al meu esfor\u00e7.&hellip;  <a href=\"https:\/\/agora.xtec.cat\/ceipbeatbonaventura\/general\/final-del-certamen-de-lectura-en-veu-alta\/\" title=\"Read Final del Certamen de Lectura en Veu Alta\">Llegeix m\u00e9s\u00bb<\/a><\/p>\n","protected":false},"author":1,"featured_media":7460,"comment_status":"open","ping_status":"closed","sticky":false,"template":"","format":"standard","meta":{"_bbp_topic_count":0,"_bbp_reply_count":0,"_bbp_total_topic_count":0,"_bbp_total_reply_count":0,"_bbp_voice_count":0,"_bbp_anonymous_reply_count":0,"_bbp_topic_count_hidden":0,"_bbp_reply_count_hidden":0,"_bbp_forum_subforum_count":0,"footnotes":""},"categories":[15,1,4],"tags":[198,155,941],"class_list":["post-7458","post","type-post","status-publish","format-standard","has-post-thumbnail","hentry","category-6e","category-general","category-portada","tag-concurs","tag-lectura","tag-trragona"],"post_mailing_queue_ids":[],"_links":{"self":[{"href":"https:\/\/agora.xtec.cat\/ceipbeatbonaventura\/wp-json\/wp\/v2\/posts\/7458","targetHints":{"allow":["GET"]}}],"collection":[{"href":"https:\/\/agora.xtec.cat\/ceipbeatbonaventura\/wp-json\/wp\/v2\/posts"}],"about":[{"href":"https:\/\/agora.xtec.cat\/ceipbeatbonaventura\/wp-json\/wp\/v2\/types\/post"}],"author":[{"embeddable":true,"href":"https:\/\/agora.xtec.cat\/ceipbeatbonaventura\/wp-json\/wp\/v2\/users\/1"}],"replies":[{"embeddable":true,"href":"https:\/\/agora.xtec.cat\/ceipbeatbonaventura\/wp-json\/wp\/v2\/comments?post=7458"}],"version-history":[{"count":5,"href":"https:\/\/agora.xtec.cat\/ceipbeatbonaventura\/wp-json\/wp\/v2\/posts\/7458\/revisions"}],"predecessor-version":[{"id":7464,"href":"https:\/\/agora.xtec.cat\/ceipbeatbonaventura\/wp-json\/wp\/v2\/posts\/7458\/revisions\/7464"}],"wp:featuredmedia":[{"embeddable":true,"href":"https:\/\/agora.xtec.cat\/ceipbeatbonaventura\/wp-json\/wp\/v2\/media\/7460"}],"wp:attachment":[{"href":"https:\/\/agora.xtec.cat\/ceipbeatbonaventura\/wp-json\/wp\/v2\/media?parent=7458"}],"wp:term":[{"taxonomy":"category","embeddable":true,"href":"https:\/\/agora.xtec.cat\/ceipbeatbonaventura\/wp-json\/wp\/v2\/categories?post=7458"},{"taxonomy":"post_tag","embeddable":true,"href":"https:\/\/agora.xtec.cat\/ceipbeatbonaventura\/wp-json\/wp\/v2\/tags?post=7458"}],"curies":[{"name":"wp","href":"https:\/\/api.w.org\/{rel}","templated":true}]}}