{"id":7407,"date":"2024-04-04T09:14:43","date_gmt":"2024-04-04T07:14:43","guid":{"rendered":"https:\/\/agora.xtec.cat\/ceipbeatbonaventura\/?p=7407"},"modified":"2024-04-04T09:16:52","modified_gmt":"2024-04-04T07:16:52","slug":"inauguracio-42a-edicio-de-lolimpiada-escolar-a-reus","status":"publish","type":"post","link":"https:\/\/agora.xtec.cat\/ceipbeatbonaventura\/general\/inauguracio-42a-edicio-de-lolimpiada-escolar-a-reus\/","title":{"rendered":"Inauguraci\u00f3 42a edici\u00f3 de l&#8217;Olimp\u00edada Escolar a Reus"},"content":{"rendered":"<p><strong><span style=\"color: #800000;\">Dimecres 3 d&#8217;abril, al Teatre Bartrina de Reus, es va fer la cerim\u00f2nia inaugural de l\u2019Olimp\u00edada Escolar 2024. <\/span><span style=\"color: #800000; font-family: inherit; font-size: 1em;\">Els capitans de l&#8217;escola, el V\u00edctor Antequera i la Txell Torres de 6\u00e8, van participar en el recorregut de la torxa pels carrers de la ciutat i l\u2019encesa del peveter.<\/span><\/strong><\/p>\n<p><span style=\"color: #0000ff;\"><strong>Durant l&#8217;acte es va fer presentaci\u00f3 del cartell de la present edici\u00f3 que ha creat el nostre alumne Gerard Capdevila.<\/strong><\/span><\/p>\n<p><strong><span style=\"color: #339966;\">L&#8217;escola participar\u00e0 en les seg\u00fcents modaltitats esportives:<\/span><\/strong><\/p>\n<p>\u2022 Futbol 7<br \/>\n\u2022 Futbol sala<br \/>\n\u2022 Escacs<br \/>\n\u2022 Gimn\u00e0stica r\u00edtmica<br \/>\n\u2022 P\u00e0del<br \/>\n\u2022 Atletisme<\/p>\n<p><strong>Molta sort a tots!!!<\/strong><\/p>\n<p><a href=\"https:\/\/agora.xtec.cat\/ceipbeatbonaventura\/wp-content\/uploads\/usu343\/2024\/04\/WhatsApp-Image-2024-04-03-at-7.59.56-PM.jpeg\"><img loading=\"lazy\" decoding=\"async\" class=\"alignnone wp-image-7409 size-large\" src=\"https:\/\/agora.xtec.cat\/ceipbeatbonaventura\/wp-content\/uploads\/usu343\/2024\/04\/WhatsApp-Image-2024-04-03-at-7.59.56-PM-771x1024.jpeg\" alt=\"\" width=\"771\" height=\"1024\" srcset=\"https:\/\/agora.xtec.cat\/ceipbeatbonaventura\/wp-content\/uploads\/usu343\/2024\/04\/WhatsApp-Image-2024-04-03-at-7.59.56-PM-771x1024.jpeg 771w, https:\/\/agora.xtec.cat\/ceipbeatbonaventura\/wp-content\/uploads\/usu343\/2024\/04\/WhatsApp-Image-2024-04-03-at-7.59.56-PM-226x300.jpeg 226w, https:\/\/agora.xtec.cat\/ceipbeatbonaventura\/wp-content\/uploads\/usu343\/2024\/04\/WhatsApp-Image-2024-04-03-at-7.59.56-PM-768x1021.jpeg 768w, https:\/\/agora.xtec.cat\/ceipbeatbonaventura\/wp-content\/uploads\/usu343\/2024\/04\/WhatsApp-Image-2024-04-03-at-7.59.56-PM-1156x1536.jpeg 1156w, https:\/\/agora.xtec.cat\/ceipbeatbonaventura\/wp-content\/uploads\/usu343\/2024\/04\/WhatsApp-Image-2024-04-03-at-7.59.56-PM.jpeg 1204w\" sizes=\"auto, (max-width: 771px) 100vw, 771px\" \/><\/a> <a href=\"https:\/\/agora.xtec.cat\/ceipbeatbonaventura\/wp-content\/uploads\/usu343\/2024\/04\/WhatsApp-Image-2024-04-03-at-10.28.25-PM.jpeg\"><img loading=\"lazy\" decoding=\"async\" class=\"alignnone wp-image-7410 size-large\" src=\"https:\/\/agora.xtec.cat\/ceipbeatbonaventura\/wp-content\/uploads\/usu343\/2024\/04\/WhatsApp-Image-2024-04-03-at-10.28.25-PM-771x1024.jpeg\" alt=\"\" width=\"771\" height=\"1024\" srcset=\"https:\/\/agora.xtec.cat\/ceipbeatbonaventura\/wp-content\/uploads\/usu343\/2024\/04\/WhatsApp-Image-2024-04-03-at-10.28.25-PM-771x1024.jpeg 771w, https:\/\/agora.xtec.cat\/ceipbeatbonaventura\/wp-content\/uploads\/usu343\/2024\/04\/WhatsApp-Image-2024-04-03-at-10.28.25-PM-226x300.jpeg 226w, https:\/\/agora.xtec.cat\/ceipbeatbonaventura\/wp-content\/uploads\/usu343\/2024\/04\/WhatsApp-Image-2024-04-03-at-10.28.25-PM-768x1020.jpeg 768w, https:\/\/agora.xtec.cat\/ceipbeatbonaventura\/wp-content\/uploads\/usu343\/2024\/04\/WhatsApp-Image-2024-04-03-at-10.28.25-PM-1157x1536.jpeg 1157w, https:\/\/agora.xtec.cat\/ceipbeatbonaventura\/wp-content\/uploads\/usu343\/2024\/04\/WhatsApp-Image-2024-04-03-at-10.28.25-PM.jpeg 1536w\" sizes=\"auto, (max-width: 771px) 100vw, 771px\" \/><\/a><\/p>\n","protected":false},"excerpt":{"rendered":"<p>Dimecres 3 d&#8217;abril, al Teatre Bartrina de Reus, es va fer la cerim\u00f2nia inaugural de l\u2019Olimp\u00edada Escolar 2024. Els capitans de l&#8217;escola, el V\u00edctor Antequera i la Txell Torres de 6\u00e8, van participar en el recorregut de la torxa pels carrers de la ciutat i&hellip;  <a href=\"https:\/\/agora.xtec.cat\/ceipbeatbonaventura\/general\/inauguracio-42a-edicio-de-lolimpiada-escolar-a-reus\/\" title=\"Read Inauguraci\u00f3 42a edici\u00f3 de l&#8217;Olimp\u00edada Escolar a Reus\">Llegeix m\u00e9s\u00bb<\/a><\/p>\n","protected":false},"author":1,"featured_media":7408,"comment_status":"open","ping_status":"closed","sticky":false,"template":"","format":"standard","meta":{"_bbp_topic_count":0,"_bbp_reply_count":0,"_bbp_total_topic_count":0,"_bbp_total_reply_count":0,"_bbp_voice_count":0,"_bbp_anonymous_reply_count":0,"_bbp_topic_count_hidden":0,"_bbp_reply_count_hidden":0,"_bbp_forum_subforum_count":0,"footnotes":""},"categories":[12,13,14,15,1,4,5],"tags":[934,124,235,933,171],"class_list":["post-7407","post","type-post","status-publish","format-standard","has-post-thumbnail","hentry","category-3r","category-4t","category-5e","category-6e","category-general","category-portada","category-primaria","tag-capitans","tag-ef","tag-esport","tag-olimpiada-escolar","tag-reus"],"post_mailing_queue_ids":[],"_links":{"self":[{"href":"https:\/\/agora.xtec.cat\/ceipbeatbonaventura\/wp-json\/wp\/v2\/posts\/7407","targetHints":{"allow":["GET"]}}],"collection":[{"href":"https:\/\/agora.xtec.cat\/ceipbeatbonaventura\/wp-json\/wp\/v2\/posts"}],"about":[{"href":"https:\/\/agora.xtec.cat\/ceipbeatbonaventura\/wp-json\/wp\/v2\/types\/post"}],"author":[{"embeddable":true,"href":"https:\/\/agora.xtec.cat\/ceipbeatbonaventura\/wp-json\/wp\/v2\/users\/1"}],"replies":[{"embeddable":true,"href":"https:\/\/agora.xtec.cat\/ceipbeatbonaventura\/wp-json\/wp\/v2\/comments?post=7407"}],"version-history":[{"count":2,"href":"https:\/\/agora.xtec.cat\/ceipbeatbonaventura\/wp-json\/wp\/v2\/posts\/7407\/revisions"}],"predecessor-version":[{"id":7412,"href":"https:\/\/agora.xtec.cat\/ceipbeatbonaventura\/wp-json\/wp\/v2\/posts\/7407\/revisions\/7412"}],"wp:featuredmedia":[{"embeddable":true,"href":"https:\/\/agora.xtec.cat\/ceipbeatbonaventura\/wp-json\/wp\/v2\/media\/7408"}],"wp:attachment":[{"href":"https:\/\/agora.xtec.cat\/ceipbeatbonaventura\/wp-json\/wp\/v2\/media?parent=7407"}],"wp:term":[{"taxonomy":"category","embeddable":true,"href":"https:\/\/agora.xtec.cat\/ceipbeatbonaventura\/wp-json\/wp\/v2\/categories?post=7407"},{"taxonomy":"post_tag","embeddable":true,"href":"https:\/\/agora.xtec.cat\/ceipbeatbonaventura\/wp-json\/wp\/v2\/tags?post=7407"}],"curies":[{"name":"wp","href":"https:\/\/api.w.org\/{rel}","templated":true}]}}