{"id":7331,"date":"2024-03-13T08:43:46","date_gmt":"2024-03-13T07:43:46","guid":{"rendered":"https:\/\/agora.xtec.cat\/ceipbeatbonaventura\/?p=7331"},"modified":"2024-03-13T08:43:46","modified_gmt":"2024-03-13T07:43:46","slug":"fem-mates-2024","status":"publish","type":"post","link":"https:\/\/agora.xtec.cat\/ceipbeatbonaventura\/general\/fem-mates-2024\/","title":{"rendered":"Fem mates 2024"},"content":{"rendered":"<h6><span style=\"color: #333399;\">Els nostres alumnes han participat per primera vegada a l&#8217;activitat &#8220;Fem Mates&#8221;, que organitza la Federaci\u00f3 d&#8217;Entitats per l&#8217;Ensenyament de les Matem\u00e0tiques a Catalunya. \u00c9s un concurs de matem\u00e0tiques on es pret\u00e9n fomentar el raonament i la comunicaci\u00f3 matem\u00e0tics i el treball el grup.<\/span><\/h6>\n<h6><span style=\"color: #333399;\">Vam fer una selecci\u00f3 i vam enviar al concurs dos grups, un de 5\u00e8 i un de 6\u00e8, que han quedat seleccionats per a la fase provincial, que enguany se celebra a Riudoms.<\/span><\/h6>\n<h6><span style=\"color: #333399;\">La seg\u00fcent fase \u00e9s a nivell de tota Catalunya, i hi esperem arribar! Donem l&#8217;enhorabona a:<\/span><\/h6>\n<h6><span style=\"color: #333333;\"><em>Carla Martos, Noa Risalde, Pol Fontgivell, Guillem Gispert, V\u00edctor Antequera, Pau Casas, D\u00eddac Cruset i Enoc Trescastro.<\/em><\/span><\/h6>\n<h6>Endavant i cap a la tercera fase!<\/h6>\n<p><a href=\"https:\/\/agora.xtec.cat\/ceipbeatbonaventura\/wp-content\/uploads\/usu343\/2024\/03\/IMG_1103.jpg\"><img loading=\"lazy\" decoding=\"async\" class=\"alignnone size-full wp-image-7332\" src=\"https:\/\/agora.xtec.cat\/ceipbeatbonaventura\/wp-content\/uploads\/usu343\/2024\/03\/IMG_1103.jpg\" alt=\"\" width=\"640\" height=\"480\" srcset=\"https:\/\/agora.xtec.cat\/ceipbeatbonaventura\/wp-content\/uploads\/usu343\/2024\/03\/IMG_1103.jpg 640w, https:\/\/agora.xtec.cat\/ceipbeatbonaventura\/wp-content\/uploads\/usu343\/2024\/03\/IMG_1103-300x225.jpg 300w, https:\/\/agora.xtec.cat\/ceipbeatbonaventura\/wp-content\/uploads\/usu343\/2024\/03\/IMG_1103-200x150.jpg 200w\" sizes=\"auto, (max-width: 640px) 100vw, 640px\" \/><\/a> <a href=\"https:\/\/agora.xtec.cat\/ceipbeatbonaventura\/wp-content\/uploads\/usu343\/2024\/03\/IMG_1106.jpg\"><img loading=\"lazy\" decoding=\"async\" class=\"alignnone size-full wp-image-7333\" src=\"https:\/\/agora.xtec.cat\/ceipbeatbonaventura\/wp-content\/uploads\/usu343\/2024\/03\/IMG_1106.jpg\" alt=\"\" width=\"640\" height=\"480\" srcset=\"https:\/\/agora.xtec.cat\/ceipbeatbonaventura\/wp-content\/uploads\/usu343\/2024\/03\/IMG_1106.jpg 640w, https:\/\/agora.xtec.cat\/ceipbeatbonaventura\/wp-content\/uploads\/usu343\/2024\/03\/IMG_1106-300x225.jpg 300w, https:\/\/agora.xtec.cat\/ceipbeatbonaventura\/wp-content\/uploads\/usu343\/2024\/03\/IMG_1106-200x150.jpg 200w\" sizes=\"auto, (max-width: 640px) 100vw, 640px\" \/><\/a><\/p>\n","protected":false},"excerpt":{"rendered":"<p>Els nostres alumnes han participat per primera vegada a l&#8217;activitat &#8220;Fem Mates&#8221;, que organitza la Federaci\u00f3 d&#8217;Entitats per l&#8217;Ensenyament de les Matem\u00e0tiques a Catalunya. \u00c9s un concurs de matem\u00e0tiques on es pret\u00e9n fomentar el raonament i la comunicaci\u00f3 matem\u00e0tics i el treball el grup.<br \/>\nVam fer&hellip;  <a href=\"https:\/\/agora.xtec.cat\/ceipbeatbonaventura\/general\/fem-mates-2024\/\" title=\"Read Fem mates 2024\">Llegeix m\u00e9s\u00bb<\/a><\/p>\n","protected":false},"author":1,"featured_media":0,"comment_status":"open","ping_status":"closed","sticky":false,"template":"","format":"standard","meta":{"_bbp_topic_count":0,"_bbp_reply_count":0,"_bbp_total_topic_count":0,"_bbp_total_reply_count":0,"_bbp_voice_count":0,"_bbp_anonymous_reply_count":0,"_bbp_topic_count_hidden":0,"_bbp_reply_count_hidden":0,"_bbp_forum_subforum_count":0,"footnotes":""},"categories":[14,15,1,4,5],"tags":[924,925],"class_list":["post-7331","post","type-post","status-publish","format-standard","hentry","category-5e","category-6e","category-general","category-portada","category-primaria","tag-fem-mates","tag-problemes"],"post_mailing_queue_ids":[],"_links":{"self":[{"href":"https:\/\/agora.xtec.cat\/ceipbeatbonaventura\/wp-json\/wp\/v2\/posts\/7331","targetHints":{"allow":["GET"]}}],"collection":[{"href":"https:\/\/agora.xtec.cat\/ceipbeatbonaventura\/wp-json\/wp\/v2\/posts"}],"about":[{"href":"https:\/\/agora.xtec.cat\/ceipbeatbonaventura\/wp-json\/wp\/v2\/types\/post"}],"author":[{"embeddable":true,"href":"https:\/\/agora.xtec.cat\/ceipbeatbonaventura\/wp-json\/wp\/v2\/users\/1"}],"replies":[{"embeddable":true,"href":"https:\/\/agora.xtec.cat\/ceipbeatbonaventura\/wp-json\/wp\/v2\/comments?post=7331"}],"version-history":[{"count":1,"href":"https:\/\/agora.xtec.cat\/ceipbeatbonaventura\/wp-json\/wp\/v2\/posts\/7331\/revisions"}],"predecessor-version":[{"id":7334,"href":"https:\/\/agora.xtec.cat\/ceipbeatbonaventura\/wp-json\/wp\/v2\/posts\/7331\/revisions\/7334"}],"wp:attachment":[{"href":"https:\/\/agora.xtec.cat\/ceipbeatbonaventura\/wp-json\/wp\/v2\/media?parent=7331"}],"wp:term":[{"taxonomy":"category","embeddable":true,"href":"https:\/\/agora.xtec.cat\/ceipbeatbonaventura\/wp-json\/wp\/v2\/categories?post=7331"},{"taxonomy":"post_tag","embeddable":true,"href":"https:\/\/agora.xtec.cat\/ceipbeatbonaventura\/wp-json\/wp\/v2\/tags?post=7331"}],"curies":[{"name":"wp","href":"https:\/\/api.w.org\/{rel}","templated":true}]}}