{"id":7297,"date":"2024-03-07T09:18:52","date_gmt":"2024-03-07T08:18:52","guid":{"rendered":"https:\/\/agora.xtec.cat\/ceipbeatbonaventura\/?p=7297"},"modified":"2024-03-07T09:18:52","modified_gmt":"2024-03-07T08:18:52","slug":"semifinal-certamen-de-lectura-en-veu-alta","status":"publish","type":"post","link":"https:\/\/agora.xtec.cat\/ceipbeatbonaventura\/general\/semifinal-certamen-de-lectura-en-veu-alta\/","title":{"rendered":"Semifinal Certamen de Lectura en Veu Alta"},"content":{"rendered":"<h6>L&#8217;\u00c8ric Camp\u00ed\u00f1ez de 4B i l&#8217;\u00c0frica M\u00e1laga de 6B han participat en la nova edici\u00f3 de la semifinal del Certamen del Lectura Escolar en Veu Alta que s&#8217;ha dut a terme al Teatre Bartrina de Reus.<\/h6>\n<h6>Tots dos han fet una excel\u00b7lent lectura.<\/h6>\n<h6>L&#8217;\u00c0frica ha estat seleccionada per a la final que es dur\u00e0 a terme properarment. Molta sort i a seguir llegint!<\/h6>\n<p><a href=\"https:\/\/agora.xtec.cat\/ceipbeatbonaventura\/wp-content\/uploads\/usu343\/2024\/03\/IMG_1051-scaled.jpg\"><img loading=\"lazy\" decoding=\"async\" class=\"alignnone wp-image-7306 size-medium\" src=\"https:\/\/agora.xtec.cat\/ceipbeatbonaventura\/wp-content\/uploads\/usu343\/2024\/03\/IMG_1051-scaled-e1709799429990-204x300.jpg\" alt=\"\" width=\"204\" height=\"300\" srcset=\"https:\/\/agora.xtec.cat\/ceipbeatbonaventura\/wp-content\/uploads\/usu343\/2024\/03\/IMG_1051-scaled-e1709799429990-204x300.jpg 204w, https:\/\/agora.xtec.cat\/ceipbeatbonaventura\/wp-content\/uploads\/usu343\/2024\/03\/IMG_1051-scaled-e1709799429990-697x1024.jpg 697w, https:\/\/agora.xtec.cat\/ceipbeatbonaventura\/wp-content\/uploads\/usu343\/2024\/03\/IMG_1051-scaled-e1709799429990-768x1129.jpg 768w, https:\/\/agora.xtec.cat\/ceipbeatbonaventura\/wp-content\/uploads\/usu343\/2024\/03\/IMG_1051-scaled-e1709799429990-1045x1536.jpg 1045w, https:\/\/agora.xtec.cat\/ceipbeatbonaventura\/wp-content\/uploads\/usu343\/2024\/03\/IMG_1051-scaled-e1709799429990-1394x2048.jpg 1394w, https:\/\/agora.xtec.cat\/ceipbeatbonaventura\/wp-content\/uploads\/usu343\/2024\/03\/IMG_1051-scaled-e1709799429990.jpg 1742w\" sizes=\"auto, (max-width: 204px) 100vw, 204px\" \/><\/a> <a href=\"https:\/\/agora.xtec.cat\/ceipbeatbonaventura\/wp-content\/uploads\/usu343\/2024\/03\/IMG_1054-scaled.jpg\"><img loading=\"lazy\" decoding=\"async\" class=\"alignnone wp-image-7307 size-medium\" src=\"https:\/\/agora.xtec.cat\/ceipbeatbonaventura\/wp-content\/uploads\/usu343\/2024\/03\/IMG_1054-scaled-e1709799449192-171x300.jpg\" alt=\"\" width=\"171\" height=\"300\" srcset=\"https:\/\/agora.xtec.cat\/ceipbeatbonaventura\/wp-content\/uploads\/usu343\/2024\/03\/IMG_1054-scaled-e1709799449192-171x300.jpg 171w, https:\/\/agora.xtec.cat\/ceipbeatbonaventura\/wp-content\/uploads\/usu343\/2024\/03\/IMG_1054-scaled-e1709799449192-584x1024.jpg 584w, https:\/\/agora.xtec.cat\/ceipbeatbonaventura\/wp-content\/uploads\/usu343\/2024\/03\/IMG_1054-scaled-e1709799449192-768x1346.jpg 768w, https:\/\/agora.xtec.cat\/ceipbeatbonaventura\/wp-content\/uploads\/usu343\/2024\/03\/IMG_1054-scaled-e1709799449192-877x1536.jpg 877w, https:\/\/agora.xtec.cat\/ceipbeatbonaventura\/wp-content\/uploads\/usu343\/2024\/03\/IMG_1054-scaled-e1709799449192-1169x2048.jpg 1169w, https:\/\/agora.xtec.cat\/ceipbeatbonaventura\/wp-content\/uploads\/usu343\/2024\/03\/IMG_1054-scaled-e1709799449192.jpg 1461w\" sizes=\"auto, (max-width: 171px) 100vw, 171px\" \/><\/a><\/p>\n","protected":false},"excerpt":{"rendered":"<p>L&#8217;\u00c8ric Camp\u00ed\u00f1ez de 4B i l&#8217;\u00c0frica M\u00e1laga de 6B han participat en la nova edici\u00f3 de la semifinal del Certamen del Lectura Escolar en Veu Alta que s&#8217;ha dut a terme al Teatre Bartrina de Reus.<br \/>\nTots dos han fet una excel\u00b7lent lectura.<br \/>\nL&#8217;\u00c0frica ha estat seleccionada&hellip;  <a href=\"https:\/\/agora.xtec.cat\/ceipbeatbonaventura\/general\/semifinal-certamen-de-lectura-en-veu-alta\/\" title=\"Read Semifinal Certamen de Lectura en Veu Alta\">Llegeix m\u00e9s\u00bb<\/a><\/p>\n","protected":false},"author":1,"featured_media":7308,"comment_status":"open","ping_status":"closed","sticky":false,"template":"","format":"standard","meta":{"_bbp_topic_count":0,"_bbp_reply_count":0,"_bbp_total_topic_count":0,"_bbp_total_reply_count":0,"_bbp_voice_count":0,"_bbp_anonymous_reply_count":0,"_bbp_topic_count_hidden":0,"_bbp_reply_count_hidden":0,"_bbp_forum_subforum_count":0,"footnotes":""},"categories":[13,15,1,4,5],"tags":[402,155],"class_list":["post-7297","post","type-post","status-publish","format-standard","has-post-thumbnail","hentry","category-4t","category-6e","category-general","category-portada","category-primaria","tag-clva","tag-lectura"],"post_mailing_queue_ids":[],"_links":{"self":[{"href":"https:\/\/agora.xtec.cat\/ceipbeatbonaventura\/wp-json\/wp\/v2\/posts\/7297","targetHints":{"allow":["GET"]}}],"collection":[{"href":"https:\/\/agora.xtec.cat\/ceipbeatbonaventura\/wp-json\/wp\/v2\/posts"}],"about":[{"href":"https:\/\/agora.xtec.cat\/ceipbeatbonaventura\/wp-json\/wp\/v2\/types\/post"}],"author":[{"embeddable":true,"href":"https:\/\/agora.xtec.cat\/ceipbeatbonaventura\/wp-json\/wp\/v2\/users\/1"}],"replies":[{"embeddable":true,"href":"https:\/\/agora.xtec.cat\/ceipbeatbonaventura\/wp-json\/wp\/v2\/comments?post=7297"}],"version-history":[{"count":6,"href":"https:\/\/agora.xtec.cat\/ceipbeatbonaventura\/wp-json\/wp\/v2\/posts\/7297\/revisions"}],"predecessor-version":[{"id":7309,"href":"https:\/\/agora.xtec.cat\/ceipbeatbonaventura\/wp-json\/wp\/v2\/posts\/7297\/revisions\/7309"}],"wp:featuredmedia":[{"embeddable":true,"href":"https:\/\/agora.xtec.cat\/ceipbeatbonaventura\/wp-json\/wp\/v2\/media\/7308"}],"wp:attachment":[{"href":"https:\/\/agora.xtec.cat\/ceipbeatbonaventura\/wp-json\/wp\/v2\/media?parent=7297"}],"wp:term":[{"taxonomy":"category","embeddable":true,"href":"https:\/\/agora.xtec.cat\/ceipbeatbonaventura\/wp-json\/wp\/v2\/categories?post=7297"},{"taxonomy":"post_tag","embeddable":true,"href":"https:\/\/agora.xtec.cat\/ceipbeatbonaventura\/wp-json\/wp\/v2\/tags?post=7297"}],"curies":[{"name":"wp","href":"https:\/\/api.w.org\/{rel}","templated":true}]}}