{"id":6614,"date":"2023-04-21T12:51:58","date_gmt":"2023-04-21T10:51:58","guid":{"rendered":"https:\/\/agora.xtec.cat\/ceipbeatbonaventura\/?p=6614"},"modified":"2023-04-21T12:51:58","modified_gmt":"2023-04-21T10:51:58","slug":"ens-posem-en-marxa-sobre-rodes","status":"publish","type":"post","link":"https:\/\/agora.xtec.cat\/ceipbeatbonaventura\/general\/ens-posem-en-marxa-sobre-rodes\/","title":{"rendered":"Ens posem en marxa sobre rodes"},"content":{"rendered":"<p>Un any m\u00e9s, hem celebrat el <a href=\"https:\/\/esport.gencat.cat\/ca\/arees_dactuacio\/activitat-fisica-i-salut\/dia-mundial-de-lactivitat-fisica-dmaf-6-dabril\/\">Dia Mundial de l\u2019Activitat F\u00edsica (<\/a>DMAF) amb l\u2019objectiu de promoure un estil de vida actiu. El lema d\u2019enguany \u00e9s\u00a0<strong>\u201cGaudeix la vida, posa\u2019t en marxa\u201d.<\/strong><\/p>\n<p>Durant la setmana, l&#8217;alumnat de Prim\u00e0ria ha realitzat una sessi\u00f3 sobre rodes a l&#8217;hora d&#8217;educaci\u00f3 f\u00edsica.<\/p>\n<p><a href=\"https:\/\/photos.app.goo.gl\/8T1TVvPJTusqee4n7\" target=\"_blank\" rel=\"noopener\"><img loading=\"lazy\" decoding=\"async\" class=\"alignnone size-medium wp-image-6631\" src=\"https:\/\/agora.xtec.cat\/ceipbeatbonaventura\/wp-content\/uploads\/usu343\/2023\/04\/IMG_9972-300x225.jpg\" alt=\"\" width=\"300\" height=\"225\" srcset=\"https:\/\/agora.xtec.cat\/ceipbeatbonaventura\/wp-content\/uploads\/usu343\/2023\/04\/IMG_9972-300x225.jpg 300w, https:\/\/agora.xtec.cat\/ceipbeatbonaventura\/wp-content\/uploads\/usu343\/2023\/04\/IMG_9972-1024x768.jpg 1024w, https:\/\/agora.xtec.cat\/ceipbeatbonaventura\/wp-content\/uploads\/usu343\/2023\/04\/IMG_9972-768x576.jpg 768w, https:\/\/agora.xtec.cat\/ceipbeatbonaventura\/wp-content\/uploads\/usu343\/2023\/04\/IMG_9972-1536x1152.jpg 1536w, https:\/\/agora.xtec.cat\/ceipbeatbonaventura\/wp-content\/uploads\/usu343\/2023\/04\/IMG_9972-2048x1536.jpg 2048w, https:\/\/agora.xtec.cat\/ceipbeatbonaventura\/wp-content\/uploads\/usu343\/2023\/04\/IMG_9972-200x150.jpg 200w\" sizes=\"auto, (max-width: 300px) 100vw, 300px\" \/><\/a><\/p>\n<p>&nbsp;<\/p>\n","protected":false},"excerpt":{"rendered":"<p>Un any m\u00e9s, hem celebrat el <a href=\"https:\/\/esport.gencat.cat\/ca\/arees_dactuacio\/activitat-fisica-i-salut\/dia-mundial-de-lactivitat-fisica-dmaf-6-dabril\/\">Dia Mundial de l\u2019Activitat F\u00edsica (<\/a>DMAF) amb l\u2019objectiu de promoure un estil de vida actiu. El lema d\u2019enguany \u00e9s\u00a0\u201cGaudeix la vida, posa\u2019t en marxa\u201d.<br \/>\nDurant la setmana, l&#8217;alumnat de Prim\u00e0ria ha realitzat una sessi\u00f3 sobre rodes a l&#8217;hora d&#8217;educaci\u00f3&hellip;  <a href=\"https:\/\/agora.xtec.cat\/ceipbeatbonaventura\/general\/ens-posem-en-marxa-sobre-rodes\/\" title=\"Read Ens posem en marxa sobre rodes\">Llegeix m\u00e9s\u00bb<\/a><\/p>\n","protected":false},"author":1,"featured_media":0,"comment_status":"open","ping_status":"closed","sticky":false,"template":"","format":"standard","meta":{"_bbp_topic_count":0,"_bbp_reply_count":0,"_bbp_total_topic_count":0,"_bbp_total_reply_count":0,"_bbp_voice_count":0,"_bbp_anonymous_reply_count":0,"_bbp_topic_count_hidden":0,"_bbp_reply_count_hidden":0,"_bbp_forum_subforum_count":0,"footnotes":""},"categories":[10,11,12,13,14,15,1,4,5],"tags":[844,663,124,843],"class_list":["post-6614","post","type-post","status-publish","format-standard","hentry","category-1r","category-2n","category-3r","category-4t","category-5e","category-6e","category-general","category-portada","category-primaria","tag-6-abril","tag-dmaf","tag-ef","tag-vida-activa"],"post_mailing_queue_ids":[],"_links":{"self":[{"href":"https:\/\/agora.xtec.cat\/ceipbeatbonaventura\/wp-json\/wp\/v2\/posts\/6614","targetHints":{"allow":["GET"]}}],"collection":[{"href":"https:\/\/agora.xtec.cat\/ceipbeatbonaventura\/wp-json\/wp\/v2\/posts"}],"about":[{"href":"https:\/\/agora.xtec.cat\/ceipbeatbonaventura\/wp-json\/wp\/v2\/types\/post"}],"author":[{"embeddable":true,"href":"https:\/\/agora.xtec.cat\/ceipbeatbonaventura\/wp-json\/wp\/v2\/users\/1"}],"replies":[{"embeddable":true,"href":"https:\/\/agora.xtec.cat\/ceipbeatbonaventura\/wp-json\/wp\/v2\/comments?post=6614"}],"version-history":[{"count":3,"href":"https:\/\/agora.xtec.cat\/ceipbeatbonaventura\/wp-json\/wp\/v2\/posts\/6614\/revisions"}],"predecessor-version":[{"id":6632,"href":"https:\/\/agora.xtec.cat\/ceipbeatbonaventura\/wp-json\/wp\/v2\/posts\/6614\/revisions\/6632"}],"wp:attachment":[{"href":"https:\/\/agora.xtec.cat\/ceipbeatbonaventura\/wp-json\/wp\/v2\/media?parent=6614"}],"wp:term":[{"taxonomy":"category","embeddable":true,"href":"https:\/\/agora.xtec.cat\/ceipbeatbonaventura\/wp-json\/wp\/v2\/categories?post=6614"},{"taxonomy":"post_tag","embeddable":true,"href":"https:\/\/agora.xtec.cat\/ceipbeatbonaventura\/wp-json\/wp\/v2\/tags?post=6614"}],"curies":[{"name":"wp","href":"https:\/\/api.w.org\/{rel}","templated":true}]}}