{"id":6469,"date":"2023-03-02T12:25:27","date_gmt":"2023-03-02T11:25:27","guid":{"rendered":"https:\/\/agora.xtec.cat\/ceipbeatbonaventura\/?p=6469"},"modified":"2023-03-02T12:25:27","modified_gmt":"2023-03-02T11:25:27","slug":"taller-deducacio-viaria","status":"publish","type":"post","link":"https:\/\/agora.xtec.cat\/ceipbeatbonaventura\/general\/taller-deducacio-viaria\/","title":{"rendered":"Taller d&#8217;educaci\u00f3 vi\u00e0ria"},"content":{"rendered":"<p><span style=\"color: #008080;\">Durant aquesta setmana, tot l&#8217;alumnat de prim\u00e0ria han fet el taller d&#8217;educaci\u00f3 vi\u00e0ria amb TCC (T\u00e8cniques de Conducci\u00f3 i Control), que realitza formacions del Servei Catal\u00e0 de Tr\u00e0nsit a les escoles en mat\u00e8ria de mobilitat segura.<\/span><\/p>\n<p><span style=\"color: #008080;\">Els nens i nenes han apr\u00e9s sobre la mobilitat segura a peu i amb bicicleta i tamb\u00e9 a recon\u00e8ixer les senyals vi\u00e0ries m\u00e9s importants i respectar les normes de circulaci\u00f3 i com a vianants.<\/span><\/p>\n<p><a href=\"https:\/\/photos.app.goo.gl\/gMVfvHdKAa9UvMga7\">Imatges<\/a><\/p>\n","protected":false},"excerpt":{"rendered":"<p>Durant aquesta setmana, tot l&#8217;alumnat de prim\u00e0ria han fet el taller d&#8217;educaci\u00f3 vi\u00e0ria amb TCC (T\u00e8cniques de Conducci\u00f3 i Control), que realitza formacions del Servei Catal\u00e0 de Tr\u00e0nsit a les escoles en mat\u00e8ria de mobilitat segura.<br \/>\nEls nens i nenes han apr\u00e9s sobre la mobilitat segura&hellip;  <a href=\"https:\/\/agora.xtec.cat\/ceipbeatbonaventura\/general\/taller-deducacio-viaria\/\" title=\"Read Taller d&#8217;educaci\u00f3 vi\u00e0ria\">Llegeix m\u00e9s\u00bb<\/a><\/p>\n","protected":false},"author":1,"featured_media":0,"comment_status":"open","ping_status":"closed","sticky":false,"template":"","format":"standard","meta":{"_bbp_topic_count":0,"_bbp_reply_count":0,"_bbp_total_topic_count":0,"_bbp_total_reply_count":0,"_bbp_voice_count":0,"_bbp_anonymous_reply_count":0,"_bbp_topic_count_hidden":0,"_bbp_reply_count_hidden":0,"_bbp_forum_subforum_count":0,"footnotes":""},"categories":[10,11,12,13,14,15,1,4,5],"tags":[339,340,824,337],"class_list":["post-6469","post","type-post","status-publish","format-standard","hentry","category-1r","category-2n","category-3r","category-4t","category-5e","category-6e","category-general","category-portada","category-primaria","tag-bicicletes","tag-educacio-viaria","tag-tcc","tag-transit"],"post_mailing_queue_ids":[],"_links":{"self":[{"href":"https:\/\/agora.xtec.cat\/ceipbeatbonaventura\/wp-json\/wp\/v2\/posts\/6469","targetHints":{"allow":["GET"]}}],"collection":[{"href":"https:\/\/agora.xtec.cat\/ceipbeatbonaventura\/wp-json\/wp\/v2\/posts"}],"about":[{"href":"https:\/\/agora.xtec.cat\/ceipbeatbonaventura\/wp-json\/wp\/v2\/types\/post"}],"author":[{"embeddable":true,"href":"https:\/\/agora.xtec.cat\/ceipbeatbonaventura\/wp-json\/wp\/v2\/users\/1"}],"replies":[{"embeddable":true,"href":"https:\/\/agora.xtec.cat\/ceipbeatbonaventura\/wp-json\/wp\/v2\/comments?post=6469"}],"version-history":[{"count":3,"href":"https:\/\/agora.xtec.cat\/ceipbeatbonaventura\/wp-json\/wp\/v2\/posts\/6469\/revisions"}],"predecessor-version":[{"id":6485,"href":"https:\/\/agora.xtec.cat\/ceipbeatbonaventura\/wp-json\/wp\/v2\/posts\/6469\/revisions\/6485"}],"wp:attachment":[{"href":"https:\/\/agora.xtec.cat\/ceipbeatbonaventura\/wp-json\/wp\/v2\/media?parent=6469"}],"wp:term":[{"taxonomy":"category","embeddable":true,"href":"https:\/\/agora.xtec.cat\/ceipbeatbonaventura\/wp-json\/wp\/v2\/categories?post=6469"},{"taxonomy":"post_tag","embeddable":true,"href":"https:\/\/agora.xtec.cat\/ceipbeatbonaventura\/wp-json\/wp\/v2\/tags?post=6469"}],"curies":[{"name":"wp","href":"https:\/\/api.w.org\/{rel}","templated":true}]}}