{"id":6056,"date":"2022-08-30T09:45:05","date_gmt":"2022-08-30T07:45:05","guid":{"rendered":"https:\/\/agora.xtec.cat\/ceipbeatbonaventura\/?p=6056"},"modified":"2022-08-30T09:45:05","modified_gmt":"2022-08-30T07:45:05","slug":"informacio-menjador-escolar-2022-23","status":"publish","type":"post","link":"https:\/\/agora.xtec.cat\/ceipbeatbonaventura\/general\/informacio-menjador-escolar-2022-23\/","title":{"rendered":"Informaci\u00f3 menjador escolar 2022-23"},"content":{"rendered":"<div id=\":sp\" class=\"ii gt\">\n<div id=\":so\" class=\"a3s aiL \">\n<div dir=\"ltr\">\n<div class=\"gmail_quote\">\n<div dir=\"ltr\">\n<div>\n<p>L&#8217;Ampa de l&#8217;Escola Beat Bonaventura ha assumit la gesti\u00f3 del menjador escolar. Per tal d&#8217;oferir un servei integrat de cuina i monitoratge, s&#8217;ha contractat l&#8217;empresa CUINA I GESTI\u00d3 per aquest proper curs 2022-23.<\/p>\n<p>L\u2019Ampa fa una aposta ferma per fer del menjador un espai educatiu on l&#8217;alumnat pugui viure un proc\u00e9s d\u2019aprenentatge constant, adquirir h\u00e0bits saludables i aprendre a conviure i a gaudir del temps de lleure.<\/p>\n<p><strong>Per inscriure&#8217;s al menjador cal donar-se d&#8217;alta al seu propi aplicatiu<\/strong>, teniu acc\u00e9s al seg\u00fcent enlla\u00e7:<\/p>\n<p><a href=\"https:\/\/comocomen.com\/__cuina697\/padres\/\" target=\"_blank\" rel=\"noreferrer noopener\" data-saferedirecturl=\"https:\/\/www.google.com\/url?q=https:\/\/comocomen.com\/__cuina697\/padres\/&amp;source=gmail&amp;ust=1661930475703000&amp;usg=AOvVaw36Com_oBD675hn_pLS5aEn\">ALTA MENJADOR<\/a><\/p>\n<p><a href=\"https:\/\/drive.google.com\/file\/d\/1TRO7l_j6YArwHqeH3RvgU3HNoFa_Z3bD\/view?usp=sharing\" target=\"_blank\" rel=\"noreferrer noopener\" data-saferedirecturl=\"https:\/\/www.google.com\/url?q=https:\/\/drive.google.com\/file\/d\/1TRO7l_j6YArwHqeH3RvgU3HNoFa_Z3bD\/view?usp%3Dsharing&amp;source=gmail&amp;ust=1661930475703000&amp;usg=AOvVaw1vDAnBs7CNf_wcEitZlgNe\">INFORMACI\u00d3 CUINA I GESTI\u00d3<\/a><\/p>\n<p><strong>LA COMUNICACI\u00d3:<\/strong><\/p>\n<p>A partir del Setembre: Se us facilitar\u00e0 el tel\u00e8fon de la coordinadora, Sonia.<\/p>\n<p>Per consultar els dubtes, l\u2019horari ser\u00e0 de 9 a 9.30 hores o sol\u00b7licitant cita pr\u00e8via.<br \/>\nDurant l\u2019estiu tamb\u00e9 podeu trucar a l\u2019oficina central 977 310 371 o escriure un correu a:\u00a0<a href=\"mailto:atenciopares.cuinagestio@ausolan.com\" target=\"_blank\" rel=\"noopener\">atenciopares.cuinagestio@<wbr \/>ausolan.com<\/a><\/p>\n<p>AQU\u00cd TROBAREU DOCUMENTACI\u00d3 DEL SERVEI DE MENJADOR<\/p>\n<p><a href=\"https:\/\/drive.google.com\/file\/d\/1FSCGBgkI90WNSx58TZwT5L6z01RYs6Al\/view?usp=sharing\" target=\"_blank\" rel=\"noreferrer noopener\" data-saferedirecturl=\"https:\/\/www.google.com\/url?q=https:\/\/drive.google.com\/file\/d\/1FSCGBgkI90WNSx58TZwT5L6z01RYs6Al\/view?usp%3Dsharing&amp;source=gmail&amp;ust=1661930475703000&amp;usg=AOvVaw3_2WxBU7j1HSaJlG_DBVhH\">PRESENTACI\u00d3 APLICATIU<\/a>\u00a0<a href=\"https:\/\/drive.google.com\/file\/d\/1m8kwZr39uVH6OXaLs_CuVuGrvkKkBoFS\/view?usp=sharing\" target=\"_blank\" rel=\"noreferrer noopener\" data-saferedirecturl=\"https:\/\/www.google.com\/url?q=https:\/\/drive.google.com\/file\/d\/1m8kwZr39uVH6OXaLs_CuVuGrvkKkBoFS\/view?usp%3Dsharing&amp;source=gmail&amp;ust=1661930475703000&amp;usg=AOvVaw2EoQ2peVjERxeTlnkYHnwT\">MANUAL INSTRUCCIONS APLICATIU<\/a><\/p>\n<p><a href=\"https:\/\/drive.google.com\/file\/d\/1Uln01pzcmutM1SHKgDUAWeEm6BaXpAps\/view?usp=sharing\" target=\"_blank\" rel=\"noreferrer noopener\" data-saferedirecturl=\"https:\/\/www.google.com\/url?q=https:\/\/drive.google.com\/file\/d\/1Uln01pzcmutM1SHKgDUAWeEm6BaXpAps\/view?usp%3Dsharing&amp;source=gmail&amp;ust=1661930475703000&amp;usg=AOvVaw136m9yT_pfM01F9jsoTLpF\">FITXA COMENSAL DIETA ESPECIAL<\/a>\u00a0<a href=\"https:\/\/drive.google.com\/file\/d\/1ykdtkwhMt8XgQNA611xb1iE1PqaTcbW_\/view?usp=sharing\" target=\"_blank\" rel=\"noreferrer noopener\" data-saferedirecturl=\"https:\/\/www.google.com\/url?q=https:\/\/drive.google.com\/file\/d\/1ykdtkwhMt8XgQNA611xb1iE1PqaTcbW_\/view?usp%3Dsharing&amp;source=gmail&amp;ust=1661930475703000&amp;usg=AOvVaw1yoXLXSNiw2gEMlHvOqGeX\">CARTA A FAM\u00cdLIES DIETA ESPECIAL<\/a><\/p>\n<div>\n<div dir=\"ltr\" data-smartmail=\"gmail_signature\">\n<div dir=\"ltr\">\n<div dir=\"ltr\">\n<div><\/div>\n<div>\n<div>Si hi ha qualsevol dubte:<\/div>\n<div><a href=\"https:\/\/ampabeatriudoms.wordpress.com\/menjador-escolar\/\" target=\"_blank\" rel=\"noopener\" data-saferedirecturl=\"https:\/\/www.google.com\/url?q=https:\/\/ampabeatriudoms.wordpress.com\/menjador-escolar\/&amp;source=gmail&amp;ust=1661930475703000&amp;usg=AOvVaw1ZonyuuaKJEK_1qhyjDUKF\">https:\/\/ampabeatriudoms.<wbr \/>wordpress.com\/menjador-<wbr \/>escolar\/<\/a><\/div>\n<\/div>\n<\/div>\n<\/div>\n<\/div>\n<\/div>\n<\/div>\n<\/div>\n<div class=\"yj6qo\"><\/div>\n<div class=\"adL\"><\/div>\n<\/div>\n<\/div>\n<div class=\"adL\"><\/div>\n<\/div>\n<\/div>\n<div id=\":v0\" class=\"hq gt\"><\/div>\n","protected":false},"excerpt":{"rendered":"<p>L&#8217;Ampa de l&#8217;Escola Beat Bonaventura ha assumit la gesti\u00f3 del menjador escolar. Per tal d&#8217;oferir un servei integrat de cuina i monitoratge, s&#8217;ha contractat l&#8217;empresa CUINA I GESTI\u00d3 per aquest proper curs 2022-23.<br \/>\nL\u2019Ampa fa una aposta ferma per fer del menjador un espai educatiu on&hellip;  <a href=\"https:\/\/agora.xtec.cat\/ceipbeatbonaventura\/general\/informacio-menjador-escolar-2022-23\/\" title=\"Read Informaci\u00f3 menjador escolar 2022-23\">Llegeix m\u00e9s\u00bb<\/a><\/p>\n","protected":false},"author":1,"featured_media":0,"comment_status":"open","ping_status":"closed","sticky":false,"template":"","format":"standard","meta":{"_bbp_topic_count":0,"_bbp_reply_count":0,"_bbp_total_topic_count":0,"_bbp_total_reply_count":0,"_bbp_voice_count":0,"_bbp_anonymous_reply_count":0,"_bbp_topic_count_hidden":0,"_bbp_reply_count_hidden":0,"_bbp_forum_subforum_count":0,"footnotes":""},"categories":[1,4,5],"tags":[187,476],"class_list":["post-6056","post","type-post","status-publish","format-standard","hentry","category-general","category-portada","category-primaria","tag-ampa","tag-menjdaor"],"post_mailing_queue_ids":[],"_links":{"self":[{"href":"https:\/\/agora.xtec.cat\/ceipbeatbonaventura\/wp-json\/wp\/v2\/posts\/6056","targetHints":{"allow":["GET"]}}],"collection":[{"href":"https:\/\/agora.xtec.cat\/ceipbeatbonaventura\/wp-json\/wp\/v2\/posts"}],"about":[{"href":"https:\/\/agora.xtec.cat\/ceipbeatbonaventura\/wp-json\/wp\/v2\/types\/post"}],"author":[{"embeddable":true,"href":"https:\/\/agora.xtec.cat\/ceipbeatbonaventura\/wp-json\/wp\/v2\/users\/1"}],"replies":[{"embeddable":true,"href":"https:\/\/agora.xtec.cat\/ceipbeatbonaventura\/wp-json\/wp\/v2\/comments?post=6056"}],"version-history":[{"count":1,"href":"https:\/\/agora.xtec.cat\/ceipbeatbonaventura\/wp-json\/wp\/v2\/posts\/6056\/revisions"}],"predecessor-version":[{"id":6057,"href":"https:\/\/agora.xtec.cat\/ceipbeatbonaventura\/wp-json\/wp\/v2\/posts\/6056\/revisions\/6057"}],"wp:attachment":[{"href":"https:\/\/agora.xtec.cat\/ceipbeatbonaventura\/wp-json\/wp\/v2\/media?parent=6056"}],"wp:term":[{"taxonomy":"category","embeddable":true,"href":"https:\/\/agora.xtec.cat\/ceipbeatbonaventura\/wp-json\/wp\/v2\/categories?post=6056"},{"taxonomy":"post_tag","embeddable":true,"href":"https:\/\/agora.xtec.cat\/ceipbeatbonaventura\/wp-json\/wp\/v2\/tags?post=6056"}],"curies":[{"name":"wp","href":"https:\/\/api.w.org\/{rel}","templated":true}]}}