{"id":5853,"date":"2022-05-31T09:47:43","date_gmt":"2022-05-31T07:47:43","guid":{"rendered":"https:\/\/agora.xtec.cat\/ceipbeatbonaventura\/?p=5853"},"modified":"2022-05-31T16:04:48","modified_gmt":"2022-05-31T14:04:48","slug":"5e-participa-a-lolimpiada-cultural-de-reus","status":"publish","type":"post","link":"https:\/\/agora.xtec.cat\/ceipbeatbonaventura\/general\/5e-participa-a-lolimpiada-cultural-de-reus\/","title":{"rendered":"5\u00e8 participa a l&#8217;Olimp\u00edada cultural de Reus"},"content":{"rendered":"<p>Els nens i nenes de 5\u00e8 han participat a l\u2019Olimp\u00edada <span class=\"il\">Cultural<\/span> Reus 2022 que organitza el Consell Esportiu del Baix Camp i l\u2019Ajuntament de Reus.<\/p>\n<p>Hem participat en les dues modalitats de la convocat\u00f2ria:<\/p>\n<ol>\n<li><b>Modalitat grup-classe<\/b><b><i>. <\/i><\/b>Vam anar al Pavell\u00f3 ol\u00edmpic de Reus on cada grup va realitzar 2 reptes esportius (un circuit de b\u00e0squet i un altre d&#8217;hoquei) i despr\u00e9s vam fer 1 repte cultural (Kahoot).<\/li>\n<li><b>Modalitat individual<i>. <\/i><\/b>Els alumnes van fer una redacci\u00f3 i un dibuix relacionat amb els valors esportius de l\u2019Olimp\u00edada Escolar.<\/li>\n<\/ol>\n<p><strong><span style=\"color: #000080;\">Estem molt contents perqu\u00e8 en la modalitat individual hem guanyat 3 de les 6 medalles:<\/span><\/strong><\/p>\n<ul>\n<li><span style=\"color: #000080;\">Yuhan Shan: medalla d&#8217;or en el concurs art\u00edstic.<\/span><\/li>\n<li><span style=\"color: #000080;\">Hernan Sim\u00f3n: medalla de plata en el concurs literari.<\/span><\/li>\n<li><span style=\"color: #000080;\">No\u00e8lia Virgili: medalla d&#8217;or en el concurs literari.<\/span><\/li>\n<li><a href=\"https:\/\/agora.xtec.cat\/ceipbeatbonaventura\/wp-content\/uploads\/usu343\/2022\/05\/1653982992372-scaled.jpg\"><img loading=\"lazy\" decoding=\"async\" class=\"alignnone size-medium wp-image-5866\" src=\"https:\/\/agora.xtec.cat\/ceipbeatbonaventura\/wp-content\/uploads\/usu343\/2022\/05\/1653982992372-300x225.jpg\" alt=\"\" width=\"300\" height=\"225\" srcset=\"https:\/\/agora.xtec.cat\/ceipbeatbonaventura\/wp-content\/uploads\/usu343\/2022\/05\/1653982992372-300x225.jpg 300w, https:\/\/agora.xtec.cat\/ceipbeatbonaventura\/wp-content\/uploads\/usu343\/2022\/05\/1653982992372-1024x768.jpg 1024w, https:\/\/agora.xtec.cat\/ceipbeatbonaventura\/wp-content\/uploads\/usu343\/2022\/05\/1653982992372-768x576.jpg 768w, https:\/\/agora.xtec.cat\/ceipbeatbonaventura\/wp-content\/uploads\/usu343\/2022\/05\/1653982992372-1536x1152.jpg 1536w, https:\/\/agora.xtec.cat\/ceipbeatbonaventura\/wp-content\/uploads\/usu343\/2022\/05\/1653982992372-2048x1536.jpg 2048w, https:\/\/agora.xtec.cat\/ceipbeatbonaventura\/wp-content\/uploads\/usu343\/2022\/05\/1653982992372-200x150.jpg 200w\" sizes=\"auto, (max-width: 300px) 100vw, 300px\" \/>ENHORABONA !!!<\/a><\/li>\n<\/ul>\n<p><strong><span style=\"color: #008000;\">En la modalitat grup-classe tots i totes vam gaudir molt. Mireu, mireu:<\/span><\/strong><\/p>\n<p><a href=\"https:\/\/photos.app.goo.gl\/y7AGcpE4Ffofi6Wy8\" target=\"_blank\" rel=\"noopener\"><span style=\"color: #008000;\">5A<\/span><\/a><\/p>\n<p><a href=\"https:\/\/photos.app.goo.gl\/A6EXwc5MbJ5GE8MJ9\" target=\"_blank\" rel=\"noopener\"><span style=\"color: #008000;\">5B<\/span><\/a><\/p>\n<p><a href=\"https:\/\/photos.app.goo.gl\/S5cAuHMPS4mvNoSL6\" target=\"_blank\" rel=\"noopener\"><span style=\"color: #008000;\">5C<\/span><\/a><\/p>\n<p>&nbsp;<\/p>\n","protected":false},"excerpt":{"rendered":"<p>Els nens i nenes de 5\u00e8 han participat a l\u2019Olimp\u00edada Cultural Reus 2022 que organitza el Consell Esportiu del Baix Camp i l\u2019Ajuntament de Reus.<br \/>\nHem participat en les dues modalitats de la convocat\u00f2ria:<\/p>\n<ol>\n<li>Modalitat grup-classe. Vam anar al Pavell\u00f3 ol\u00edmpic de Reus on cada grup va&hellip;  <a href=\"https:\/\/agora.xtec.cat\/ceipbeatbonaventura\/general\/5e-participa-a-lolimpiada-cultural-de-reus\/\" title=\"Read 5\u00e8 participa a l&#8217;Olimp\u00edada cultural de Reus\">Llegeix m\u00e9s\u00bb<\/a><br \/>\n","protected":false},"author":1,"featured_media":5866,"comment_status":"open","ping_status":"closed","sticky":false,"template":"","format":"standard","meta":{"_bbp_topic_count":0,"_bbp_reply_count":0,"_bbp_total_topic_count":0,"_bbp_total_reply_count":0,"_bbp_voice_count":0,"_bbp_anonymous_reply_count":0,"_bbp_topic_count_hidden":0,"_bbp_reply_count_hidden":0,"_bbp_forum_subforum_count":0,"footnotes":""},"categories":[14,1,4,5],"tags":[752,215,171],"class_list":["post-5853","post","type-post","status-publish","format-standard","has-post-thumbnail","hentry","category-5e","category-general","category-portada","category-primaria","tag-cultural","tag-olimpiada","tag-reus"],"post_mailing_queue_ids":[],"_links":{"self":[{"href":"https:\/\/agora.xtec.cat\/ceipbeatbonaventura\/wp-json\/wp\/v2\/posts\/5853","targetHints":{"allow":["GET"]}}],"collection":[{"href":"https:\/\/agora.xtec.cat\/ceipbeatbonaventura\/wp-json\/wp\/v2\/posts"}],"about":[{"href":"https:\/\/agora.xtec.cat\/ceipbeatbonaventura\/wp-json\/wp\/v2\/types\/post"}],"author":[{"embeddable":true,"href":"https:\/\/agora.xtec.cat\/ceipbeatbonaventura\/wp-json\/wp\/v2\/users\/1"}],"replies":[{"embeddable":true,"href":"https:\/\/agora.xtec.cat\/ceipbeatbonaventura\/wp-json\/wp\/v2\/comments?post=5853"}],"version-history":[{"count":3,"href":"https:\/\/agora.xtec.cat\/ceipbeatbonaventura\/wp-json\/wp\/v2\/posts\/5853\/revisions"}],"predecessor-version":[{"id":5878,"href":"https:\/\/agora.xtec.cat\/ceipbeatbonaventura\/wp-json\/wp\/v2\/posts\/5853\/revisions\/5878"}],"wp:featuredmedia":[{"embeddable":true,"href":"https:\/\/agora.xtec.cat\/ceipbeatbonaventura\/wp-json\/wp\/v2\/media\/5866"}],"wp:attachment":[{"href":"https:\/\/agora.xtec.cat\/ceipbeatbonaventura\/wp-json\/wp\/v2\/media?parent=5853"}],"wp:term":[{"taxonomy":"category","embeddable":true,"href":"https:\/\/agora.xtec.cat\/ceipbeatbonaventura\/wp-json\/wp\/v2\/categories?post=5853"},{"taxonomy":"post_tag","embeddable":true,"href":"https:\/\/agora.xtec.cat\/ceipbeatbonaventura\/wp-json\/wp\/v2\/tags?post=5853"}],"curies":[{"name":"wp","href":"https:\/\/api.w.org\/{rel}","templated":true}]}}