{"id":5300,"date":"2021-12-01T11:13:44","date_gmt":"2021-12-01T10:13:44","guid":{"rendered":"https:\/\/agora.xtec.cat\/ceipbeatbonaventura\/?p=5300"},"modified":"2021-12-09T08:51:11","modified_gmt":"2021-12-09T07:51:11","slug":"eleccions-al-consell-escolar-2021","status":"publish","type":"post","link":"https:\/\/agora.xtec.cat\/ceipbeatbonaventura\/general\/eleccions-al-consell-escolar-2021\/","title":{"rendered":"Constituci\u00f3 del consell escolar"},"content":{"rendered":"<p>Amb data 29 de novembre de 2021 s&#8217;ha constitu\u00eft el nou consell escolar amb els representants seg\u00fcents:<\/p>\n<h6 style=\"margin: 2.4pt 0cm 6.0pt 0cm;\"><strong><span style=\"font-size: 15.0pt; font-family: 'Arial','sans-serif'; color: #333399;\">Presidenta<\/span>: <\/strong><\/h6>\n<ul style=\"list-style-type: circle;\">\n<li><span style=\"font-size: 15.0pt; font-family: 'Arial','sans-serif'; color: #087eb6; font-weight: normal;\">M. Lourdes Navarro Mart\u00ednez<\/span><\/li>\n<\/ul>\n<h6 style=\"scroll-behavior: auto !important; box-sizing: border-box; text-rendering: optimizelegibility; margin: 2.4pt 0cm 6.0pt 0cm;\"><span style=\"scroll-behavior: auto !important; box-sizing: border-box;\"><strong style=\"scroll-behavior: auto !important; box-sizing: border-box; line-height: inherit;\"><span style=\"font-size: 15.0pt; font-family: 'Arial','sans-serif'; color: #333399;\">Cap d\u2019estudis<\/span>: <\/strong><\/span><\/h6>\n<ul style=\"list-style-type: circle;\">\n<li style=\"box-sizing: border-box; text-rendering: optimizelegibility; scroll-behavior: auto !important;\"><span style=\"font-size: 15.0pt; font-family: 'Arial','sans-serif'; color: #087eb6; font-weight: normal;\">S\u00edlvia Marquet D\u00edaz<\/span><\/li>\n<\/ul>\n<h6 style=\"scroll-behavior: auto !important; box-sizing: border-box; text-rendering: optimizelegibility; margin: 2.4pt 0cm 6.0pt 0cm;\"><span style=\"scroll-behavior: auto !important; box-sizing: border-box;\"><strong style=\"scroll-behavior: auto !important; box-sizing: border-box; line-height: inherit;\"><span style=\"font-size: 15.0pt; font-family: 'Arial','sans-serif'; color: #333399;\">Secret\u00e0ria<\/span>:<\/strong><\/span><\/h6>\n<ul style=\"list-style-type: circle;\">\n<li style=\"box-sizing: border-box; text-rendering: optimizelegibility; scroll-behavior: auto !important;\"><span style=\"font-size: 15.0pt; font-family: 'Arial','sans-serif'; color: #087eb6; font-weight: normal;\">Ester Marin\u00e9 Solanellas<\/span><\/li>\n<\/ul>\n<h6 style=\"scroll-behavior: auto !important; box-sizing: border-box; text-rendering: optimizelegibility; margin: 2.4pt 0cm 6.0pt 0cm;\"><span style=\"scroll-behavior: auto !important; box-sizing: border-box;\"><strong style=\"scroll-behavior: auto !important; box-sizing: border-box; line-height: inherit;\"><span style=\"font-size: 15.0pt; font-family: 'Arial','sans-serif'; color: #333399;\">Representants dels mestres<\/span>:<\/strong><\/span><\/h6>\n<ul style=\"list-style-type: circle;\">\n<li style=\"box-sizing: border-box; text-rendering: optimizelegibility; scroll-behavior: auto !important;\"><span style=\"font-size: 15.0pt; font-family: 'Arial','sans-serif'; color: #087eb6; font-weight: normal;\">Francesca Roca Trill<\/span><\/li>\n<li style=\"box-sizing: border-box; text-rendering: optimizelegibility; scroll-behavior: auto !important;\"><span style=\"font-size: 15.0pt; font-family: 'Arial','sans-serif'; color: #087eb6; font-weight: normal;\">M.Pilar Guerrero Salvad\u00f3<\/span><\/li>\n<li style=\"box-sizing: border-box; text-rendering: optimizelegibility; scroll-behavior: auto !important;\"><span style=\"font-size: 15.0pt; font-family: 'Arial','sans-serif'; color: #087eb6; font-weight: normal;\">Maria M. Garcia Rodriguez<\/span><\/li>\n<li style=\"box-sizing: border-box; text-rendering: optimizelegibility; scroll-behavior: auto !important;\"><span style=\"font-size: 15.0pt; font-family: 'Arial','sans-serif'; color: #087eb6; font-weight: normal;\">M.Teresa Domingo Ferrat\u00e9<\/span><\/li>\n<li style=\"box-sizing: border-box; text-rendering: optimizelegibility; scroll-behavior: auto !important;\"><span style=\"font-size: 15.0pt; font-family: 'Arial','sans-serif'; color: #087eb6; font-weight: normal;\">M\u00f2nica Jans\u00e0 Benavent<\/span><\/li>\n<li style=\"box-sizing: border-box; text-rendering: optimizelegibility; scroll-behavior: auto !important;\"><span style=\"font-size: 15.0pt; font-family: 'Arial','sans-serif'; color: #087eb6; font-weight: normal;\">S\u00f2nia Tudela Valls<\/span><\/li>\n<\/ul>\n<h6 style=\"scroll-behavior: auto !important; box-sizing: border-box; text-rendering: optimizelegibility; margin: 2.4pt 0cm 6.0pt 0cm;\"><span style=\"scroll-behavior: auto !important; box-sizing: border-box;\"><strong style=\"scroll-behavior: auto !important; box-sizing: border-box; line-height: inherit;\"><span style=\"font-size: 15.0pt; font-family: 'Arial','sans-serif'; color: #333399;\">Representants dels pares<\/span>:<\/strong><\/span><\/h6>\n<ul style=\"list-style-type: circle;\">\n<li style=\"box-sizing: border-box; text-rendering: optimizelegibility; scroll-behavior: auto !important;\"><span style=\"font-size: 15.0pt; font-family: 'Arial','sans-serif'; color: #087eb6; font-weight: normal;\">Jord\u00e0 Garcia Ametller<\/span><\/li>\n<li style=\"box-sizing: border-box; text-rendering: optimizelegibility; scroll-behavior: auto !important;\"><span style=\"font-size: 15.0pt; font-family: 'Arial','sans-serif'; color: #087eb6; font-weight: normal;\">Judit Font Bonet<\/span><\/li>\n<li style=\"box-sizing: border-box; text-rendering: optimizelegibility; scroll-behavior: auto !important;\"><span style=\"font-size: 15.0pt; font-family: 'Arial','sans-serif'; color: #087eb6; font-weight: normal;\">Laura Baselga Escudero<\/span><\/li>\n<li style=\"box-sizing: border-box; text-rendering: optimizelegibility; scroll-behavior: auto !important;\"><span style=\"font-size: 15.0pt; font-family: 'Arial','sans-serif'; color: #087eb6; font-weight: normal;\">M.P\u00eelar Nu\u00f1ez Tarifa<\/span><\/li>\n<li style=\"text-align: justify; box-sizing: border-box; text-rendering: optimizelegibility; scroll-behavior: auto !important;\"><span style=\"font-size: 15.0pt; font-family: 'Arial','sans-serif'; color: #087eb6; font-weight: normal;\">Marta Fern\u00e1ndez Porcel<\/span><\/li>\n<li style=\"box-sizing: border-box; text-rendering: optimizelegibility; scroll-behavior: auto !important;\"><span style=\"font-size: 15.0pt; font-family: 'Arial','sans-serif'; color: #087eb6; font-weight: normal;\">Xavier Casas Dejoz<\/span><\/li>\n<\/ul>\n<h6 style=\"scroll-behavior: auto !important; box-sizing: border-box; text-rendering: optimizelegibility; margin: 2.4pt 0cm 6.0pt 0cm;\"><span style=\"scroll-behavior: auto !important; box-sizing: border-box;\"><strong style=\"scroll-behavior: auto !important; box-sizing: border-box; line-height: inherit;\"><span style=\"font-size: 15.0pt; font-family: 'Arial','sans-serif'; color: #333399;\">Representant de l\u2019ajuntament<\/span>:<\/strong><\/span><\/h6>\n<ul style=\"list-style-type: circle;\">\n<li style=\"box-sizing: border-box; text-rendering: optimizelegibility; scroll-behavior: auto !important;\"><span style=\"font-size: 15.0pt; font-family: 'Arial','sans-serif'; color: #087eb6; font-weight: normal;\">Judit Albesa Fontgivell<\/span><\/li>\n<\/ul>\n<h6 style=\"scroll-behavior: auto !important; box-sizing: border-box; text-rendering: optimizelegibility; margin: 2.4pt 0cm 6.0pt 0cm;\"><span style=\"scroll-behavior: auto !important; box-sizing: border-box;\"><strong style=\"scroll-behavior: auto !important; box-sizing: border-box; line-height: inherit;\"><span style=\"font-size: 15.0pt; font-family: 'Arial','sans-serif'; color: #333399;\">Representant de l\u2019AMPA<\/span>:<\/strong><\/span><\/h6>\n<ul style=\"list-style-type: circle;\">\n<li style=\"box-sizing: border-box; text-rendering: optimizelegibility; scroll-behavior: auto !important;\"><span style=\"font-size: 15.0pt; font-family: 'Arial','sans-serif'; color: #087eb6; font-weight: normal;\">Josep Torres Sanz<\/span><\/li>\n<\/ul>\n<h6 style=\"scroll-behavior: auto !important; box-sizing: border-box; text-rendering: optimizelegibility; margin: 2.4pt 0cm 6.0pt 0cm;\"><span style=\"scroll-behavior: auto !important; box-sizing: border-box;\"><strong style=\"scroll-behavior: auto !important; box-sizing: border-box; line-height: inherit;\"><span style=\"font-size: 15.0pt; font-family: 'Arial','sans-serif'; color: #333399;\">Representant del PAS<\/span>:<\/strong><\/span><\/h6>\n<ul style=\"list-style-type: circle;\">\n<li style=\"box-sizing: border-box; text-rendering: optimizelegibility; scroll-behavior: auto !important;\"><span style=\"font-size: 15.0pt; font-family: 'Arial','sans-serif'; color: #087eb6; font-weight: normal;\">Amalio Romero de \u00c1vila Garc\u00eda<\/span><\/li>\n<\/ul>\n","protected":false},"excerpt":{"rendered":"<p>Amb data 29 de novembre de 2021 s&#8217;ha constitu\u00eft el nou consell escolar amb els representants seg\u00fcents:<br \/>\nPresidenta: <\/p>\n<ul style=\"list-style-type: circle;\">\n<li>M. Lourdes Navarro Mart\u00ednez<\/li>\n<\/ul>\n<p>Cap d\u2019estudis: <\/p>\n<ul style=\"list-style-type: circle;\">\n<li style=\"box-sizing: border-box; text-rendering: optimizelegibility; scroll-behavior: auto !important;\">S\u00edlvia Marquet D\u00edaz<\/li>\n<\/ul>\n<p>Secret\u00e0ria:<\/p>\n<ul style=\"list-style-type: circle;\">\n<li style=\"box-sizing: border-box; text-rendering: optimizelegibility; scroll-behavior: auto !important;\">Ester&hellip;  <a href=\"https:\/\/agora.xtec.cat\/ceipbeatbonaventura\/general\/eleccions-al-consell-escolar-2021\/\" title=\"Read Constituci\u00f3 del consell escolar\">Llegeix m\u00e9s\u00bb<\/a><br \/>\n","protected":false},"author":1,"featured_media":0,"comment_status":"open","ping_status":"closed","sticky":false,"template":"","format":"standard","meta":{"_bbp_topic_count":0,"_bbp_reply_count":0,"_bbp_total_topic_count":0,"_bbp_total_reply_count":0,"_bbp_voice_count":0,"_bbp_anonymous_reply_count":0,"_bbp_topic_count_hidden":0,"_bbp_reply_count_hidden":0,"_bbp_forum_subforum_count":0,"footnotes":""},"categories":[1,4],"tags":[710,711,399],"class_list":["post-5300","post","type-post","status-publish","format-standard","hentry","category-general","category-portada","tag-consell-escolar","tag-eleccions","tag-families"],"post_mailing_queue_ids":[],"_links":{"self":[{"href":"https:\/\/agora.xtec.cat\/ceipbeatbonaventura\/wp-json\/wp\/v2\/posts\/5300","targetHints":{"allow":["GET"]}}],"collection":[{"href":"https:\/\/agora.xtec.cat\/ceipbeatbonaventura\/wp-json\/wp\/v2\/posts"}],"about":[{"href":"https:\/\/agora.xtec.cat\/ceipbeatbonaventura\/wp-json\/wp\/v2\/types\/post"}],"author":[{"embeddable":true,"href":"https:\/\/agora.xtec.cat\/ceipbeatbonaventura\/wp-json\/wp\/v2\/users\/1"}],"replies":[{"embeddable":true,"href":"https:\/\/agora.xtec.cat\/ceipbeatbonaventura\/wp-json\/wp\/v2\/comments?post=5300"}],"version-history":[{"count":3,"href":"https:\/\/agora.xtec.cat\/ceipbeatbonaventura\/wp-json\/wp\/v2\/posts\/5300\/revisions"}],"predecessor-version":[{"id":5372,"href":"https:\/\/agora.xtec.cat\/ceipbeatbonaventura\/wp-json\/wp\/v2\/posts\/5300\/revisions\/5372"}],"wp:attachment":[{"href":"https:\/\/agora.xtec.cat\/ceipbeatbonaventura\/wp-json\/wp\/v2\/media?parent=5300"}],"wp:term":[{"taxonomy":"category","embeddable":true,"href":"https:\/\/agora.xtec.cat\/ceipbeatbonaventura\/wp-json\/wp\/v2\/categories?post=5300"},{"taxonomy":"post_tag","embeddable":true,"href":"https:\/\/agora.xtec.cat\/ceipbeatbonaventura\/wp-json\/wp\/v2\/tags?post=5300"}],"curies":[{"name":"wp","href":"https:\/\/api.w.org\/{rel}","templated":true}]}}