{"id":5234,"date":"2021-10-14T10:25:06","date_gmt":"2021-10-14T08:25:06","guid":{"rendered":"https:\/\/agora.xtec.cat\/ceipbeatbonaventura\/?p=5234"},"modified":"2021-10-14T10:25:06","modified_gmt":"2021-10-14T08:25:06","slug":"el-raim-a-segon","status":"publish","type":"post","link":"https:\/\/agora.xtec.cat\/ceipbeatbonaventura\/general\/el-raim-a-segon\/","title":{"rendered":"El ra\u00efm a segon!"},"content":{"rendered":"<p>Durant aquest \u00faltim mes els i les alumnes de segon hem estat treballant de ple el m\u00f3n del ra\u00efm.<\/p>\n<p>Hem explicat contes, hem pintat mandales, hem fet activitats a l&#8217;ordinador, hem fet hip\u00f2tesis de quant ens podria costar comprar ra\u00efm per fer suc a la classe, hem anat al supermercat a veure les varietats del ra\u00efm i n&#8217;hem comprat i, despr\u00e9s hem esbrinat qui s&#8217;havia aproximat m\u00e9s al preu total del que necessit\u00e0vem comprar.<\/p>\n<p>Finalment, hem experimentat amb els grans de ra\u00efm per veure qu\u00e8 hi havia a dins!<\/p>\n<p>Com podeu veure ha sigut un mes emocionant i ple de descobriments!<\/p>\n<p><a href=\"https:\/\/photos.app.goo.gl\/oy86wcDKc1zWzFJt9\" target=\"_blank\" rel=\"noopener\"><img loading=\"lazy\" decoding=\"async\" class=\"wp-image-5235 aligncenter\" src=\"https:\/\/agora.xtec.cat\/ceipbeatbonaventura\/wp-content\/uploads\/usu343\/2021\/10\/foto-portada-raim-740x1024.jpg\" alt=\"\" width=\"340\" height=\"470\" srcset=\"https:\/\/agora.xtec.cat\/ceipbeatbonaventura\/wp-content\/uploads\/usu343\/2021\/10\/foto-portada-raim-740x1024.jpg 740w, https:\/\/agora.xtec.cat\/ceipbeatbonaventura\/wp-content\/uploads\/usu343\/2021\/10\/foto-portada-raim-217x300.jpg 217w, https:\/\/agora.xtec.cat\/ceipbeatbonaventura\/wp-content\/uploads\/usu343\/2021\/10\/foto-portada-raim-768x1063.jpg 768w, https:\/\/agora.xtec.cat\/ceipbeatbonaventura\/wp-content\/uploads\/usu343\/2021\/10\/foto-portada-raim-1109x1536.jpg 1109w, https:\/\/agora.xtec.cat\/ceipbeatbonaventura\/wp-content\/uploads\/usu343\/2021\/10\/foto-portada-raim-1479x2048.jpg 1479w, https:\/\/agora.xtec.cat\/ceipbeatbonaventura\/wp-content\/uploads\/usu343\/2021\/10\/foto-portada-raim-scaled.jpg 1849w\" sizes=\"auto, (max-width: 340px) 100vw, 340px\" \/><\/a><\/p>\n<p>&nbsp;<\/p>\n<p>&nbsp;<\/p>\n","protected":false},"excerpt":{"rendered":"<p>Durant aquest \u00faltim mes els i les alumnes de segon hem estat treballant de ple el m\u00f3n del ra\u00efm.<br \/>\nHem explicat contes, hem pintat mandales, hem fet activitats a l&#8217;ordinador, hem fet hip\u00f2tesis de quant ens podria costar comprar ra\u00efm per fer suc a la classe,&hellip;  <a href=\"https:\/\/agora.xtec.cat\/ceipbeatbonaventura\/general\/el-raim-a-segon\/\" title=\"Read El ra\u00efm a segon!\">Llegeix m\u00e9s\u00bb<\/a><\/p>\n","protected":false},"author":17,"featured_media":5235,"comment_status":"open","ping_status":"closed","sticky":false,"template":"","format":"standard","meta":{"_bbp_topic_count":0,"_bbp_reply_count":0,"_bbp_total_topic_count":0,"_bbp_total_reply_count":0,"_bbp_voice_count":0,"_bbp_anonymous_reply_count":0,"_bbp_topic_count_hidden":0,"_bbp_reply_count_hidden":0,"_bbp_forum_subforum_count":0,"footnotes":""},"categories":[11,1,4,5],"tags":[297,138,324],"class_list":["post-5234","post","type-post","status-publish","format-standard","has-post-thumbnail","hentry","category-2n","category-general","category-portada","category-primaria","tag-cicle-inicial","tag-medi","tag-segon"],"post_mailing_queue_ids":[],"_links":{"self":[{"href":"https:\/\/agora.xtec.cat\/ceipbeatbonaventura\/wp-json\/wp\/v2\/posts\/5234","targetHints":{"allow":["GET"]}}],"collection":[{"href":"https:\/\/agora.xtec.cat\/ceipbeatbonaventura\/wp-json\/wp\/v2\/posts"}],"about":[{"href":"https:\/\/agora.xtec.cat\/ceipbeatbonaventura\/wp-json\/wp\/v2\/types\/post"}],"author":[{"embeddable":true,"href":"https:\/\/agora.xtec.cat\/ceipbeatbonaventura\/wp-json\/wp\/v2\/users\/17"}],"replies":[{"embeddable":true,"href":"https:\/\/agora.xtec.cat\/ceipbeatbonaventura\/wp-json\/wp\/v2\/comments?post=5234"}],"version-history":[{"count":1,"href":"https:\/\/agora.xtec.cat\/ceipbeatbonaventura\/wp-json\/wp\/v2\/posts\/5234\/revisions"}],"predecessor-version":[{"id":5236,"href":"https:\/\/agora.xtec.cat\/ceipbeatbonaventura\/wp-json\/wp\/v2\/posts\/5234\/revisions\/5236"}],"wp:featuredmedia":[{"embeddable":true,"href":"https:\/\/agora.xtec.cat\/ceipbeatbonaventura\/wp-json\/wp\/v2\/media\/5235"}],"wp:attachment":[{"href":"https:\/\/agora.xtec.cat\/ceipbeatbonaventura\/wp-json\/wp\/v2\/media?parent=5234"}],"wp:term":[{"taxonomy":"category","embeddable":true,"href":"https:\/\/agora.xtec.cat\/ceipbeatbonaventura\/wp-json\/wp\/v2\/categories?post=5234"},{"taxonomy":"post_tag","embeddable":true,"href":"https:\/\/agora.xtec.cat\/ceipbeatbonaventura\/wp-json\/wp\/v2\/tags?post=5234"}],"curies":[{"name":"wp","href":"https:\/\/api.w.org\/{rel}","templated":true}]}}