{"id":4662,"date":"2021-03-08T15:08:46","date_gmt":"2021-03-08T14:08:46","guid":{"rendered":"http:\/\/agora.xtec.cat\/ceipbeatbonaventura\/?p=4662"},"modified":"2021-03-08T15:10:05","modified_gmt":"2021-03-08T14:10:05","slug":"8m-2021","status":"publish","type":"post","link":"https:\/\/agora.xtec.cat\/ceipbeatbonaventura\/general\/8m-2021\/","title":{"rendered":"8M 2021"},"content":{"rendered":"<h6 class=\"gmail_default\"><span style=\"color: #800080;\">Avui 8 de mar\u00e7 hem realitzat diverses activitats de sensibilitzaci\u00f3 per conscienciar del per qu\u00e8 se celebra el DIA INTERNACIONAL DE LA DONA i commemorar la llarga lluita de les dones per la igualtat.<\/span><\/h6>\n<h6 class=\"gmail_default\"><span style=\"color: #800080;\">A m\u00e9s al vest\u00edbul tenim el recull d&#8217;una de les dones a qui cadascun dels nostres alumnes estima i com aquesta els ajuda perqu\u00e8 JUNTES SOM M\u00c9S FORTES !!!<\/span><\/h6>\n<p><em>Cliqueu a la imatge:<\/em><\/p>\n<h6 class=\"gmail_default\"><a href=\"https:\/\/photos.app.goo.gl\/pvgvCrWuErzGpRbr7\" target=\"_blank\" rel=\"noopener noreferrer\"><img loading=\"lazy\" decoding=\"async\" class=\"alignnone size-medium wp-image-4663\" src=\"https:\/\/agora.xtec.cat\/ceipbeatbonaventura\/wp-content\/uploads\/usu343\/2021\/03\/IMG_20210301_153611-300x188.jpg\" alt=\"\" width=\"300\" height=\"188\" srcset=\"https:\/\/agora.xtec.cat\/ceipbeatbonaventura\/wp-content\/uploads\/usu343\/2021\/03\/IMG_20210301_153611-300x188.jpg 300w, https:\/\/agora.xtec.cat\/ceipbeatbonaventura\/wp-content\/uploads\/usu343\/2021\/03\/IMG_20210301_153611-768x482.jpg 768w, https:\/\/agora.xtec.cat\/ceipbeatbonaventura\/wp-content\/uploads\/usu343\/2021\/03\/IMG_20210301_153611-1024x642.jpg 1024w\" sizes=\"auto, (max-width: 300px) 100vw, 300px\" \/><\/a><\/h6>\n","protected":false},"excerpt":{"rendered":"<p>Avui 8 de mar\u00e7 hem realitzat diverses activitats de sensibilitzaci\u00f3 per conscienciar del per qu\u00e8 se celebra el DIA INTERNACIONAL DE LA DONA i commemorar la llarga lluita de les dones per la igualtat.<br \/>\nA m\u00e9s al vest\u00edbul tenim el recull d&#8217;una de les dones a&hellip;  <a href=\"https:\/\/agora.xtec.cat\/ceipbeatbonaventura\/general\/8m-2021\/\" title=\"Read 8M 2021\">Llegeix m\u00e9s\u00bb<\/a><\/p>\n","protected":false},"author":1,"featured_media":0,"comment_status":"open","ping_status":"closed","sticky":false,"template":"","format":"standard","meta":{"_bbp_topic_count":0,"_bbp_reply_count":0,"_bbp_total_topic_count":0,"_bbp_total_reply_count":0,"_bbp_voice_count":0,"_bbp_anonymous_reply_count":0,"_bbp_topic_count_hidden":0,"_bbp_reply_count_hidden":0,"_bbp_forum_subforum_count":0,"footnotes":""},"categories":[1,4,5],"tags":[645,183,646],"class_list":["post-4662","post","type-post","status-publish","format-standard","hentry","category-general","category-portada","category-primaria","tag-8m","tag-dia-de-la-dona","tag-juntes"],"post_mailing_queue_ids":[],"_links":{"self":[{"href":"https:\/\/agora.xtec.cat\/ceipbeatbonaventura\/wp-json\/wp\/v2\/posts\/4662","targetHints":{"allow":["GET"]}}],"collection":[{"href":"https:\/\/agora.xtec.cat\/ceipbeatbonaventura\/wp-json\/wp\/v2\/posts"}],"about":[{"href":"https:\/\/agora.xtec.cat\/ceipbeatbonaventura\/wp-json\/wp\/v2\/types\/post"}],"author":[{"embeddable":true,"href":"https:\/\/agora.xtec.cat\/ceipbeatbonaventura\/wp-json\/wp\/v2\/users\/1"}],"replies":[{"embeddable":true,"href":"https:\/\/agora.xtec.cat\/ceipbeatbonaventura\/wp-json\/wp\/v2\/comments?post=4662"}],"version-history":[{"count":3,"href":"https:\/\/agora.xtec.cat\/ceipbeatbonaventura\/wp-json\/wp\/v2\/posts\/4662\/revisions"}],"predecessor-version":[{"id":4670,"href":"https:\/\/agora.xtec.cat\/ceipbeatbonaventura\/wp-json\/wp\/v2\/posts\/4662\/revisions\/4670"}],"wp:attachment":[{"href":"https:\/\/agora.xtec.cat\/ceipbeatbonaventura\/wp-json\/wp\/v2\/media?parent=4662"}],"wp:term":[{"taxonomy":"category","embeddable":true,"href":"https:\/\/agora.xtec.cat\/ceipbeatbonaventura\/wp-json\/wp\/v2\/categories?post=4662"},{"taxonomy":"post_tag","embeddable":true,"href":"https:\/\/agora.xtec.cat\/ceipbeatbonaventura\/wp-json\/wp\/v2\/tags?post=4662"}],"curies":[{"name":"wp","href":"https:\/\/api.w.org\/{rel}","templated":true}]}}