{"id":4359,"date":"2020-11-20T15:23:19","date_gmt":"2020-11-20T14:23:19","guid":{"rendered":"http:\/\/agora.xtec.cat\/ceipbeatbonaventura\/?p=4359"},"modified":"2020-11-20T15:24:31","modified_gmt":"2020-11-20T14:24:31","slug":"esport-i-discapacitat-taller-a-6e","status":"publish","type":"post","link":"https:\/\/agora.xtec.cat\/ceipbeatbonaventura\/general\/esport-i-discapacitat-taller-a-6e\/","title":{"rendered":"Esport i discapacitat (taller a 6\u00e8)"},"content":{"rendered":"<p dir=\"auto\"><strong>Avui divendres 20 de novembre els nens i les nenes de sis\u00e8 hem rebut la visita de l\u2019associaci\u00f3 \u201cDemanoenmano\u201d per fer-nos el taller \u201cconscienciaci\u00f3 de l\u2019esport i la discapacitat intel\u00b7lectual\u201d <\/strong><br \/>\n<strong>El Marcos ens ha fet reflexionar com es viu\u00a0 amb unes limitations concretes, ens hem\u00a0 sentit diferents, apartats, com si no formessim\u00a0 part\u00a0 de l&#8217;equip. <\/strong><br \/>\n<strong>Amb la Raquel ens hem\u00a0 adonat que \u00e9s dif\u00edcil, que ens hem d&#8217;ajudar per\u00f2 que amb treball i cooperaci\u00f3 podem aconseguir ser feli\u00e7os.<\/strong><br \/>\n<strong>El Sergio volia forma part del seu equip, es sentia i estava excl\u00f2s, ara ha aconseguit la seva il.lusi\u00f3, \u00e9s una pe\u00e7a m\u00e9s de l&#8217;equip. <\/strong><br \/>\n<strong>Gr\u00e0cies per ensenyar-nos a veure la realitat\u00a0 de forma m\u00e9s oberta.\u00a0<\/strong><\/p>\n<p dir=\"auto\">Us deixem unes imatges del taller:<\/p>\n<p dir=\"auto\"><a href=\"https:\/\/photos.app.goo.gl\/KYRxBAPjpVQJs5qY9\" target=\"_blank\" rel=\"noopener noreferrer\"><img loading=\"lazy\" decoding=\"async\" class=\"alignnone wp-image-4361\" src=\"https:\/\/agora.xtec.cat\/ceipbeatbonaventura\/wp-content\/uploads\/usu343\/2020\/11\/IMG_20201120_102426.jpg\" alt=\"\" width=\"200\" height=\"356\" \/><\/a><\/p>\n","protected":false},"excerpt":{"rendered":"<p>Avui divendres 20 de novembre els nens i les nenes de sis\u00e8 hem rebut la visita de l\u2019associaci\u00f3 \u201cDemanoenmano\u201d per fer-nos el taller \u201cconscienciaci\u00f3 de l\u2019esport i la discapacitat intel\u00b7lectual\u201d<br \/>\nEl Marcos ens ha fet reflexionar com es viu\u00a0 amb unes limitations concretes, ens hem\u00a0&hellip;  <a href=\"https:\/\/agora.xtec.cat\/ceipbeatbonaventura\/general\/esport-i-discapacitat-taller-a-6e\/\" title=\"Read Esport i discapacitat (taller a 6\u00e8)\">Llegeix m\u00e9s\u00bb<\/a><\/p>\n","protected":false},"author":1,"featured_media":4361,"comment_status":"open","ping_status":"closed","sticky":false,"template":"","format":"standard","meta":{"_bbp_topic_count":0,"_bbp_reply_count":0,"_bbp_total_topic_count":0,"_bbp_total_reply_count":0,"_bbp_voice_count":0,"_bbp_anonymous_reply_count":0,"_bbp_topic_count_hidden":0,"_bbp_reply_count_hidden":0,"_bbp_forum_subforum_count":0,"footnotes":""},"categories":[15,1,4,5],"tags":[612,607,235],"class_list":["post-4359","post","type-post","status-publish","format-standard","has-post-thumbnail","hentry","category-6e","category-general","category-portada","category-primaria","tag-demanoenmano","tag-discapacitat","tag-esport"],"post_mailing_queue_ids":[],"_links":{"self":[{"href":"https:\/\/agora.xtec.cat\/ceipbeatbonaventura\/wp-json\/wp\/v2\/posts\/4359","targetHints":{"allow":["GET"]}}],"collection":[{"href":"https:\/\/agora.xtec.cat\/ceipbeatbonaventura\/wp-json\/wp\/v2\/posts"}],"about":[{"href":"https:\/\/agora.xtec.cat\/ceipbeatbonaventura\/wp-json\/wp\/v2\/types\/post"}],"author":[{"embeddable":true,"href":"https:\/\/agora.xtec.cat\/ceipbeatbonaventura\/wp-json\/wp\/v2\/users\/1"}],"replies":[{"embeddable":true,"href":"https:\/\/agora.xtec.cat\/ceipbeatbonaventura\/wp-json\/wp\/v2\/comments?post=4359"}],"version-history":[{"count":3,"href":"https:\/\/agora.xtec.cat\/ceipbeatbonaventura\/wp-json\/wp\/v2\/posts\/4359\/revisions"}],"predecessor-version":[{"id":4364,"href":"https:\/\/agora.xtec.cat\/ceipbeatbonaventura\/wp-json\/wp\/v2\/posts\/4359\/revisions\/4364"}],"wp:featuredmedia":[{"embeddable":true,"href":"https:\/\/agora.xtec.cat\/ceipbeatbonaventura\/wp-json\/wp\/v2\/media\/4361"}],"wp:attachment":[{"href":"https:\/\/agora.xtec.cat\/ceipbeatbonaventura\/wp-json\/wp\/v2\/media?parent=4359"}],"wp:term":[{"taxonomy":"category","embeddable":true,"href":"https:\/\/agora.xtec.cat\/ceipbeatbonaventura\/wp-json\/wp\/v2\/categories?post=4359"},{"taxonomy":"post_tag","embeddable":true,"href":"https:\/\/agora.xtec.cat\/ceipbeatbonaventura\/wp-json\/wp\/v2\/tags?post=4359"}],"curies":[{"name":"wp","href":"https:\/\/api.w.org\/{rel}","templated":true}]}}