{"id":4200,"date":"2020-07-10T10:39:46","date_gmt":"2020-07-10T08:39:46","guid":{"rendered":"http:\/\/agora.xtec.cat\/ceipbeatbonaventura\/?p=4200"},"modified":"2020-07-10T10:39:46","modified_gmt":"2020-07-10T08:39:46","slug":"menjador-escolar-curs-2020-21","status":"publish","type":"post","link":"https:\/\/agora.xtec.cat\/ceipbeatbonaventura\/general\/menjador-escolar-curs-2020-21\/","title":{"rendered":"Menjador escolar curs 2020-21"},"content":{"rendered":"<div>\n<p>La Regidoria d&#8217;Educaci\u00f3 obre el termini d&#8217;inscripcions per al Servei de Menjador Escolar del curs 2020-2021 i que ser\u00e0 del 13 al 17 de juliol per a totes aquelles fam\u00edlies\u00a0interessades en qu\u00e8 el seu fill o filla faci \u00fas d&#8217;aquest servei durant el pr\u00f2xim curs escolar.<\/p>\n<p>Aquest any, la sol\u00b7licitud d&#8217;inscripci\u00f3 s&#8217;haur\u00e0 de presentar per via telem\u00e0tica i es pot descarregar al final d&#8217;aquesta not\u00edcia. Una vegada emplenada i signada s\u2019haur\u00e0 d\u2019enviar per correu electr\u00f2nic a l\u2019adre\u00e7a\u00a0<a href=\"mailto:menjador@riudoms.cat\" target=\"_blank\" rel=\"noopener noreferrer\">menjador@riudoms.cat<\/a>. En cas que no es diposi de signatura electr\u00f2nica, es pot enviar la sol\u00b7licitud escanejada.<\/p>\n<p>Aix\u00ed mateix, hi haur\u00e0 un segon per\u00edode d\u2019inscripcions els dies 1 i 2 de setembre. Aquests dies es podr\u00e0 fer de manera telem\u00e0tica o b\u00e9 de manera presencial a l\u2019Escola Beat Bonaventura de les 9.00 h a les 15.00 h.<\/p>\n<p>S\u2019informa a les fam\u00edlies que, atesa la situaci\u00f3 provocada per la Covid-19, el Servei de Menjador Escolar pot veure\u2019s modificat en funci\u00f3 de l\u2019evoluci\u00f3 de les mesures sanit\u00e0ries que s\u2019hagin d\u2019adoptar de cara a l\u2019inici del curs 2020-2021.<\/p>\n<p><a id=\"m_7094717268154044234LPlnk393064\" href=\"http:\/\/www.riudoms.cat\/noticies\/el-13-de-juliol-sobren-les-inscripcions-al-servei-de-menjador-escolar-2020-2021\" target=\"_blank\" rel=\"noopener noreferrer\" data-saferedirecturl=\"https:\/\/www.google.com\/url?q=http:\/\/www.riudoms.cat\/noticies\/el-13-de-juliol-sobren-les-inscripcions-al-servei-de-menjador-escolar-2020-2021&amp;source=gmail&amp;ust=1594456257639000&amp;usg=AFQjCNEJOu6jjD7E_bitRp0bqafmP4e54g\">http:\/\/www.riudoms.cat\/<wbr \/>noticies\/el-13-de-juliol-<wbr \/>sobren-les-inscripcions-al-<wbr \/>servei-de-menjador-escolar-<wbr \/>2020-2021<\/a><\/p>\n<\/div>\n<div><\/div>\n","protected":false},"excerpt":{"rendered":"<p>La Regidoria d&#8217;Educaci\u00f3 obre el termini d&#8217;inscripcions per al Servei de Menjador Escolar del curs 2020-2021 i que ser\u00e0 del 13 al 17 de juliol per a totes aquelles fam\u00edlies\u00a0interessades en qu\u00e8 el seu fill o filla faci \u00fas d&#8217;aquest servei durant el pr\u00f2xim curs&hellip;  <a href=\"https:\/\/agora.xtec.cat\/ceipbeatbonaventura\/general\/menjador-escolar-curs-2020-21\/\" title=\"Read Menjador escolar curs 2020-21\">Llegeix m\u00e9s\u00bb<\/a><\/p>\n","protected":false},"author":1,"featured_media":3049,"comment_status":"open","ping_status":"closed","sticky":false,"template":"","format":"standard","meta":{"_bbp_topic_count":0,"_bbp_reply_count":0,"_bbp_total_topic_count":0,"_bbp_total_reply_count":0,"_bbp_voice_count":0,"_bbp_anonymous_reply_count":0,"_bbp_topic_count_hidden":0,"_bbp_reply_count_hidden":0,"_bbp_forum_subforum_count":0,"footnotes":""},"categories":[1,2,4,5],"tags":[338,283],"class_list":["post-4200","post","type-post","status-publish","format-standard","has-post-thumbnail","hentry","category-general","category-infantil","category-portada","category-primaria","tag-ajuntament","tag-menjador"],"post_mailing_queue_ids":[],"_links":{"self":[{"href":"https:\/\/agora.xtec.cat\/ceipbeatbonaventura\/wp-json\/wp\/v2\/posts\/4200","targetHints":{"allow":["GET"]}}],"collection":[{"href":"https:\/\/agora.xtec.cat\/ceipbeatbonaventura\/wp-json\/wp\/v2\/posts"}],"about":[{"href":"https:\/\/agora.xtec.cat\/ceipbeatbonaventura\/wp-json\/wp\/v2\/types\/post"}],"author":[{"embeddable":true,"href":"https:\/\/agora.xtec.cat\/ceipbeatbonaventura\/wp-json\/wp\/v2\/users\/1"}],"replies":[{"embeddable":true,"href":"https:\/\/agora.xtec.cat\/ceipbeatbonaventura\/wp-json\/wp\/v2\/comments?post=4200"}],"version-history":[{"count":2,"href":"https:\/\/agora.xtec.cat\/ceipbeatbonaventura\/wp-json\/wp\/v2\/posts\/4200\/revisions"}],"predecessor-version":[{"id":4202,"href":"https:\/\/agora.xtec.cat\/ceipbeatbonaventura\/wp-json\/wp\/v2\/posts\/4200\/revisions\/4202"}],"wp:featuredmedia":[{"embeddable":true,"href":"https:\/\/agora.xtec.cat\/ceipbeatbonaventura\/wp-json\/wp\/v2\/media\/3049"}],"wp:attachment":[{"href":"https:\/\/agora.xtec.cat\/ceipbeatbonaventura\/wp-json\/wp\/v2\/media?parent=4200"}],"wp:term":[{"taxonomy":"category","embeddable":true,"href":"https:\/\/agora.xtec.cat\/ceipbeatbonaventura\/wp-json\/wp\/v2\/categories?post=4200"},{"taxonomy":"post_tag","embeddable":true,"href":"https:\/\/agora.xtec.cat\/ceipbeatbonaventura\/wp-json\/wp\/v2\/tags?post=4200"}],"curies":[{"name":"wp","href":"https:\/\/api.w.org\/{rel}","templated":true}]}}