{"id":2920,"date":"2019-05-15T21:13:34","date_gmt":"2019-05-15T19:13:34","guid":{"rendered":"http:\/\/agora.xtec.cat\/ceipbeatbonaventura\/?p=2920"},"modified":"2019-05-15T21:21:18","modified_gmt":"2019-05-15T19:21:18","slug":"fem-coral-2019","status":"publish","type":"post","link":"https:\/\/agora.xtec.cat\/ceipbeatbonaventura\/general\/fem-coral-2019\/","title":{"rendered":"Fem coral 2019"},"content":{"rendered":"<p>Dimarts 14 de maig es va celebrar al pavell\u00f3 ol\u00edmpic municipal de Reus una nova edici\u00f3 del festival<strong>\u00a0Fem Coral,<\/strong> en la qual van participar els nostres alumnes de 5\u00e8 acompanyats de la mestra de m\u00fasica.<\/p>\n<p>La cantata, titulada &#8220;<strong>Viatge a la Dansa&#8221;,<\/strong> explica la vida de la ballarina reusenca Roseta Mauri que va arribar a ser primera ballarina de l\u2019\u00d2pera de Par\u00eds, a principis del segle XX.<\/p>\n<p>Va ser una gran experi\u00e8ncia plena de m\u00fasica i dansa!<\/p>\n<p><a href=\"http:\/\/www.canalreustv.cat\/noticies\/roseta-mauri-protagonista-la-23a-fem-coral\" target=\"_blank\" rel=\"noopener noreferrer\">Article al Canal Reus digital<\/a><\/p>\n<p><a href=\"https:\/\/agora.xtec.cat\/ceipbeatbonaventura\/wp-content\/uploads\/usu343\/2019\/05\/2.jpg\"><img loading=\"lazy\" decoding=\"async\" class=\"alignnone size-medium wp-image-2923\" src=\"https:\/\/agora.xtec.cat\/ceipbeatbonaventura\/wp-content\/uploads\/usu343\/2019\/05\/2-300x225.jpg\" alt=\"\" width=\"300\" height=\"225\" srcset=\"https:\/\/agora.xtec.cat\/ceipbeatbonaventura\/wp-content\/uploads\/usu343\/2019\/05\/2-300x225.jpg 300w, https:\/\/agora.xtec.cat\/ceipbeatbonaventura\/wp-content\/uploads\/usu343\/2019\/05\/2-200x150.jpg 200w, https:\/\/agora.xtec.cat\/ceipbeatbonaventura\/wp-content\/uploads\/usu343\/2019\/05\/2.jpg 512w\" sizes=\"auto, (max-width: 300px) 100vw, 300px\" \/><\/a><a href=\"https:\/\/agora.xtec.cat\/ceipbeatbonaventura\/wp-content\/uploads\/usu343\/2019\/05\/1.jpg\"><img loading=\"lazy\" decoding=\"async\" class=\"alignnone size-medium wp-image-2922\" src=\"https:\/\/agora.xtec.cat\/ceipbeatbonaventura\/wp-content\/uploads\/usu343\/2019\/05\/1-300x238.jpg\" alt=\"\" width=\"300\" height=\"238\" srcset=\"https:\/\/agora.xtec.cat\/ceipbeatbonaventura\/wp-content\/uploads\/usu343\/2019\/05\/1-300x238.jpg 300w, https:\/\/agora.xtec.cat\/ceipbeatbonaventura\/wp-content\/uploads\/usu343\/2019\/05\/1.jpg 447w\" sizes=\"auto, (max-width: 300px) 100vw, 300px\" \/><\/a><\/p>\n","protected":false},"excerpt":{"rendered":"<p>Dimarts 14 de maig es va celebrar al pavell\u00f3 ol\u00edmpic municipal de Reus una nova edici\u00f3 del festival\u00a0Fem Coral, en la qual van participar els nostres alumnes de 5\u00e8 acompanyats de la mestra de m\u00fasica.<br \/>\nLa cantata, titulada &#8220;Viatge a la Dansa&#8221;, explica la vida de&hellip;  <a href=\"https:\/\/agora.xtec.cat\/ceipbeatbonaventura\/general\/fem-coral-2019\/\" title=\"Read Fem coral 2019\">Llegeix m\u00e9s\u00bb<\/a><\/p>\n","protected":false},"author":1,"featured_media":2919,"comment_status":"open","ping_status":"closed","sticky":false,"template":"","format":"standard","meta":{"_bbp_topic_count":0,"_bbp_reply_count":0,"_bbp_total_topic_count":0,"_bbp_total_reply_count":0,"_bbp_voice_count":0,"_bbp_anonymous_reply_count":0,"_bbp_topic_count_hidden":0,"_bbp_reply_count_hidden":0,"_bbp_forum_subforum_count":0,"footnotes":""},"categories":[14,1,4,5],"tags":[447,449,448,100],"class_list":["post-2920","post","type-post","status-publish","format-standard","has-post-thumbnail","hentry","category-5e","category-general","category-portada","category-primaria","tag-cantata","tag-coral","tag-dansa","tag-musica"],"post_mailing_queue_ids":[],"_links":{"self":[{"href":"https:\/\/agora.xtec.cat\/ceipbeatbonaventura\/wp-json\/wp\/v2\/posts\/2920","targetHints":{"allow":["GET"]}}],"collection":[{"href":"https:\/\/agora.xtec.cat\/ceipbeatbonaventura\/wp-json\/wp\/v2\/posts"}],"about":[{"href":"https:\/\/agora.xtec.cat\/ceipbeatbonaventura\/wp-json\/wp\/v2\/types\/post"}],"author":[{"embeddable":true,"href":"https:\/\/agora.xtec.cat\/ceipbeatbonaventura\/wp-json\/wp\/v2\/users\/1"}],"replies":[{"embeddable":true,"href":"https:\/\/agora.xtec.cat\/ceipbeatbonaventura\/wp-json\/wp\/v2\/comments?post=2920"}],"version-history":[{"count":3,"href":"https:\/\/agora.xtec.cat\/ceipbeatbonaventura\/wp-json\/wp\/v2\/posts\/2920\/revisions"}],"predecessor-version":[{"id":2929,"href":"https:\/\/agora.xtec.cat\/ceipbeatbonaventura\/wp-json\/wp\/v2\/posts\/2920\/revisions\/2929"}],"wp:featuredmedia":[{"embeddable":true,"href":"https:\/\/agora.xtec.cat\/ceipbeatbonaventura\/wp-json\/wp\/v2\/media\/2919"}],"wp:attachment":[{"href":"https:\/\/agora.xtec.cat\/ceipbeatbonaventura\/wp-json\/wp\/v2\/media?parent=2920"}],"wp:term":[{"taxonomy":"category","embeddable":true,"href":"https:\/\/agora.xtec.cat\/ceipbeatbonaventura\/wp-json\/wp\/v2\/categories?post=2920"},{"taxonomy":"post_tag","embeddable":true,"href":"https:\/\/agora.xtec.cat\/ceipbeatbonaventura\/wp-json\/wp\/v2\/tags?post=2920"}],"curies":[{"name":"wp","href":"https:\/\/api.w.org\/{rel}","templated":true}]}}