{"id":1686,"date":"2018-05-18T15:00:23","date_gmt":"2018-05-18T13:00:23","guid":{"rendered":"http:\/\/agora.xtec.cat\/ceipbeatbonaventura\/?p=1686"},"modified":"2018-06-04T09:40:32","modified_gmt":"2018-06-04T07:40:32","slug":"programa-suport-vital-basic-a-les-escoles","status":"publish","type":"post","link":"https:\/\/agora.xtec.cat\/ceipbeatbonaventura\/general\/programa-suport-vital-basic-a-les-escoles\/","title":{"rendered":"Programa Suport Vital B\u00e0sic a les escoles"},"content":{"rendered":"<p>L\u2019alumnat des de P3 fins a 6\u00e8 de l\u2019escola ha realitzat el programa educatiu de \u201c<strong>Suport Vital B\u00e0sic als Centres Educatius<\/strong>\u201d, que compta amb el suport i coordinaci\u00f3 del Departament d\u2019Ensenyament i del Consell Catal\u00e0 de Ressuscitaci\u00f3.<\/p>\n<p class=\"p1\">Es tracta d\u2019una activitat <strong>l\u2019objectiu principal de la qual \u00e9s\u00a0que l\u2019alumnat aprengui coneixements b\u00e0sics gradualment i progressivament<\/strong> (te\u00f2rics i pr\u00e0ctics), al llarg de totes les etapes educatives de l\u2019escola, adaptats a cada edat, relacionats amb <strong>qu\u00e8 \u00e9s, qu\u00e8 cal fer i com es pot\u00a0actuar davant d\u2019una situaci\u00f3 d\u2019emerg\u00e8ncia vital<\/strong>.<\/p>\n<p class=\"p1\">S&#8217;inicia a P3 i es fa un treball progressiu a tota la prim\u00e0ria amb unes activitats que imparteixen les mestres d&#8217;educaci\u00f3 infantil i d&#8217;educaci\u00f3 f\u00edsica a partir d\u2019una formaci\u00f3 que han fet pr\u00e8viament.<\/p>\n<p class=\"p1\"><a href=\"https:\/\/photos.app.goo.gl\/aVunBEZk3BMVzKX02\" target=\"_blank\" rel=\"noopener noreferrer\">IMATGES D&#8217;INFANTIL<\/a><\/p>\n<p class=\"p1\"><a href=\"https:\/\/photos.app.goo.gl\/cEG1m1KwQ6asTL2B3\" target=\"_blank\" rel=\"noopener noreferrer\">IMATGES DE PRIM\u00c0RIA<\/a><\/p>\n<p class=\"p1\"><a href=\"http:\/\/agora.xtec.cat\/ceipbeatbonaventura\/wp-content\/uploads\/usu343\/2018\/05\/resumcurriculum.png\"><img loading=\"lazy\" decoding=\"async\" class=\"alignnone size-medium wp-image-1688\" src=\"http:\/\/agora.xtec.cat\/ceipbeatbonaventura\/wp-content\/uploads\/usu343\/2018\/05\/resumcurriculum-300x201.png\" alt=\"\" width=\"300\" height=\"201\" srcset=\"https:\/\/agora.xtec.cat\/ceipbeatbonaventura\/wp-content\/uploads\/usu343\/2018\/05\/resumcurriculum-300x201.png 300w, https:\/\/agora.xtec.cat\/ceipbeatbonaventura\/wp-content\/uploads\/usu343\/2018\/05\/resumcurriculum.png 727w\" sizes=\"auto, (max-width: 300px) 100vw, 300px\" \/><\/a><\/p>\n","protected":false},"excerpt":{"rendered":"<p>L\u2019alumnat des de P3 fins a 6\u00e8 de l\u2019escola ha realitzat el programa educatiu de \u201cSuport Vital B\u00e0sic als Centres Educatius\u201d, que compta amb el suport i coordinaci\u00f3 del Departament d\u2019Ensenyament i del Consell Catal\u00e0 de Ressuscitaci\u00f3.<br \/>\nEs tracta d\u2019una activitat l\u2019objectiu principal de la qual&hellip;  <a href=\"https:\/\/agora.xtec.cat\/ceipbeatbonaventura\/general\/programa-suport-vital-basic-a-les-escoles\/\" title=\"Read Programa Suport Vital B\u00e0sic a les escoles\">Llegeix m\u00e9s\u00bb<\/a><\/p>\n","protected":false},"author":1,"featured_media":1689,"comment_status":"open","ping_status":"closed","sticky":false,"template":"","format":"standard","meta":{"_bbp_topic_count":0,"_bbp_reply_count":0,"_bbp_total_topic_count":0,"_bbp_total_reply_count":0,"_bbp_voice_count":0,"_bbp_anonymous_reply_count":0,"_bbp_topic_count_hidden":0,"_bbp_reply_count_hidden":0,"_bbp_forum_subforum_count":0,"footnotes":""},"categories":[10,11,12,13,14,15,1,2,3,8,9,4,5],"tags":[263,264,261,262],"class_list":["post-1686","post","type-post","status-publish","format-standard","has-post-thumbnail","hentry","category-1r","category-2n","category-3r","category-4t","category-5e","category-6e","category-general","category-infantil","category-p3","category-p4","category-p5","category-portada","category-primaria","tag-basic","tag-reanimacio","tag-suport","tag-vital"],"post_mailing_queue_ids":[],"_links":{"self":[{"href":"https:\/\/agora.xtec.cat\/ceipbeatbonaventura\/wp-json\/wp\/v2\/posts\/1686","targetHints":{"allow":["GET"]}}],"collection":[{"href":"https:\/\/agora.xtec.cat\/ceipbeatbonaventura\/wp-json\/wp\/v2\/posts"}],"about":[{"href":"https:\/\/agora.xtec.cat\/ceipbeatbonaventura\/wp-json\/wp\/v2\/types\/post"}],"author":[{"embeddable":true,"href":"https:\/\/agora.xtec.cat\/ceipbeatbonaventura\/wp-json\/wp\/v2\/users\/1"}],"replies":[{"embeddable":true,"href":"https:\/\/agora.xtec.cat\/ceipbeatbonaventura\/wp-json\/wp\/v2\/comments?post=1686"}],"version-history":[{"count":3,"href":"https:\/\/agora.xtec.cat\/ceipbeatbonaventura\/wp-json\/wp\/v2\/posts\/1686\/revisions"}],"predecessor-version":[{"id":1702,"href":"https:\/\/agora.xtec.cat\/ceipbeatbonaventura\/wp-json\/wp\/v2\/posts\/1686\/revisions\/1702"}],"wp:featuredmedia":[{"embeddable":true,"href":"https:\/\/agora.xtec.cat\/ceipbeatbonaventura\/wp-json\/wp\/v2\/media\/1689"}],"wp:attachment":[{"href":"https:\/\/agora.xtec.cat\/ceipbeatbonaventura\/wp-json\/wp\/v2\/media?parent=1686"}],"wp:term":[{"taxonomy":"category","embeddable":true,"href":"https:\/\/agora.xtec.cat\/ceipbeatbonaventura\/wp-json\/wp\/v2\/categories?post=1686"},{"taxonomy":"post_tag","embeddable":true,"href":"https:\/\/agora.xtec.cat\/ceipbeatbonaventura\/wp-json\/wp\/v2\/tags?post=1686"}],"curies":[{"name":"wp","href":"https:\/\/api.w.org\/{rel}","templated":true}]}}