{"id":1675,"date":"2018-05-14T14:10:44","date_gmt":"2018-05-14T12:10:44","guid":{"rendered":"http:\/\/agora.xtec.cat\/ceipbeatbonaventura\/?p=1675"},"modified":"2018-05-14T14:11:28","modified_gmt":"2018-05-14T12:11:28","slug":"video-de-la-inauguracio-del-gimnas","status":"publish","type":"post","link":"https:\/\/agora.xtec.cat\/ceipbeatbonaventura\/general\/video-de-la-inauguracio-del-gimnas\/","title":{"rendered":"V\u00eddeo de la inauguraci\u00f3 del gimn\u00e0s"},"content":{"rendered":"<p>Aquest \u00e9s el v\u00eddeo que ha realitzat l&#8217;ajuntament del dia de la Festa de la inauguraci\u00f3 del gimn\u00e0s de la nostra escola.<br \/>\n\u00c9s genial!<br \/>\nGr\u00e0cies a tots!<\/p>\n<p><iframe loading=\"lazy\" style=\"border: none; overflow: hidden;\" src=\"https:\/\/www.facebook.com\/plugins\/video.php?href=https%3A%2F%2Fwww.facebook.com%2Fajuntamentderiudoms%2Fvideos%2F1834161396890283%2F&amp;show_text=1&amp;width=560\" width=\"560\" height=\"457\" frameborder=\"0\" scrolling=\"no\" allowfullscreen=\"allowfullscreen\"><\/iframe><\/p>\n","protected":false},"excerpt":{"rendered":"<p>Aquest \u00e9s el v\u00eddeo que ha realitzat l&#8217;ajuntament del dia de la Festa de la inauguraci\u00f3 del gimn\u00e0s de la nostra escola.<br \/>\n\u00c9s genial!<br \/>\nGr\u00e0cies a tots!<\/p>\n","protected":false},"author":1,"featured_media":1640,"comment_status":"open","ping_status":"closed","sticky":false,"template":"","format":"standard","meta":{"_bbp_topic_count":0,"_bbp_reply_count":0,"_bbp_total_topic_count":0,"_bbp_total_reply_count":0,"_bbp_voice_count":0,"_bbp_anonymous_reply_count":0,"_bbp_topic_count_hidden":0,"_bbp_reply_count_hidden":0,"_bbp_forum_subforum_count":0,"footnotes":""},"categories":[1,2,4,5],"tags":[259,258],"class_list":["post-1675","post","type-post","status-publish","format-standard","has-post-thumbnail","hentry","category-general","category-infantil","category-portada","category-primaria","tag-inauguracio-gimnas","tag-video"],"post_mailing_queue_ids":[],"_links":{"self":[{"href":"https:\/\/agora.xtec.cat\/ceipbeatbonaventura\/wp-json\/wp\/v2\/posts\/1675","targetHints":{"allow":["GET"]}}],"collection":[{"href":"https:\/\/agora.xtec.cat\/ceipbeatbonaventura\/wp-json\/wp\/v2\/posts"}],"about":[{"href":"https:\/\/agora.xtec.cat\/ceipbeatbonaventura\/wp-json\/wp\/v2\/types\/post"}],"author":[{"embeddable":true,"href":"https:\/\/agora.xtec.cat\/ceipbeatbonaventura\/wp-json\/wp\/v2\/users\/1"}],"replies":[{"embeddable":true,"href":"https:\/\/agora.xtec.cat\/ceipbeatbonaventura\/wp-json\/wp\/v2\/comments?post=1675"}],"version-history":[{"count":3,"href":"https:\/\/agora.xtec.cat\/ceipbeatbonaventura\/wp-json\/wp\/v2\/posts\/1675\/revisions"}],"predecessor-version":[{"id":1679,"href":"https:\/\/agora.xtec.cat\/ceipbeatbonaventura\/wp-json\/wp\/v2\/posts\/1675\/revisions\/1679"}],"wp:featuredmedia":[{"embeddable":true,"href":"https:\/\/agora.xtec.cat\/ceipbeatbonaventura\/wp-json\/wp\/v2\/media\/1640"}],"wp:attachment":[{"href":"https:\/\/agora.xtec.cat\/ceipbeatbonaventura\/wp-json\/wp\/v2\/media?parent=1675"}],"wp:term":[{"taxonomy":"category","embeddable":true,"href":"https:\/\/agora.xtec.cat\/ceipbeatbonaventura\/wp-json\/wp\/v2\/categories?post=1675"},{"taxonomy":"post_tag","embeddable":true,"href":"https:\/\/agora.xtec.cat\/ceipbeatbonaventura\/wp-json\/wp\/v2\/tags?post=1675"}],"curies":[{"name":"wp","href":"https:\/\/api.w.org\/{rel}","templated":true}]}}