{"id":1394,"date":"2018-03-09T12:29:59","date_gmt":"2018-03-09T11:29:59","guid":{"rendered":"http:\/\/agora.xtec.cat\/ceipbeatbonaventura\/?p=1394"},"modified":"2018-03-12T09:15:35","modified_gmt":"2018-03-12T08:15:35","slug":"persones-iguals","status":"publish","type":"post","link":"https:\/\/agora.xtec.cat\/ceipbeatbonaventura\/general\/persones-iguals\/","title":{"rendered":"Persones iguals"},"content":{"rendered":"<h4><a href=\"https:\/\/photos.app.goo.gl\/zVl4nd8ZTu5DozKz1\" target=\"_blank\" rel=\"noopener noreferrer\"><img loading=\"lazy\" decoding=\"async\" class=\"alignnone wp-image-1395 \" src=\"http:\/\/agora.xtec.cat\/ceipbeatbonaventura\/wp-content\/uploads\/usu343\/2018\/03\/Dona-la-nota-amb-pluja-de-sons-02-300x281.gif\" alt=\"\" width=\"211\" height=\"198\" \/><\/a><\/h4>\n<h5><span style=\"color: #000000;\">Dijous 8 de mar\u00e7, Dia Internacional de les Dones, hem sortit al pati a les 11h per cantar plegats la can\u00e7\u00f3 PERSONES IGUALS per tal de reivindicar la inclusi\u00f3 de totes les persones en igualtat de condicions en la nostra societat.<\/span><\/h5>\n<p><iframe loading=\"lazy\" title=\"persones iguals\" width=\"500\" height=\"281\" src=\"https:\/\/www.youtube.com\/embed\/8QSNOlIAVcE?feature=oembed\" frameborder=\"0\" allow=\"accelerometer; autoplay; clipboard-write; encrypted-media; gyroscope; picture-in-picture; web-share\" referrerpolicy=\"strict-origin-when-cross-origin\" allowfullscreen><\/iframe><\/p>\n","protected":false},"excerpt":{"rendered":"<p><a href=\"https:\/\/photos.app.goo.gl\/zVl4nd8ZTu5DozKz1\" target=\"_blank\" rel=\"noopener noreferrer\"><\/a><br \/>\nDijous 8 de mar\u00e7, Dia Internacional de les Dones, hem sortit al pati a les 11h per cantar plegats la can\u00e7\u00f3 PERSONES IGUALS per tal de reivindicar la inclusi\u00f3 de totes les persones en igualtat de condicions en la nostra societat.<\/p>\n","protected":false},"author":1,"featured_media":1395,"comment_status":"open","ping_status":"closed","sticky":false,"template":"","format":"standard","meta":{"_bbp_topic_count":0,"_bbp_reply_count":0,"_bbp_total_topic_count":0,"_bbp_total_reply_count":0,"_bbp_voice_count":0,"_bbp_anonymous_reply_count":0,"_bbp_topic_count_hidden":0,"_bbp_reply_count_hidden":0,"_bbp_forum_subforum_count":0,"footnotes":""},"categories":[1,4],"tags":[183,184],"class_list":["post-1394","post","type-post","status-publish","format-standard","has-post-thumbnail","hentry","category-general","category-portada","tag-dia-de-la-dona","tag-igualtat"],"post_mailing_queue_ids":[],"_links":{"self":[{"href":"https:\/\/agora.xtec.cat\/ceipbeatbonaventura\/wp-json\/wp\/v2\/posts\/1394","targetHints":{"allow":["GET"]}}],"collection":[{"href":"https:\/\/agora.xtec.cat\/ceipbeatbonaventura\/wp-json\/wp\/v2\/posts"}],"about":[{"href":"https:\/\/agora.xtec.cat\/ceipbeatbonaventura\/wp-json\/wp\/v2\/types\/post"}],"author":[{"embeddable":true,"href":"https:\/\/agora.xtec.cat\/ceipbeatbonaventura\/wp-json\/wp\/v2\/users\/1"}],"replies":[{"embeddable":true,"href":"https:\/\/agora.xtec.cat\/ceipbeatbonaventura\/wp-json\/wp\/v2\/comments?post=1394"}],"version-history":[{"count":3,"href":"https:\/\/agora.xtec.cat\/ceipbeatbonaventura\/wp-json\/wp\/v2\/posts\/1394\/revisions"}],"predecessor-version":[{"id":1408,"href":"https:\/\/agora.xtec.cat\/ceipbeatbonaventura\/wp-json\/wp\/v2\/posts\/1394\/revisions\/1408"}],"wp:featuredmedia":[{"embeddable":true,"href":"https:\/\/agora.xtec.cat\/ceipbeatbonaventura\/wp-json\/wp\/v2\/media\/1395"}],"wp:attachment":[{"href":"https:\/\/agora.xtec.cat\/ceipbeatbonaventura\/wp-json\/wp\/v2\/media?parent=1394"}],"wp:term":[{"taxonomy":"category","embeddable":true,"href":"https:\/\/agora.xtec.cat\/ceipbeatbonaventura\/wp-json\/wp\/v2\/categories?post=1394"},{"taxonomy":"post_tag","embeddable":true,"href":"https:\/\/agora.xtec.cat\/ceipbeatbonaventura\/wp-json\/wp\/v2\/tags?post=1394"}],"curies":[{"name":"wp","href":"https:\/\/api.w.org\/{rel}","templated":true}]}}