{"id":1330,"date":"2018-02-15T20:56:47","date_gmt":"2018-02-15T19:56:47","guid":{"rendered":"http:\/\/agora.xtec.cat\/ceipbeatbonaventura\/?p=1330"},"modified":"2018-02-21T16:26:54","modified_gmt":"2018-02-21T15:26:54","slug":"un-dia-fantastic","status":"publish","type":"post","link":"https:\/\/agora.xtec.cat\/ceipbeatbonaventura\/general\/un-dia-fantastic\/","title":{"rendered":"Un dia fant\u00e0stic!"},"content":{"rendered":"<p>Els nens i nenes de 4t ,el dijous dia 15 de Febrer vam anar d&#8217;excursi\u00f3 .<\/p>\n<p>Primer vam anar al Pavell\u00f3 Ol\u00edmpic de Reus.Vam patinar tot el mat\u00ed, vam fer molts jocs amb patins.Va ser molt divertit!<\/p>\n<p>Despr\u00e9s,a la tarda,vam anar a les Quadres d\u00b4en Blai.Vam dinar all\u00e0.Vam veure molts cavalls,ponis&#8230;Ens van ensenyar com es preparava un cavall per poder pujar-hi.<\/p>\n<p>A l\u00b4acabar vam agafar un cam\u00ed per tornar cap a l\u00b4escola a peu.<\/p>\n<p>Va ser un dia extraordinari per repetir-ho!<\/p>\n<p><a href=\"https:\/\/photos.app.goo.gl\/au5iYJLV91IFuiiG2\">Cliqueu damunt per veure les nostres fotos.Gr\u00e0cies!<\/a><\/p>\n","protected":false},"excerpt":{"rendered":"<p>Els nens i nenes de 4t ,el dijous dia 15 de Febrer vam anar d&#8217;excursi\u00f3 .<br \/>\nPrimer vam anar al Pavell\u00f3 Ol\u00edmpic de Reus.Vam patinar tot el mat\u00ed, vam fer molts jocs amb patins.Va ser molt divertit!<br \/>\nDespr\u00e9s,a la tarda,vam anar a les Quadres d\u00b4en Blai.Vam dinar&hellip;  <a href=\"https:\/\/agora.xtec.cat\/ceipbeatbonaventura\/general\/un-dia-fantastic\/\" title=\"Read Un dia fant\u00e0stic!\">Llegeix m\u00e9s\u00bb<\/a><\/p>\n","protected":false},"author":8,"featured_media":1332,"comment_status":"open","ping_status":"closed","sticky":false,"template":"","format":"standard","meta":{"_bbp_topic_count":0,"_bbp_reply_count":0,"_bbp_total_topic_count":0,"_bbp_total_reply_count":0,"_bbp_voice_count":0,"_bbp_anonymous_reply_count":0,"_bbp_topic_count_hidden":0,"_bbp_reply_count_hidden":0,"_bbp_forum_subforum_count":0,"footnotes":""},"categories":[13,1,4,5],"tags":[169,170,171],"class_list":["post-1330","post","type-post","status-publish","format-standard","has-post-thumbnail","hentry","category-4t","category-general","category-portada","category-primaria","tag-patinatge","tag-pavello","tag-reus"],"post_mailing_queue_ids":[],"_links":{"self":[{"href":"https:\/\/agora.xtec.cat\/ceipbeatbonaventura\/wp-json\/wp\/v2\/posts\/1330","targetHints":{"allow":["GET"]}}],"collection":[{"href":"https:\/\/agora.xtec.cat\/ceipbeatbonaventura\/wp-json\/wp\/v2\/posts"}],"about":[{"href":"https:\/\/agora.xtec.cat\/ceipbeatbonaventura\/wp-json\/wp\/v2\/types\/post"}],"author":[{"embeddable":true,"href":"https:\/\/agora.xtec.cat\/ceipbeatbonaventura\/wp-json\/wp\/v2\/users\/8"}],"replies":[{"embeddable":true,"href":"https:\/\/agora.xtec.cat\/ceipbeatbonaventura\/wp-json\/wp\/v2\/comments?post=1330"}],"version-history":[{"count":5,"href":"https:\/\/agora.xtec.cat\/ceipbeatbonaventura\/wp-json\/wp\/v2\/posts\/1330\/revisions"}],"predecessor-version":[{"id":1347,"href":"https:\/\/agora.xtec.cat\/ceipbeatbonaventura\/wp-json\/wp\/v2\/posts\/1330\/revisions\/1347"}],"wp:featuredmedia":[{"embeddable":true,"href":"https:\/\/agora.xtec.cat\/ceipbeatbonaventura\/wp-json\/wp\/v2\/media\/1332"}],"wp:attachment":[{"href":"https:\/\/agora.xtec.cat\/ceipbeatbonaventura\/wp-json\/wp\/v2\/media?parent=1330"}],"wp:term":[{"taxonomy":"category","embeddable":true,"href":"https:\/\/agora.xtec.cat\/ceipbeatbonaventura\/wp-json\/wp\/v2\/categories?post=1330"},{"taxonomy":"post_tag","embeddable":true,"href":"https:\/\/agora.xtec.cat\/ceipbeatbonaventura\/wp-json\/wp\/v2\/tags?post=1330"}],"curies":[{"name":"wp","href":"https:\/\/api.w.org\/{rel}","templated":true}]}}