{"id":9963,"date":"2025-10-23T09:47:29","date_gmt":"2025-10-23T07:47:29","guid":{"rendered":"https:\/\/agora.xtec.cat\/ceipbaltasar\/?p=9963"},"modified":"2025-10-24T09:57:01","modified_gmt":"2025-10-24T07:57:01","slug":"trobada-esportiva-6e","status":"publish","type":"post","link":"https:\/\/agora.xtec.cat\/ceipbaltasar\/portada\/trobada-esportiva-6e\/","title":{"rendered":"Trobada esportiva 6\u00e8"},"content":{"rendered":"\n<p>Aquest dimecres els 6altis hem gaudit un curs m\u00e9s de la Trobada Esportiva de les Escoles de l&#8217;Alt Camp, celebrada al Club Tenis Valls, a Vallmoll.<\/p>\n\n\n\n<p>Ha estat un dia ple d&#8217;energia i diversi\u00f3 on els participants han pogut compartir diferents jocs esportius amb companys d&#8217;altres centres de la comarca. M\u00e9s enll\u00e0 de l&#8217;activitat f\u00edsica, aquesta trobada anual serveix per refor\u00e7ar valors fonamentals com l&#8217;esperit d&#8217;equip, el respecte, la companyonia i el joc net.<\/p>\n\n\n\n<p>Hem arribat molt cansats, per\u00f2 ha valgut la pena. Us deixem unes quantes fotos, nom\u00e9s heu de clicar al damunt de la imatge.<\/p>\n\n\n\n<figure class=\"wp-block-image size-large\"><a href=\"https:\/\/drive.google.com\/drive\/folders\/1bJYzb0pNeK2X8Bf25SQmgHHiLJvdoLe8?usp=drive_link\"><img loading=\"lazy\" decoding=\"async\" width=\"1024\" height=\"472\" src=\"https:\/\/agora.xtec.cat\/ceipbaltasar\/wp-content\/uploads\/usu989\/2025\/10\/WhatsApp-Image-2025-10-22-at-09.51.57-1024x472.jpeg\" alt=\"\" class=\"wp-image-9964\" srcset=\"https:\/\/agora.xtec.cat\/ceipbaltasar\/wp-content\/uploads\/usu989\/2025\/10\/WhatsApp-Image-2025-10-22-at-09.51.57-1024x472.jpeg 1024w, https:\/\/agora.xtec.cat\/ceipbaltasar\/wp-content\/uploads\/usu989\/2025\/10\/WhatsApp-Image-2025-10-22-at-09.51.57-300x138.jpeg 300w, https:\/\/agora.xtec.cat\/ceipbaltasar\/wp-content\/uploads\/usu989\/2025\/10\/WhatsApp-Image-2025-10-22-at-09.51.57-768x354.jpeg 768w, https:\/\/agora.xtec.cat\/ceipbaltasar\/wp-content\/uploads\/usu989\/2025\/10\/WhatsApp-Image-2025-10-22-at-09.51.57-1536x708.jpeg 1536w, https:\/\/agora.xtec.cat\/ceipbaltasar\/wp-content\/uploads\/usu989\/2025\/10\/WhatsApp-Image-2025-10-22-at-09.51.57.jpeg 1600w\" sizes=\"auto, (max-width: 1024px) 100vw, 1024px\" \/><\/a><\/figure>\n","protected":false},"excerpt":{"rendered":"<p>Aquest dimecres els 6altis hem gaudit un curs m\u00e9s de la Trobada Esportiva de les Escoles de l&#8217;Alt Camp, celebrada al Club Tenis Valls, a Vallmoll. Ha estat un dia ple d&#8217;energia i diversi\u00f3 on els participants han pogut compartir diferents jocs esportius amb companys d&#8217;altres centres de la comarca. M\u00e9s enll\u00e0 de l&#8217;activitat f\u00edsica, [&hellip;]<\/p>\n","protected":false},"author":1,"featured_media":9964,"comment_status":"open","ping_status":"open","sticky":false,"template":"","format":"standard","meta":{"_bbp_topic_count":0,"_bbp_reply_count":0,"_bbp_total_topic_count":0,"_bbp_total_reply_count":0,"_bbp_voice_count":0,"_bbp_anonymous_reply_count":0,"_bbp_topic_count_hidden":0,"_bbp_reply_count_hidden":0,"_bbp_forum_subforum_count":0,"site-sidebar-layout":"default","site-content-layout":"","ast-site-content-layout":"default","site-content-style":"default","site-sidebar-style":"default","ast-global-header-display":"","ast-banner-title-visibility":"","ast-main-header-display":"","ast-hfb-above-header-display":"","ast-hfb-below-header-display":"","ast-hfb-mobile-header-display":"","site-post-title":"","ast-breadcrumbs-content":"","ast-featured-img":"","footer-sml-layout":"","theme-transparent-header-meta":"","adv-header-id-meta":"","stick-header-meta":"","header-above-stick-meta":"","header-main-stick-meta":"","header-below-stick-meta":"","astra-migrate-meta-layouts":"set","ast-page-background-enabled":"default","ast-page-background-meta":{"desktop":{"background-color":"var(--ast-global-color-4)","background-image":"","background-repeat":"repeat","background-position":"center center","background-size":"auto","background-attachment":"scroll","background-type":"","background-media":"","overlay-type":"","overlay-color":"","overlay-opacity":"","overlay-gradient":""},"tablet":{"background-color":"","background-image":"","background-repeat":"repeat","background-position":"center center","background-size":"auto","background-attachment":"scroll","background-type":"","background-media":"","overlay-type":"","overlay-color":"","overlay-opacity":"","overlay-gradient":""},"mobile":{"background-color":"","background-image":"","background-repeat":"repeat","background-position":"center center","background-size":"auto","background-attachment":"scroll","background-type":"","background-media":"","overlay-type":"","overlay-color":"","overlay-opacity":"","overlay-gradient":""}},"ast-content-background-meta":{"desktop":{"background-color":"var(--ast-global-color-5)","background-image":"","background-repeat":"repeat","background-position":"center center","background-size":"auto","background-attachment":"scroll","background-type":"","background-media":"","overlay-type":"","overlay-color":"","overlay-opacity":"","overlay-gradient":""},"tablet":{"background-color":"var(--ast-global-color-5)","background-image":"","background-repeat":"repeat","background-position":"center center","background-size":"auto","background-attachment":"scroll","background-type":"","background-media":"","overlay-type":"","overlay-color":"","overlay-opacity":"","overlay-gradient":""},"mobile":{"background-color":"var(--ast-global-color-5)","background-image":"","background-repeat":"repeat","background-position":"center center","background-size":"auto","background-attachment":"scroll","background-type":"","background-media":"","overlay-type":"","overlay-color":"","overlay-opacity":"","overlay-gradient":""}},"footnotes":""},"categories":[15,327,128,4,5],"tags":[],"class_list":["post-9963","post","type-post","status-publish","format-standard","has-post-thumbnail","hentry","category-6e","category-comunitat-de-grans","category-educacio-fisica","category-portada","category-primaria"],"post_mailing_queue_ids":[],"_links":{"self":[{"href":"https:\/\/agora.xtec.cat\/ceipbaltasar\/wp-json\/wp\/v2\/posts\/9963","targetHints":{"allow":["GET"]}}],"collection":[{"href":"https:\/\/agora.xtec.cat\/ceipbaltasar\/wp-json\/wp\/v2\/posts"}],"about":[{"href":"https:\/\/agora.xtec.cat\/ceipbaltasar\/wp-json\/wp\/v2\/types\/post"}],"author":[{"embeddable":true,"href":"https:\/\/agora.xtec.cat\/ceipbaltasar\/wp-json\/wp\/v2\/users\/1"}],"replies":[{"embeddable":true,"href":"https:\/\/agora.xtec.cat\/ceipbaltasar\/wp-json\/wp\/v2\/comments?post=9963"}],"version-history":[{"count":1,"href":"https:\/\/agora.xtec.cat\/ceipbaltasar\/wp-json\/wp\/v2\/posts\/9963\/revisions"}],"predecessor-version":[{"id":9965,"href":"https:\/\/agora.xtec.cat\/ceipbaltasar\/wp-json\/wp\/v2\/posts\/9963\/revisions\/9965"}],"wp:featuredmedia":[{"embeddable":true,"href":"https:\/\/agora.xtec.cat\/ceipbaltasar\/wp-json\/wp\/v2\/media\/9964"}],"wp:attachment":[{"href":"https:\/\/agora.xtec.cat\/ceipbaltasar\/wp-json\/wp\/v2\/media?parent=9963"}],"wp:term":[{"taxonomy":"category","embeddable":true,"href":"https:\/\/agora.xtec.cat\/ceipbaltasar\/wp-json\/wp\/v2\/categories?post=9963"},{"taxonomy":"post_tag","embeddable":true,"href":"https:\/\/agora.xtec.cat\/ceipbaltasar\/wp-json\/wp\/v2\/tags?post=9963"}],"curies":[{"name":"wp","href":"https:\/\/api.w.org\/{rel}","templated":true}]}}