{"id":9915,"date":"2025-09-16T20:25:12","date_gmt":"2025-09-16T18:25:12","guid":{"rendered":"https:\/\/agora.xtec.cat\/ceipbaltasar\/?p=9915"},"modified":"2025-10-20T20:51:26","modified_gmt":"2025-10-20T18:51:26","slug":"projecte-les-plantes-aromatiques-4","status":"publish","type":"post","link":"https:\/\/agora.xtec.cat\/ceipbaltasar\/portada\/projecte-les-plantes-aromatiques-4\/","title":{"rendered":"PROJECTE: LES PLANTES AROM\u00c0TIQUES"},"content":{"rendered":"\n<p>A l\u2019etapa d\u2019educaci\u00f3 infantil, <strong>aprenem a partir de les viv\u00e8ncies, l&#8217;experimentaci\u00f3 i les sorpreses que ens regala en dia a dia<\/strong>. D&#8217;aquesta manera, i dins del <strong>projecte d\u2019escola sobre la permacultura<\/strong>, hem iniciat un nou projecte que t\u00e9 com a protagonistes unes plantes molt especials: <strong>les plantes arom\u00e0tiques<\/strong>.<\/p>\n\n\n\n<p>Aquest projecte s\u2019emmarca dins del treball global de l\u2019escola per <strong>con\u00e8ixer, respectar i cuidar el nostre entorn natural<\/strong>. Per iniciar-lo, hem comen\u00e7at <strong>tocant, observant i olorant diferents plantes arom\u00e0tiques<\/strong> per descobrir les seves formes, textures i olors. Entre elles hi trobem la <strong>menta, el roman\u00ed, la farigola, l\u2019esp\u00edgol o la camamilla<\/strong>, que ens acompanyaran durant tot el proc\u00e9s d\u2019aprenentatge.<\/p>\n\n\n\n<p>A partir d\u2019aquesta experi\u00e8ncia, hem recollit preguntes i hip\u00f2tesis:<br><em>Per qu\u00e8 algunes fan olor forta? Com creixen? Totes tenen flor? Quina podem utilitzar per cuinar o per curar?<\/em><br>A partir d\u2019aquestes inquietuds, constru\u00efm un <strong>aprenentatge significatiu i vivencial<\/strong>.<\/p>\n\n\n\n<p>Durant les setmanes vinents, els nens i nenes podran:<\/p>\n\n\n\n<ul class=\"wp-block-list\">\n<li><strong>Observar, tocar i olorar<\/strong> diferents plantes arom\u00e0tiques.<\/li>\n\n\n\n<li><strong>Aprendre a plantar i cuidar<\/strong> una llavor per veure com creix.<\/li>\n\n\n\n<li><strong>Descobrir el cicle de vida d\u2019una planta<\/strong>, des de la llavor fins a la flor.<\/li>\n\n\n\n<li><strong>Fer activitats sensorials<\/strong> relacionades amb les olors, els colors i les textures.<\/li>\n\n\n\n<li><strong>Realitzar representacions art\u00edstiques<\/strong> de les plantes utilitzant diferents t\u00e8cniques com el collage, l\u2019aquarel\u00b7la o el grafisme creatiu.<\/li>\n\n\n\n<li><strong>Experimentar amb la natura<\/strong>, fent preparats naturals, infusions o estampacions vegetals.<\/li>\n\n\n\n<li><strong>Construir un herbari col\u00b7lectiu<\/strong>, on recollirem i identificarem les plantes que anem trobant.<\/li>\n<\/ul>\n\n\n\n<p>Amb aquest projecte, no nom\u00e9s descobrim el m\u00f3n de les plantes arom\u00e0tiques, sin\u00f3 que tamb\u00e9 treballem <strong>la curiositat, l\u2019observaci\u00f3, el llenguatge, la motricitat fina, el respecte per la natura i l\u2019educaci\u00f3 sensorial<\/strong>.<\/p>\n\n\n\n<p>Us animem a seguir de prop aquest proc\u00e9s a trav\u00e9s del nostre <strong><em>site <\/em>del projecte de les plantes arom\u00e0tiques<\/strong>. <br><em>Clica la imatge i acompanya\u2019ns en aquest viatge ple d\u2019olors i descobertes!<\/em><\/p>\n\n\n\n<figure class=\"wp-block-image size-large\" style=\"margin-top:0;margin-bottom:0\"><a href=\"https:\/\/sites.google.com\/elsbaltis.cat\/i5projectedepermacultura2024\/p%C3%A0gina-principal\"><img loading=\"lazy\" decoding=\"async\" width=\"1024\" height=\"724\" src=\"https:\/\/agora.xtec.cat\/ceipbaltasar\/wp-content\/uploads\/usu989\/2025\/10\/I-5_FEINES-1024x724.jpg\" alt=\"\" class=\"wp-image-9916\" srcset=\"https:\/\/agora.xtec.cat\/ceipbaltasar\/wp-content\/uploads\/usu989\/2025\/10\/I-5_FEINES-1024x724.jpg 1024w, https:\/\/agora.xtec.cat\/ceipbaltasar\/wp-content\/uploads\/usu989\/2025\/10\/I-5_FEINES-300x212.jpg 300w, https:\/\/agora.xtec.cat\/ceipbaltasar\/wp-content\/uploads\/usu989\/2025\/10\/I-5_FEINES-768x543.jpg 768w, https:\/\/agora.xtec.cat\/ceipbaltasar\/wp-content\/uploads\/usu989\/2025\/10\/I-5_FEINES-1536x1086.jpg 1536w, https:\/\/agora.xtec.cat\/ceipbaltasar\/wp-content\/uploads\/usu989\/2025\/10\/I-5_FEINES.jpg 2000w\" sizes=\"auto, (max-width: 1024px) 100vw, 1024px\" \/><\/a><\/figure>\n","protected":false},"excerpt":{"rendered":"<p>A l\u2019etapa d\u2019educaci\u00f3 infantil, aprenem a partir de les viv\u00e8ncies, l&#8217;experimentaci\u00f3 i les sorpreses que ens regala en dia a dia. D&#8217;aquesta manera, i dins del projecte d\u2019escola sobre la permacultura, hem iniciat un nou projecte que t\u00e9 com a protagonistes unes plantes molt especials: les plantes arom\u00e0tiques. Aquest projecte s\u2019emmarca dins del treball global [&hellip;]<\/p>\n","protected":false},"author":17,"featured_media":9916,"comment_status":"open","ping_status":"open","sticky":false,"template":"","format":"standard","meta":{"_bbp_topic_count":0,"_bbp_reply_count":0,"_bbp_total_topic_count":0,"_bbp_total_reply_count":0,"_bbp_voice_count":0,"_bbp_anonymous_reply_count":0,"_bbp_topic_count_hidden":0,"_bbp_reply_count_hidden":0,"_bbp_forum_subforum_count":0,"site-sidebar-layout":"default","site-content-layout":"","ast-site-content-layout":"default","site-content-style":"default","site-sidebar-style":"default","ast-global-header-display":"","ast-banner-title-visibility":"","ast-main-header-display":"","ast-hfb-above-header-display":"","ast-hfb-below-header-display":"","ast-hfb-mobile-header-display":"","site-post-title":"","ast-breadcrumbs-content":"","ast-featured-img":"","footer-sml-layout":"","theme-transparent-header-meta":"","adv-header-id-meta":"","stick-header-meta":"","header-above-stick-meta":"","header-main-stick-meta":"","header-below-stick-meta":"","astra-migrate-meta-layouts":"set","ast-page-background-enabled":"default","ast-page-background-meta":{"desktop":{"background-color":"var(--ast-global-color-4)","background-image":"","background-repeat":"repeat","background-position":"center center","background-size":"auto","background-attachment":"scroll","background-type":"","background-media":"","overlay-type":"","overlay-color":"","overlay-opacity":"","overlay-gradient":""},"tablet":{"background-color":"","background-image":"","background-repeat":"repeat","background-position":"center center","background-size":"auto","background-attachment":"scroll","background-type":"","background-media":"","overlay-type":"","overlay-color":"","overlay-opacity":"","overlay-gradient":""},"mobile":{"background-color":"","background-image":"","background-repeat":"repeat","background-position":"center center","background-size":"auto","background-attachment":"scroll","background-type":"","background-media":"","overlay-type":"","overlay-color":"","overlay-opacity":"","overlay-gradient":""}},"ast-content-background-meta":{"desktop":{"background-color":"var(--ast-global-color-5)","background-image":"","background-repeat":"repeat","background-position":"center center","background-size":"auto","background-attachment":"scroll","background-type":"","background-media":"","overlay-type":"","overlay-color":"","overlay-opacity":"","overlay-gradient":""},"tablet":{"background-color":"var(--ast-global-color-5)","background-image":"","background-repeat":"repeat","background-position":"center center","background-size":"auto","background-attachment":"scroll","background-type":"","background-media":"","overlay-type":"","overlay-color":"","overlay-opacity":"","overlay-gradient":""},"mobile":{"background-color":"var(--ast-global-color-5)","background-image":"","background-repeat":"repeat","background-position":"center center","background-size":"auto","background-attachment":"scroll","background-type":"","background-media":"","overlay-type":"","overlay-color":"","overlay-opacity":"","overlay-gradient":""}},"footnotes":""},"categories":[329,9,4],"tags":[62,90],"class_list":["post-9915","post","type-post","status-publish","format-standard","has-post-thumbnail","hentry","category-comunitat-de-petits","category-i5","category-portada","tag-educacio-infantil","tag-serbaltimolamolt"],"post_mailing_queue_ids":[],"_links":{"self":[{"href":"https:\/\/agora.xtec.cat\/ceipbaltasar\/wp-json\/wp\/v2\/posts\/9915","targetHints":{"allow":["GET"]}}],"collection":[{"href":"https:\/\/agora.xtec.cat\/ceipbaltasar\/wp-json\/wp\/v2\/posts"}],"about":[{"href":"https:\/\/agora.xtec.cat\/ceipbaltasar\/wp-json\/wp\/v2\/types\/post"}],"author":[{"embeddable":true,"href":"https:\/\/agora.xtec.cat\/ceipbaltasar\/wp-json\/wp\/v2\/users\/17"}],"replies":[{"embeddable":true,"href":"https:\/\/agora.xtec.cat\/ceipbaltasar\/wp-json\/wp\/v2\/comments?post=9915"}],"version-history":[{"count":1,"href":"https:\/\/agora.xtec.cat\/ceipbaltasar\/wp-json\/wp\/v2\/posts\/9915\/revisions"}],"predecessor-version":[{"id":9917,"href":"https:\/\/agora.xtec.cat\/ceipbaltasar\/wp-json\/wp\/v2\/posts\/9915\/revisions\/9917"}],"wp:featuredmedia":[{"embeddable":true,"href":"https:\/\/agora.xtec.cat\/ceipbaltasar\/wp-json\/wp\/v2\/media\/9916"}],"wp:attachment":[{"href":"https:\/\/agora.xtec.cat\/ceipbaltasar\/wp-json\/wp\/v2\/media?parent=9915"}],"wp:term":[{"taxonomy":"category","embeddable":true,"href":"https:\/\/agora.xtec.cat\/ceipbaltasar\/wp-json\/wp\/v2\/categories?post=9915"},{"taxonomy":"post_tag","embeddable":true,"href":"https:\/\/agora.xtec.cat\/ceipbaltasar\/wp-json\/wp\/v2\/tags?post=9915"}],"curies":[{"name":"wp","href":"https:\/\/api.w.org\/{rel}","templated":true}]}}