{"id":9802,"date":"2025-09-30T15:58:17","date_gmt":"2025-09-30T13:58:17","guid":{"rendered":"https:\/\/agora.xtec.cat\/ceipbaltasar\/?p=9802"},"modified":"2025-09-30T16:01:07","modified_gmt":"2025-09-30T14:01:07","slug":"els-6altis-visitem-lexposicio-un-mon-de-colors-al-caixa-forum","status":"publish","type":"post","link":"https:\/\/agora.xtec.cat\/ceipbaltasar\/portada\/els-6altis-visitem-lexposicio-un-mon-de-colors-al-caixa-forum\/","title":{"rendered":"Els 6altis visitem l&#8217;exposici\u00f3 &#8220;Un m\u00f3n de colors&#8221; al Caixa F\u00f2rum."},"content":{"rendered":"\n<div class=\"wp-block-media-text is-stacked-on-mobile\"><figure class=\"wp-block-media-text__media\"><a href=\"https:\/\/drive.google.com\/drive\/folders\/1nOSk7JMyoP5_FZlObv7Q3PjHoefNE6mY\"><img loading=\"lazy\" decoding=\"async\" width=\"1024\" height=\"768\" src=\"https:\/\/agora.xtec.cat\/ceipbaltasar\/wp-content\/uploads\/usu989\/2025\/09\/WhatsApp-Image-2025-09-30-at-15.42.27-1024x768.jpeg\" alt=\"\" class=\"wp-image-9804 size-full\" srcset=\"https:\/\/agora.xtec.cat\/ceipbaltasar\/wp-content\/uploads\/usu989\/2025\/09\/WhatsApp-Image-2025-09-30-at-15.42.27-1024x768.jpeg 1024w, https:\/\/agora.xtec.cat\/ceipbaltasar\/wp-content\/uploads\/usu989\/2025\/09\/WhatsApp-Image-2025-09-30-at-15.42.27-300x225.jpeg 300w, https:\/\/agora.xtec.cat\/ceipbaltasar\/wp-content\/uploads\/usu989\/2025\/09\/WhatsApp-Image-2025-09-30-at-15.42.27-768x576.jpeg 768w, https:\/\/agora.xtec.cat\/ceipbaltasar\/wp-content\/uploads\/usu989\/2025\/09\/WhatsApp-Image-2025-09-30-at-15.42.27-1536x1152.jpeg 1536w, https:\/\/agora.xtec.cat\/ceipbaltasar\/wp-content\/uploads\/usu989\/2025\/09\/WhatsApp-Image-2025-09-30-at-15.42.27.jpeg 1600w\" sizes=\"auto, (max-width: 1024px) 100vw, 1024px\" \/><\/a><\/figure><div class=\"wp-block-media-text__content\">\n<p><\/p>\n\n\n\n<p>Ahir els 6altis vam anar a Tarragona a veure l&#8217;exposici\u00f3  &#8220;Un m\u00f3n de colors&#8221;. Tamb\u00e9 vam participar al taller &#8220;Ritmes del m\u00f3n&#8221;. Fins i tot vam tenir temps d&#8217;anar al balc\u00f3 del Mediterrani a &#8220;tocar ferro&#8221;!<\/p>\n\n\n\n<p>Cliqueu al damunt de la imatge per accedir a l&#8217;\u00e0lbum de fotos de la sortida.<\/p>\n<\/div><\/div>\n","protected":false},"excerpt":{"rendered":"<p>Ahir els 6altis vam anar a Tarragona a veure l&#8217;exposici\u00f3 &#8220;Un m\u00f3n de colors&#8221;. Tamb\u00e9 vam participar al taller &#8220;Ritmes del m\u00f3n&#8221;. Fins i tot vam tenir temps d&#8217;anar al balc\u00f3 del Mediterrani a &#8220;tocar ferro&#8221;! Cliqueu al damunt de la imatge per accedir a l&#8217;\u00e0lbum de fotos de la sortida.<\/p>\n","protected":false},"author":1,"featured_media":9816,"comment_status":"open","ping_status":"open","sticky":false,"template":"","format":"standard","meta":{"_bbp_topic_count":0,"_bbp_reply_count":0,"_bbp_total_topic_count":0,"_bbp_total_reply_count":0,"_bbp_voice_count":0,"_bbp_anonymous_reply_count":0,"_bbp_topic_count_hidden":0,"_bbp_reply_count_hidden":0,"_bbp_forum_subforum_count":0,"site-sidebar-layout":"default","site-content-layout":"","ast-site-content-layout":"default","site-content-style":"default","site-sidebar-style":"default","ast-global-header-display":"","ast-banner-title-visibility":"","ast-main-header-display":"","ast-hfb-above-header-display":"","ast-hfb-below-header-display":"","ast-hfb-mobile-header-display":"","site-post-title":"","ast-breadcrumbs-content":"","ast-featured-img":"","footer-sml-layout":"","theme-transparent-header-meta":"","adv-header-id-meta":"","stick-header-meta":"","header-above-stick-meta":"","header-main-stick-meta":"","header-below-stick-meta":"","astra-migrate-meta-layouts":"set","ast-page-background-enabled":"default","ast-page-background-meta":{"desktop":{"background-color":"var(--ast-global-color-4)","background-image":"","background-repeat":"repeat","background-position":"center center","background-size":"auto","background-attachment":"scroll","background-type":"","background-media":"","overlay-type":"","overlay-color":"","overlay-opacity":"","overlay-gradient":""},"tablet":{"background-color":"","background-image":"","background-repeat":"repeat","background-position":"center center","background-size":"auto","background-attachment":"scroll","background-type":"","background-media":"","overlay-type":"","overlay-color":"","overlay-opacity":"","overlay-gradient":""},"mobile":{"background-color":"","background-image":"","background-repeat":"repeat","background-position":"center center","background-size":"auto","background-attachment":"scroll","background-type":"","background-media":"","overlay-type":"","overlay-color":"","overlay-opacity":"","overlay-gradient":""}},"ast-content-background-meta":{"desktop":{"background-color":"var(--ast-global-color-5)","background-image":"","background-repeat":"repeat","background-position":"center center","background-size":"auto","background-attachment":"scroll","background-type":"","background-media":"","overlay-type":"","overlay-color":"","overlay-opacity":"","overlay-gradient":""},"tablet":{"background-color":"var(--ast-global-color-5)","background-image":"","background-repeat":"repeat","background-position":"center center","background-size":"auto","background-attachment":"scroll","background-type":"","background-media":"","overlay-type":"","overlay-color":"","overlay-opacity":"","overlay-gradient":""},"mobile":{"background-color":"var(--ast-global-color-5)","background-image":"","background-repeat":"repeat","background-position":"center center","background-size":"auto","background-attachment":"scroll","background-type":"","background-media":"","overlay-type":"","overlay-color":"","overlay-opacity":"","overlay-gradient":""}},"footnotes":""},"categories":[15,327,4,5],"tags":[],"class_list":["post-9802","post","type-post","status-publish","format-standard","has-post-thumbnail","hentry","category-6e","category-comunitat-de-grans","category-portada","category-primaria"],"post_mailing_queue_ids":[],"_links":{"self":[{"href":"https:\/\/agora.xtec.cat\/ceipbaltasar\/wp-json\/wp\/v2\/posts\/9802","targetHints":{"allow":["GET"]}}],"collection":[{"href":"https:\/\/agora.xtec.cat\/ceipbaltasar\/wp-json\/wp\/v2\/posts"}],"about":[{"href":"https:\/\/agora.xtec.cat\/ceipbaltasar\/wp-json\/wp\/v2\/types\/post"}],"author":[{"embeddable":true,"href":"https:\/\/agora.xtec.cat\/ceipbaltasar\/wp-json\/wp\/v2\/users\/1"}],"replies":[{"embeddable":true,"href":"https:\/\/agora.xtec.cat\/ceipbaltasar\/wp-json\/wp\/v2\/comments?post=9802"}],"version-history":[{"count":2,"href":"https:\/\/agora.xtec.cat\/ceipbaltasar\/wp-json\/wp\/v2\/posts\/9802\/revisions"}],"predecessor-version":[{"id":9822,"href":"https:\/\/agora.xtec.cat\/ceipbaltasar\/wp-json\/wp\/v2\/posts\/9802\/revisions\/9822"}],"wp:featuredmedia":[{"embeddable":true,"href":"https:\/\/agora.xtec.cat\/ceipbaltasar\/wp-json\/wp\/v2\/media\/9816"}],"wp:attachment":[{"href":"https:\/\/agora.xtec.cat\/ceipbaltasar\/wp-json\/wp\/v2\/media?parent=9802"}],"wp:term":[{"taxonomy":"category","embeddable":true,"href":"https:\/\/agora.xtec.cat\/ceipbaltasar\/wp-json\/wp\/v2\/categories?post=9802"},{"taxonomy":"post_tag","embeddable":true,"href":"https:\/\/agora.xtec.cat\/ceipbaltasar\/wp-json\/wp\/v2\/tags?post=9802"}],"curies":[{"name":"wp","href":"https:\/\/api.w.org\/{rel}","templated":true}]}}