{"id":9646,"date":"2025-05-18T19:39:55","date_gmt":"2025-05-18T17:39:55","guid":{"rendered":"https:\/\/agora.xtec.cat\/ceipbaltasar\/?p=9646"},"modified":"2025-05-18T19:39:55","modified_gmt":"2025-05-18T17:39:55","slug":"la-carbassa-poruga","status":"publish","type":"post","link":"https:\/\/agora.xtec.cat\/ceipbaltasar\/general\/la-carbassa-poruga\/","title":{"rendered":"LA CARBASSA PORUGA"},"content":{"rendered":"<p data-start=\"143\" data-end=\"215\"><strong data-start=\"143\" data-end=\"215\">Una visita plena de m\u00e0gia i m\u00fasica amb l\u2019Oriol de <em data-start=\"195\" data-end=\"213\">Vivim del cuentu<\/em><\/strong><\/p>\n<p data-start=\"217\" data-end=\"584\"><a href=\"https:\/\/agora.xtec.cat\/ceipbaltasar\/wp-content\/uploads\/usu989\/2025\/05\/IMG-20250518-WA0007.jpg\"><img loading=\"lazy\" decoding=\"async\" class=\"wp-image-9645 alignleft\" src=\"https:\/\/agora.xtec.cat\/ceipbaltasar\/wp-content\/uploads\/usu989\/2025\/05\/IMG-20250518-WA0007-1017x1024.jpg\" alt=\"\" width=\"293\" height=\"295\" srcset=\"https:\/\/agora.xtec.cat\/ceipbaltasar\/wp-content\/uploads\/usu989\/2025\/05\/IMG-20250518-WA0007-1017x1024.jpg 1017w, https:\/\/agora.xtec.cat\/ceipbaltasar\/wp-content\/uploads\/usu989\/2025\/05\/IMG-20250518-WA0007-298x300.jpg 298w, https:\/\/agora.xtec.cat\/ceipbaltasar\/wp-content\/uploads\/usu989\/2025\/05\/IMG-20250518-WA0007-150x150.jpg 150w, https:\/\/agora.xtec.cat\/ceipbaltasar\/wp-content\/uploads\/usu989\/2025\/05\/IMG-20250518-WA0007-768x773.jpg 768w, https:\/\/agora.xtec.cat\/ceipbaltasar\/wp-content\/uploads\/usu989\/2025\/05\/IMG-20250518-WA0007.jpg 1478w\" sizes=\"auto, (max-width: 293px) 100vw, 293px\" \/><\/a><\/p>\n<p data-start=\"217\" data-end=\"584\">La Comunitat de petits vam tenir la sort de rebre la visita de l\u2019Oriol, un dels contacontes de <em data-start=\"348\" data-end=\"366\">Vivim del cuentu<\/em>, que ens va fer passar una estona inoblidable. Va venir a explicar-nos el conte <strong data-start=\"447\" data-end=\"471\"><em data-start=\"449\" data-end=\"469\">La carbassa poruga<\/em><\/strong>, una hist\u00f2ria divertida i tendra d&#8217;una carbassa que t\u00e9 por d&#8217;anar de col\u00f2nies, per\u00f2 que despr\u00e9s d&#8217;anar-hi reconeix que s&#8217;ho ha passat superb\u00e9.<\/p>\n<p data-start=\"586\" data-end=\"936\">Amb la seva energia contagiosa, l\u2019Oriol va captivar petits i grans des del primer moment. Per\u00f2 no nom\u00e9s ens va explicar el conte&#8230; Tamb\u00e9 va portar el seu inseparable <strong data-start=\"753\" data-end=\"764\">ukelele<\/strong>, amb el qual ens va fer cantar, ballar i participar a tots! La m\u00fasica va donar un toc m\u00e0gic a l\u2019activitat i va fer que l\u2019experi\u00e8ncia fos encara m\u00e9s emocionant i memorable.<\/p>\n<p data-start=\"938\" data-end=\"1145\">Va ser una estona plena d\u2019emocions, imaginaci\u00f3 i bon humor. Estem molt contents d\u2019haver pogut compartir aquesta estona amb ell i de descobrir el m\u00f3n de <strong><em>La carbassa poruga<\/em><\/strong> a trav\u00e9s de la seva veu i el seu art.<\/p>\n<p data-start=\"1147\" data-end=\"1231\">Moltes gr\u00e0cies, Oriol, per fer-nos gaudir tant! Esperem tornar-te a veure ben aviat!<\/p>\n","protected":false},"excerpt":{"rendered":"<p>Una visita plena de m\u00e0gia i m\u00fasica amb l\u2019Oriol de Vivim del cuentu La Comunitat de petits vam tenir la sort de rebre la visita de l\u2019Oriol, un dels contacontes de Vivim del cuentu, que ens va fer passar una estona inoblidable. Va venir a explicar-nos el conte La carbassa poruga, una hist\u00f2ria divertida i [&hellip;]<\/p>\n","protected":false},"author":10,"featured_media":9645,"comment_status":"open","ping_status":"closed","sticky":false,"template":"","format":"standard","meta":{"_bbp_topic_count":0,"_bbp_reply_count":0,"_bbp_total_topic_count":0,"_bbp_total_reply_count":0,"_bbp_voice_count":0,"_bbp_anonymous_reply_count":0,"_bbp_topic_count_hidden":0,"_bbp_reply_count_hidden":0,"_bbp_forum_subforum_count":0,"site-sidebar-layout":"default","site-content-layout":"","ast-site-content-layout":"","site-content-style":"default","site-sidebar-style":"default","ast-global-header-display":"","ast-banner-title-visibility":"","ast-main-header-display":"","ast-hfb-above-header-display":"","ast-hfb-below-header-display":"","ast-hfb-mobile-header-display":"","site-post-title":"","ast-breadcrumbs-content":"","ast-featured-img":"","footer-sml-layout":"","theme-transparent-header-meta":"","adv-header-id-meta":"","stick-header-meta":"","header-above-stick-meta":"","header-main-stick-meta":"","header-below-stick-meta":"","astra-migrate-meta-layouts":"default","ast-page-background-enabled":"default","ast-page-background-meta":{"desktop":{"background-color":"var(--ast-global-color-4)","background-image":"","background-repeat":"repeat","background-position":"center center","background-size":"auto","background-attachment":"scroll","background-type":"","background-media":"","overlay-type":"","overlay-color":"","overlay-opacity":"","overlay-gradient":""},"tablet":{"background-color":"","background-image":"","background-repeat":"repeat","background-position":"center center","background-size":"auto","background-attachment":"scroll","background-type":"","background-media":"","overlay-type":"","overlay-color":"","overlay-opacity":"","overlay-gradient":""},"mobile":{"background-color":"","background-image":"","background-repeat":"repeat","background-position":"center center","background-size":"auto","background-attachment":"scroll","background-type":"","background-media":"","overlay-type":"","overlay-color":"","overlay-opacity":"","overlay-gradient":""}},"ast-content-background-meta":{"desktop":{"background-color":"var(--ast-global-color-5)","background-image":"","background-repeat":"repeat","background-position":"center center","background-size":"auto","background-attachment":"scroll","background-type":"","background-media":"","overlay-type":"","overlay-color":"","overlay-opacity":"","overlay-gradient":""},"tablet":{"background-color":"var(--ast-global-color-5)","background-image":"","background-repeat":"repeat","background-position":"center center","background-size":"auto","background-attachment":"scroll","background-type":"","background-media":"","overlay-type":"","overlay-color":"","overlay-opacity":"","overlay-gradient":""},"mobile":{"background-color":"var(--ast-global-color-5)","background-image":"","background-repeat":"repeat","background-position":"center center","background-size":"auto","background-attachment":"scroll","background-type":"","background-media":"","overlay-type":"","overlay-color":"","overlay-opacity":"","overlay-gradient":""}},"footnotes":""},"categories":[1,2,4],"tags":[62,83],"class_list":["post-9646","post","type-post","status-publish","format-standard","has-post-thumbnail","hentry","category-general","category-infantil","category-portada","tag-educacio-infantil","tag-lectura"],"post_mailing_queue_ids":[],"_links":{"self":[{"href":"https:\/\/agora.xtec.cat\/ceipbaltasar\/wp-json\/wp\/v2\/posts\/9646","targetHints":{"allow":["GET"]}}],"collection":[{"href":"https:\/\/agora.xtec.cat\/ceipbaltasar\/wp-json\/wp\/v2\/posts"}],"about":[{"href":"https:\/\/agora.xtec.cat\/ceipbaltasar\/wp-json\/wp\/v2\/types\/post"}],"author":[{"embeddable":true,"href":"https:\/\/agora.xtec.cat\/ceipbaltasar\/wp-json\/wp\/v2\/users\/10"}],"replies":[{"embeddable":true,"href":"https:\/\/agora.xtec.cat\/ceipbaltasar\/wp-json\/wp\/v2\/comments?post=9646"}],"version-history":[{"count":3,"href":"https:\/\/agora.xtec.cat\/ceipbaltasar\/wp-json\/wp\/v2\/posts\/9646\/revisions"}],"predecessor-version":[{"id":9649,"href":"https:\/\/agora.xtec.cat\/ceipbaltasar\/wp-json\/wp\/v2\/posts\/9646\/revisions\/9649"}],"wp:featuredmedia":[{"embeddable":true,"href":"https:\/\/agora.xtec.cat\/ceipbaltasar\/wp-json\/wp\/v2\/media\/9645"}],"wp:attachment":[{"href":"https:\/\/agora.xtec.cat\/ceipbaltasar\/wp-json\/wp\/v2\/media?parent=9646"}],"wp:term":[{"taxonomy":"category","embeddable":true,"href":"https:\/\/agora.xtec.cat\/ceipbaltasar\/wp-json\/wp\/v2\/categories?post=9646"},{"taxonomy":"post_tag","embeddable":true,"href":"https:\/\/agora.xtec.cat\/ceipbaltasar\/wp-json\/wp\/v2\/tags?post=9646"}],"curies":[{"name":"wp","href":"https:\/\/api.w.org\/{rel}","templated":true}]}}