{"id":9636,"date":"2025-05-10T12:32:26","date_gmt":"2025-05-10T10:32:26","guid":{"rendered":"https:\/\/agora.xtec.cat\/ceipbaltasar\/?p=9636"},"modified":"2025-05-10T12:32:26","modified_gmt":"2025-05-10T10:32:26","slug":"descobrim-el-mon-de-les-granotes-un-nou-projecte-a-educacio-infantil","status":"publish","type":"post","link":"https:\/\/agora.xtec.cat\/ceipbaltasar\/general\/descobrim-el-mon-de-les-granotes-un-nou-projecte-a-educacio-infantil\/","title":{"rendered":"Descobrim el M\u00f3n de les Granotes: un nou projecte a Educaci\u00f3 Infantil"},"content":{"rendered":"<p data-start=\"274\" data-end=\"514\">A l\u2019etapa d\u2019educaci\u00f3 infantil, aprendre \u00e9s sin\u00f2nim de viure, experimentar i sorprendre\u2019s. Amb aquesta filosofia, aquest tercer trimestre hem iniciat un nou projecte que t\u00e9 com a protagonista un animal ben curi\u00f3s i fascinant: <strong data-start=\"499\" data-end=\"513\">la granota<\/strong>!<\/p>\n<p data-start=\"516\" data-end=\"794\">Aquest projecte sorgeix a partir de la sortida que properament realitzarem a una riera i que el realitzarem tot l&#8217;alumnat d&#8217;educaci\u00f3 infantil. A partir de l&#8217;observaci\u00f3 del nostre estany,\u00a0 s&#8217;ha iniciat una conversa\u00a0 on hem recollit les preguntes sobre aquests amfibis: Qu\u00e8 mengen? On viuen? Com salten tant? Aprofitem aquesta curiositat natural per construir un <strong data-start=\"752\" data-end=\"793\">aprenentatge significatiu i vivencial<\/strong>.<\/p>\n<p data-start=\"796\" data-end=\"850\">Durant les setmanes vinents, els nens i nenes podran:<\/p>\n<ul data-start=\"851\" data-end=\"1245\">\n<li data-start=\"851\" data-end=\"916\">\n<p data-start=\"853\" data-end=\"916\">Observar imatges i v\u00eddeos de granotes i el seu h\u00e0bitat natural.<\/p>\n<\/li>\n<li data-start=\"917\" data-end=\"997\">\n<p data-start=\"919\" data-end=\"997\">Con\u00e8ixer el <strong data-start=\"931\" data-end=\"962\">cicle de vida de la granota<\/strong>, des de l\u2019ou fins a l\u2019edat adulta.<\/p>\n<\/li>\n<li data-start=\"998\" data-end=\"1088\">\n<p data-start=\"1000\" data-end=\"1088\">Participar en activitats art\u00edstiques com la creaci\u00f3 de granotes amb diferents materials.<\/p>\n<\/li>\n<li data-start=\"1089\" data-end=\"1158\">\n<p data-start=\"1091\" data-end=\"1158\">Gaudir de contes, can\u00e7ons i poesies relacionades amb aquest animal.<\/p>\n<\/li>\n<li data-start=\"1159\" data-end=\"1245\">\n<p data-start=\"1161\" data-end=\"1245\">Fer petits experiments per entendre com neden o com fan servir les potes per saltar.<\/p>\n<\/li>\n<\/ul>\n<p data-start=\"1247\" data-end=\"1442\">A m\u00e9s, estem preparant dins l&#8217;ambient de minim\u00f3ns un petit rac\u00f3 amb elements naturals per simular un estany, on els infants podran fer <strong data-start=\"1364\" data-end=\"1380\">joc simb\u00f2lic<\/strong>, imaginar, construir i representar tot all\u00f2 que van aprenent.<\/p>\n<p data-start=\"1444\" data-end=\"1662\">Amb aquest projecte no nom\u00e9s descobrim el m\u00f3n de les granotes, sin\u00f3 que tamb\u00e9 treballem compet\u00e8ncies com la <strong data-start=\"1552\" data-end=\"1566\">observaci\u00f3<\/strong>, la <strong data-start=\"1571\" data-end=\"1589\">expressi\u00f3 oral<\/strong>, la <strong data-start=\"1594\" data-end=\"1613\">motricitat fina<\/strong>, la <strong data-start=\"1618\" data-end=\"1633\">creativitat<\/strong> i el respecte per la natura.<\/p>\n<p data-start=\"1664\" data-end=\"1838\">Us animem a seguir de prop aquest proc\u00e9s a trav\u00e9s del nostre blog i de les activitats que compartirem. Gr\u00e0cies per acompanyar-nos en aquesta aventura educativa tan saltirona!<\/p>\n<p data-start=\"1664\" data-end=\"1838\">Si cliques la imatge, et portar\u00e0 al site de la granota.<\/p>\n<p data-start=\"1840\" data-end=\"1871\"><a href=\"https:\/\/sites.google.com\/elsbaltis.cat\/2024-25infantil-la-granota\/p%C3%A0gina-principal\"><img loading=\"lazy\" decoding=\"async\" class=\"alignnone size-large wp-image-9634\" src=\"https:\/\/agora.xtec.cat\/ceipbaltasar\/wp-content\/uploads\/usu989\/2025\/05\/PORTADA-LES-GRANOTES-1024x448.png\" alt=\"\" width=\"1024\" height=\"448\" srcset=\"https:\/\/agora.xtec.cat\/ceipbaltasar\/wp-content\/uploads\/usu989\/2025\/05\/PORTADA-LES-GRANOTES-1024x448.png 1024w, https:\/\/agora.xtec.cat\/ceipbaltasar\/wp-content\/uploads\/usu989\/2025\/05\/PORTADA-LES-GRANOTES-300x131.png 300w, https:\/\/agora.xtec.cat\/ceipbaltasar\/wp-content\/uploads\/usu989\/2025\/05\/PORTADA-LES-GRANOTES-768x336.png 768w, https:\/\/agora.xtec.cat\/ceipbaltasar\/wp-content\/uploads\/usu989\/2025\/05\/PORTADA-LES-GRANOTES.png 1345w\" sizes=\"auto, (max-width: 1024px) 100vw, 1024px\" \/><\/a><\/p>\n","protected":false},"excerpt":{"rendered":"<p>A l\u2019etapa d\u2019educaci\u00f3 infantil, aprendre \u00e9s sin\u00f2nim de viure, experimentar i sorprendre\u2019s. Amb aquesta filosofia, aquest tercer trimestre hem iniciat un nou projecte que t\u00e9 com a protagonista un animal ben curi\u00f3s i fascinant: la granota! Aquest projecte sorgeix a partir de la sortida que properament realitzarem a una riera i que el realitzarem tot [&hellip;]<\/p>\n","protected":false},"author":10,"featured_media":9634,"comment_status":"open","ping_status":"closed","sticky":false,"template":"","format":"standard","meta":{"_bbp_topic_count":0,"_bbp_reply_count":0,"_bbp_total_topic_count":0,"_bbp_total_reply_count":0,"_bbp_voice_count":0,"_bbp_anonymous_reply_count":0,"_bbp_topic_count_hidden":0,"_bbp_reply_count_hidden":0,"_bbp_forum_subforum_count":0,"site-sidebar-layout":"default","site-content-layout":"","ast-site-content-layout":"","site-content-style":"default","site-sidebar-style":"default","ast-global-header-display":"","ast-banner-title-visibility":"","ast-main-header-display":"","ast-hfb-above-header-display":"","ast-hfb-below-header-display":"","ast-hfb-mobile-header-display":"","site-post-title":"","ast-breadcrumbs-content":"","ast-featured-img":"","footer-sml-layout":"","theme-transparent-header-meta":"","adv-header-id-meta":"","stick-header-meta":"","header-above-stick-meta":"","header-main-stick-meta":"","header-below-stick-meta":"","astra-migrate-meta-layouts":"default","ast-page-background-enabled":"default","ast-page-background-meta":{"desktop":{"background-color":"var(--ast-global-color-4)","background-image":"","background-repeat":"repeat","background-position":"center center","background-size":"auto","background-attachment":"scroll","background-type":"","background-media":"","overlay-type":"","overlay-color":"","overlay-opacity":"","overlay-gradient":""},"tablet":{"background-color":"","background-image":"","background-repeat":"repeat","background-position":"center center","background-size":"auto","background-attachment":"scroll","background-type":"","background-media":"","overlay-type":"","overlay-color":"","overlay-opacity":"","overlay-gradient":""},"mobile":{"background-color":"","background-image":"","background-repeat":"repeat","background-position":"center center","background-size":"auto","background-attachment":"scroll","background-type":"","background-media":"","overlay-type":"","overlay-color":"","overlay-opacity":"","overlay-gradient":""}},"ast-content-background-meta":{"desktop":{"background-color":"var(--ast-global-color-5)","background-image":"","background-repeat":"repeat","background-position":"center center","background-size":"auto","background-attachment":"scroll","background-type":"","background-media":"","overlay-type":"","overlay-color":"","overlay-opacity":"","overlay-gradient":""},"tablet":{"background-color":"var(--ast-global-color-5)","background-image":"","background-repeat":"repeat","background-position":"center center","background-size":"auto","background-attachment":"scroll","background-type":"","background-media":"","overlay-type":"","overlay-color":"","overlay-opacity":"","overlay-gradient":""},"mobile":{"background-color":"var(--ast-global-color-5)","background-image":"","background-repeat":"repeat","background-position":"center center","background-size":"auto","background-attachment":"scroll","background-type":"","background-media":"","overlay-type":"","overlay-color":"","overlay-opacity":"","overlay-gradient":""}},"footnotes":""},"categories":[1,9,4],"tags":[62,324,115],"class_list":["post-9636","post","type-post","status-publish","format-standard","has-post-thumbnail","hentry","category-general","category-i5","category-portada","tag-educacio-infantil","tag-i5","tag-projecte"],"post_mailing_queue_ids":[],"_links":{"self":[{"href":"https:\/\/agora.xtec.cat\/ceipbaltasar\/wp-json\/wp\/v2\/posts\/9636","targetHints":{"allow":["GET"]}}],"collection":[{"href":"https:\/\/agora.xtec.cat\/ceipbaltasar\/wp-json\/wp\/v2\/posts"}],"about":[{"href":"https:\/\/agora.xtec.cat\/ceipbaltasar\/wp-json\/wp\/v2\/types\/post"}],"author":[{"embeddable":true,"href":"https:\/\/agora.xtec.cat\/ceipbaltasar\/wp-json\/wp\/v2\/users\/10"}],"replies":[{"embeddable":true,"href":"https:\/\/agora.xtec.cat\/ceipbaltasar\/wp-json\/wp\/v2\/comments?post=9636"}],"version-history":[{"count":1,"href":"https:\/\/agora.xtec.cat\/ceipbaltasar\/wp-json\/wp\/v2\/posts\/9636\/revisions"}],"predecessor-version":[{"id":9637,"href":"https:\/\/agora.xtec.cat\/ceipbaltasar\/wp-json\/wp\/v2\/posts\/9636\/revisions\/9637"}],"wp:featuredmedia":[{"embeddable":true,"href":"https:\/\/agora.xtec.cat\/ceipbaltasar\/wp-json\/wp\/v2\/media\/9634"}],"wp:attachment":[{"href":"https:\/\/agora.xtec.cat\/ceipbaltasar\/wp-json\/wp\/v2\/media?parent=9636"}],"wp:term":[{"taxonomy":"category","embeddable":true,"href":"https:\/\/agora.xtec.cat\/ceipbaltasar\/wp-json\/wp\/v2\/categories?post=9636"},{"taxonomy":"post_tag","embeddable":true,"href":"https:\/\/agora.xtec.cat\/ceipbaltasar\/wp-json\/wp\/v2\/tags?post=9636"}],"curies":[{"name":"wp","href":"https:\/\/api.w.org\/{rel}","templated":true}]}}