{"id":9596,"date":"2025-03-31T11:49:34","date_gmt":"2025-03-31T09:49:34","guid":{"rendered":"https:\/\/agora.xtec.cat\/ceipbaltasar\/?p=9596"},"modified":"2025-04-04T08:38:27","modified_gmt":"2025-04-04T06:38:27","slug":"projecte-el-nostre-cos","status":"publish","type":"post","link":"https:\/\/agora.xtec.cat\/ceipbaltasar\/portada\/projecte-el-nostre-cos\/","title":{"rendered":"Projecte: El nostre cos"},"content":{"rendered":"<p class=\"\" data-start=\"93\" data-end=\"336\">Els b4ltis han iniciat el projecte <strong data-start=\"135\" data-end=\"163\">&#8220;Coneixem el nostre cos&#8221;<\/strong>, centrant-se en <strong data-start=\"180\" data-end=\"205\">la funci\u00f3 de nutrici\u00f3<\/strong>. Descobriran com els aliments es transformen en energia gr\u00e0cies als aparells digestiu, circulatori, respiratori i excretor.<\/p>\n<p class=\"\" data-start=\"338\" data-end=\"497\">Amb experiments i activitats, aprenen la import\u00e0ncia d\u2019una alimentaci\u00f3 saludable i el funcionament del cos hum\u00e0. Seguirem explorant i compartint descobertes!<\/p>\n<p data-start=\"338\" data-end=\"497\"><a href=\"https:\/\/sites.google.com\/elsbaltis.cat\/curs24-254t\/p%C3%A0gina-principal\"><img loading=\"lazy\" decoding=\"async\" class=\"alignnone size-large wp-image-9597\" src=\"https:\/\/agora.xtec.cat\/ceipbaltasar\/wp-content\/uploads\/usu989\/2025\/03\/pag.-bloc-cos-1024x391.jpg\" alt=\"\" width=\"1024\" height=\"391\" srcset=\"https:\/\/agora.xtec.cat\/ceipbaltasar\/wp-content\/uploads\/usu989\/2025\/03\/pag.-bloc-cos-1024x391.jpg 1024w, https:\/\/agora.xtec.cat\/ceipbaltasar\/wp-content\/uploads\/usu989\/2025\/03\/pag.-bloc-cos-300x115.jpg 300w, https:\/\/agora.xtec.cat\/ceipbaltasar\/wp-content\/uploads\/usu989\/2025\/03\/pag.-bloc-cos-768x294.jpg 768w, https:\/\/agora.xtec.cat\/ceipbaltasar\/wp-content\/uploads\/usu989\/2025\/03\/pag.-bloc-cos.jpg 1342w\" sizes=\"auto, (max-width: 1024px) 100vw, 1024px\" \/><\/a><\/p>\n","protected":false},"excerpt":{"rendered":"<p>Els b4ltis han iniciat el projecte &#8220;Coneixem el nostre cos&#8221;, centrant-se en la funci\u00f3 de nutrici\u00f3. Descobriran com els aliments es transformen en energia gr\u00e0cies als aparells digestiu, circulatori, respiratori i excretor. Amb experiments i activitats, aprenen la import\u00e0ncia d\u2019una alimentaci\u00f3 saludable i el funcionament del cos hum\u00e0. Seguirem explorant i compartint descobertes!<\/p>\n","protected":false},"author":6,"featured_media":9597,"comment_status":"open","ping_status":"closed","sticky":false,"template":"","format":"standard","meta":{"_bbp_topic_count":0,"_bbp_reply_count":0,"_bbp_total_topic_count":0,"_bbp_total_reply_count":0,"_bbp_voice_count":0,"_bbp_anonymous_reply_count":0,"_bbp_topic_count_hidden":0,"_bbp_reply_count_hidden":0,"_bbp_forum_subforum_count":0,"site-sidebar-layout":"default","site-content-layout":"","ast-site-content-layout":"","site-content-style":"default","site-sidebar-style":"default","ast-global-header-display":"","ast-banner-title-visibility":"","ast-main-header-display":"","ast-hfb-above-header-display":"","ast-hfb-below-header-display":"","ast-hfb-mobile-header-display":"","site-post-title":"","ast-breadcrumbs-content":"","ast-featured-img":"","footer-sml-layout":"","theme-transparent-header-meta":"","adv-header-id-meta":"","stick-header-meta":"","header-above-stick-meta":"","header-main-stick-meta":"","header-below-stick-meta":"","astra-migrate-meta-layouts":"default","ast-page-background-enabled":"default","ast-page-background-meta":{"desktop":{"background-color":"var(--ast-global-color-4)","background-image":"","background-repeat":"repeat","background-position":"center center","background-size":"auto","background-attachment":"scroll","background-type":"","background-media":"","overlay-type":"","overlay-color":"","overlay-opacity":"","overlay-gradient":""},"tablet":{"background-color":"","background-image":"","background-repeat":"repeat","background-position":"center center","background-size":"auto","background-attachment":"scroll","background-type":"","background-media":"","overlay-type":"","overlay-color":"","overlay-opacity":"","overlay-gradient":""},"mobile":{"background-color":"","background-image":"","background-repeat":"repeat","background-position":"center center","background-size":"auto","background-attachment":"scroll","background-type":"","background-media":"","overlay-type":"","overlay-color":"","overlay-opacity":"","overlay-gradient":""}},"ast-content-background-meta":{"desktop":{"background-color":"var(--ast-global-color-5)","background-image":"","background-repeat":"repeat","background-position":"center center","background-size":"auto","background-attachment":"scroll","background-type":"","background-media":"","overlay-type":"","overlay-color":"","overlay-opacity":"","overlay-gradient":""},"tablet":{"background-color":"var(--ast-global-color-5)","background-image":"","background-repeat":"repeat","background-position":"center center","background-size":"auto","background-attachment":"scroll","background-type":"","background-media":"","overlay-type":"","overlay-color":"","overlay-opacity":"","overlay-gradient":""},"mobile":{"background-color":"var(--ast-global-color-5)","background-image":"","background-repeat":"repeat","background-position":"center center","background-size":"auto","background-attachment":"scroll","background-type":"","background-media":"","overlay-type":"","overlay-color":"","overlay-opacity":"","overlay-gradient":""}},"footnotes":""},"categories":[13,4],"tags":[87,63,115,90,61],"class_list":["post-9596","post","type-post","status-publish","format-standard","has-post-thumbnail","hentry","category-4t","category-portada","tag-4t","tag-cicle-mitja","tag-projecte","tag-serbaltimolamolt","tag-treball-cooperatiu"],"post_mailing_queue_ids":[],"_links":{"self":[{"href":"https:\/\/agora.xtec.cat\/ceipbaltasar\/wp-json\/wp\/v2\/posts\/9596","targetHints":{"allow":["GET"]}}],"collection":[{"href":"https:\/\/agora.xtec.cat\/ceipbaltasar\/wp-json\/wp\/v2\/posts"}],"about":[{"href":"https:\/\/agora.xtec.cat\/ceipbaltasar\/wp-json\/wp\/v2\/types\/post"}],"author":[{"embeddable":true,"href":"https:\/\/agora.xtec.cat\/ceipbaltasar\/wp-json\/wp\/v2\/users\/6"}],"replies":[{"embeddable":true,"href":"https:\/\/agora.xtec.cat\/ceipbaltasar\/wp-json\/wp\/v2\/comments?post=9596"}],"version-history":[{"count":2,"href":"https:\/\/agora.xtec.cat\/ceipbaltasar\/wp-json\/wp\/v2\/posts\/9596\/revisions"}],"predecessor-version":[{"id":9602,"href":"https:\/\/agora.xtec.cat\/ceipbaltasar\/wp-json\/wp\/v2\/posts\/9596\/revisions\/9602"}],"wp:featuredmedia":[{"embeddable":true,"href":"https:\/\/agora.xtec.cat\/ceipbaltasar\/wp-json\/wp\/v2\/media\/9597"}],"wp:attachment":[{"href":"https:\/\/agora.xtec.cat\/ceipbaltasar\/wp-json\/wp\/v2\/media?parent=9596"}],"wp:term":[{"taxonomy":"category","embeddable":true,"href":"https:\/\/agora.xtec.cat\/ceipbaltasar\/wp-json\/wp\/v2\/categories?post=9596"},{"taxonomy":"post_tag","embeddable":true,"href":"https:\/\/agora.xtec.cat\/ceipbaltasar\/wp-json\/wp\/v2\/tags?post=9596"}],"curies":[{"name":"wp","href":"https:\/\/api.w.org\/{rel}","templated":true}]}}