{"id":9531,"date":"2025-02-14T11:01:19","date_gmt":"2025-02-14T10:01:19","guid":{"rendered":"https:\/\/agora.xtec.cat\/ceipbaltasar\/?p=9531"},"modified":"2025-03-06T13:50:47","modified_gmt":"2025-03-06T12:50:47","slug":"maleta-viatgera","status":"publish","type":"post","link":"https:\/\/agora.xtec.cat\/ceipbaltasar\/infantil\/maleta-viatgera\/","title":{"rendered":"Maleta viatgera"},"content":{"rendered":"<p><strong>La Maleta Viatgera: Fomentant l&#8217;amor per la lectura a trav\u00e9s de la fam\u00edlia<\/strong><\/p>\n<p>A l&#8217;escola, la comunitat de petits, en col\u00b7laboraci\u00f3 amb la biblioteca, ha creat el projecte de la <em>Maleta Viatgera<\/em>. Aquesta iniciativa busca apropar els llibres als m\u00e9s petits de forma divertida i din\u00e0mica, fomentant el gust per la lectura.<\/p>\n<p><a href=\"https:\/\/agora.xtec.cat\/ceipbaltasar\/wp-content\/uploads\/usu989\/2025\/02\/WhatsApp-Image-2025-02-11-at-16.50.03.jpeg\"><img loading=\"lazy\" decoding=\"async\" class=\"wp-image-9537 alignleft\" src=\"https:\/\/agora.xtec.cat\/ceipbaltasar\/wp-content\/uploads\/usu989\/2025\/02\/WhatsApp-Image-2025-02-11-at-16.50.03-1024x768.jpeg\" alt=\"\" width=\"362\" height=\"272\" srcset=\"https:\/\/agora.xtec.cat\/ceipbaltasar\/wp-content\/uploads\/usu989\/2025\/02\/WhatsApp-Image-2025-02-11-at-16.50.03-1024x768.jpeg 1024w, https:\/\/agora.xtec.cat\/ceipbaltasar\/wp-content\/uploads\/usu989\/2025\/02\/WhatsApp-Image-2025-02-11-at-16.50.03-300x225.jpeg 300w, https:\/\/agora.xtec.cat\/ceipbaltasar\/wp-content\/uploads\/usu989\/2025\/02\/WhatsApp-Image-2025-02-11-at-16.50.03-768x576.jpeg 768w, https:\/\/agora.xtec.cat\/ceipbaltasar\/wp-content\/uploads\/usu989\/2025\/02\/WhatsApp-Image-2025-02-11-at-16.50.03-1536x1152.jpeg 1536w, https:\/\/agora.xtec.cat\/ceipbaltasar\/wp-content\/uploads\/usu989\/2025\/02\/WhatsApp-Image-2025-02-11-at-16.50.03-200x150.jpeg 200w, https:\/\/agora.xtec.cat\/ceipbaltasar\/wp-content\/uploads\/usu989\/2025\/02\/WhatsApp-Image-2025-02-11-at-16.50.03.jpeg 1600w\" sizes=\"auto, (max-width: 362px) 100vw, 362px\" \/><\/a><\/p>\n<p>La maleta cont\u00e9 una selecci\u00f3 de llibres de diversa tipologia \u2014des de contes cl\u00e0ssics, fins a hist\u00f2ries modernes, passant per altres de contingut art\u00edstic, revistes infantils i altres materials que fomenten la lectura. Tamb\u00e9 inclou orientacions per a les fam\u00edlies sobre com compartir la lectura de la manera m\u00e9s enriquidora i criteris d\u2019elecci\u00f3 de llibres.<\/p>\n<p>Aquest projecte funciona com un servei de pr\u00e9stec col\u00b7lectiu i rotatori. Cada setmana, un nen o nena de la classe t\u00e9 l&#8217;oportunitat de portar la maleta a casa per compartir-la amb la seva fam\u00edlia.<\/p>\n<p>Els objectius principals de la <em>Maleta Viatgera<\/em> s\u00f3n: <a href=\"https:\/\/agora.xtec.cat\/ceipbaltasar\/wp-content\/uploads\/usu989\/2025\/02\/WhatsApp-Image-2025-02-14-at-19.00.42-e1739556128493.jpeg\"><img loading=\"lazy\" decoding=\"async\" class=\"wp-image-9541 alignright\" src=\"https:\/\/agora.xtec.cat\/ceipbaltasar\/wp-content\/uploads\/usu989\/2025\/02\/WhatsApp-Image-2025-02-14-at-19.00.42-576x1024.jpeg\" alt=\"\" width=\"131\" height=\"233\" \/><\/a><a href=\"https:\/\/agora.xtec.cat\/ceipbaltasar\/wp-content\/uploads\/usu989\/2025\/02\/baixa-32-scaled.jpg\"><img loading=\"lazy\" decoding=\"async\" class=\"wp-image-9540 alignright\" src=\"https:\/\/agora.xtec.cat\/ceipbaltasar\/wp-content\/uploads\/usu989\/2025\/02\/baixa-32-768x1024.jpg\" alt=\"\" width=\"133\" height=\"177\" \/><\/a><\/p>\n<ol>\n<li><strong>Afavorir el desenvolupament de l\u2019h\u00e0bit lector<\/strong>: El projecte busca que els nens i nenes es familiaritzin i cre\u00efn un vincle positiu amb la lectura.<\/li>\n<li><strong>Gaudir de la lectura compartida<\/strong>: Llegir en fam\u00edlia \u00e9s una experi\u00e8ncia que fomenta el plaer per la lectura i enforteix els lla\u00e7os familiars.<\/li>\n<li><strong>Donar a con\u00e8ixer llibres adequats per a l\u2019edat<\/strong>: La selecci\u00f3 de materials ofereix llibres adaptats als diferents nivells de comprensi\u00f3 i interessos dels infants.<\/li>\n<\/ol>\n<p>Els nens i nenes esperen amb paci\u00e8ncia a que els toqui el seu torn.<\/p>\n<p><a href=\"https:\/\/agora.xtec.cat\/ceipbaltasar\/wp-content\/uploads\/usu989\/2025\/02\/WhatsApp-Image-2025-02-14-at-10.47.49.jpeg\"><img loading=\"lazy\" decoding=\"async\" class=\"alignnone wp-image-9533\" src=\"https:\/\/agora.xtec.cat\/ceipbaltasar\/wp-content\/uploads\/usu989\/2025\/02\/WhatsApp-Image-2025-02-14-at-10.47.49-843x1024.jpeg\" alt=\"\" width=\"429\" height=\"521\" srcset=\"https:\/\/agora.xtec.cat\/ceipbaltasar\/wp-content\/uploads\/usu989\/2025\/02\/WhatsApp-Image-2025-02-14-at-10.47.49-843x1024.jpeg 843w, https:\/\/agora.xtec.cat\/ceipbaltasar\/wp-content\/uploads\/usu989\/2025\/02\/WhatsApp-Image-2025-02-14-at-10.47.49-247x300.jpeg 247w, https:\/\/agora.xtec.cat\/ceipbaltasar\/wp-content\/uploads\/usu989\/2025\/02\/WhatsApp-Image-2025-02-14-at-10.47.49-768x933.jpeg 768w, https:\/\/agora.xtec.cat\/ceipbaltasar\/wp-content\/uploads\/usu989\/2025\/02\/WhatsApp-Image-2025-02-14-at-10.47.49-1264x1536.jpeg 1264w, https:\/\/agora.xtec.cat\/ceipbaltasar\/wp-content\/uploads\/usu989\/2025\/02\/WhatsApp-Image-2025-02-14-at-10.47.49.jpeg 1317w\" sizes=\"auto, (max-width: 429px) 100vw, 429px\" \/><\/a> <a href=\"https:\/\/agora.xtec.cat\/ceipbaltasar\/wp-content\/uploads\/usu989\/2025\/02\/WhatsApp-Image-2025-02-14-at-10.46.46.jpeg\"><img loading=\"lazy\" decoding=\"async\" class=\"alignnone wp-image-9534\" src=\"https:\/\/agora.xtec.cat\/ceipbaltasar\/wp-content\/uploads\/usu989\/2025\/02\/WhatsApp-Image-2025-02-14-at-10.46.46-1024x977.jpeg\" alt=\"\" width=\"442\" height=\"422\" srcset=\"https:\/\/agora.xtec.cat\/ceipbaltasar\/wp-content\/uploads\/usu989\/2025\/02\/WhatsApp-Image-2025-02-14-at-10.46.46-1024x977.jpeg 1024w, https:\/\/agora.xtec.cat\/ceipbaltasar\/wp-content\/uploads\/usu989\/2025\/02\/WhatsApp-Image-2025-02-14-at-10.46.46-300x286.jpeg 300w, https:\/\/agora.xtec.cat\/ceipbaltasar\/wp-content\/uploads\/usu989\/2025\/02\/WhatsApp-Image-2025-02-14-at-10.46.46-768x733.jpeg 768w, https:\/\/agora.xtec.cat\/ceipbaltasar\/wp-content\/uploads\/usu989\/2025\/02\/WhatsApp-Image-2025-02-14-at-10.46.46.jpeg 1530w\" sizes=\"auto, (max-width: 442px) 100vw, 442px\" \/><\/a> <a href=\"https:\/\/agora.xtec.cat\/ceipbaltasar\/wp-content\/uploads\/usu989\/2025\/02\/WhatsApp-Image-2025-02-14-at-10.45.57.jpeg\"><img loading=\"lazy\" decoding=\"async\" class=\"alignnone wp-image-9535\" src=\"https:\/\/agora.xtec.cat\/ceipbaltasar\/wp-content\/uploads\/usu989\/2025\/02\/WhatsApp-Image-2025-02-14-at-10.45.57-1024x865.jpeg\" alt=\"\" width=\"434\" height=\"367\" srcset=\"https:\/\/agora.xtec.cat\/ceipbaltasar\/wp-content\/uploads\/usu989\/2025\/02\/WhatsApp-Image-2025-02-14-at-10.45.57-1024x865.jpeg 1024w, https:\/\/agora.xtec.cat\/ceipbaltasar\/wp-content\/uploads\/usu989\/2025\/02\/WhatsApp-Image-2025-02-14-at-10.45.57-300x253.jpeg 300w, https:\/\/agora.xtec.cat\/ceipbaltasar\/wp-content\/uploads\/usu989\/2025\/02\/WhatsApp-Image-2025-02-14-at-10.45.57-768x648.jpeg 768w, https:\/\/agora.xtec.cat\/ceipbaltasar\/wp-content\/uploads\/usu989\/2025\/02\/WhatsApp-Image-2025-02-14-at-10.45.57-1536x1297.jpeg 1536w, https:\/\/agora.xtec.cat\/ceipbaltasar\/wp-content\/uploads\/usu989\/2025\/02\/WhatsApp-Image-2025-02-14-at-10.45.57.jpeg 1599w\" sizes=\"auto, (max-width: 434px) 100vw, 434px\" \/><\/a><\/p>\n<p style=\"text-align: center;\"><strong>&#8220;Llegir \u00e9s m\u00e9s que adquirir coneixement; \u00e9s una manera d&#8217;entrar en di\u00e0leg amb els altres, amb el m\u00f3n, amb un mateix.&#8221;<\/strong><\/p>\n<p style=\"text-align: right;\"><strong>Lev Vygotsky<\/strong><\/p>\n","protected":false},"excerpt":{"rendered":"<p>La Maleta Viatgera: Fomentant l&#8217;amor per la lectura a trav\u00e9s de la fam\u00edlia A l&#8217;escola, la comunitat de petits, en col\u00b7laboraci\u00f3 amb la biblioteca, ha creat el projecte de la Maleta Viatgera. Aquesta iniciativa busca apropar els llibres als m\u00e9s petits de forma divertida i din\u00e0mica, fomentant el gust per la lectura. La maleta cont\u00e9 [&hellip;]<\/p>\n","protected":false},"author":49,"featured_media":9532,"comment_status":"open","ping_status":"closed","sticky":false,"template":"","format":"standard","meta":{"_bbp_topic_count":0,"_bbp_reply_count":0,"_bbp_total_topic_count":0,"_bbp_total_reply_count":0,"_bbp_voice_count":0,"_bbp_anonymous_reply_count":0,"_bbp_topic_count_hidden":0,"_bbp_reply_count_hidden":0,"_bbp_forum_subforum_count":0,"site-sidebar-layout":"default","site-content-layout":"","ast-site-content-layout":"","site-content-style":"default","site-sidebar-style":"default","ast-global-header-display":"","ast-banner-title-visibility":"","ast-main-header-display":"","ast-hfb-above-header-display":"","ast-hfb-below-header-display":"","ast-hfb-mobile-header-display":"","site-post-title":"","ast-breadcrumbs-content":"","ast-featured-img":"","footer-sml-layout":"","theme-transparent-header-meta":"","adv-header-id-meta":"","stick-header-meta":"","header-above-stick-meta":"","header-main-stick-meta":"","header-below-stick-meta":"","astra-migrate-meta-layouts":"default","ast-page-background-enabled":"default","ast-page-background-meta":{"desktop":{"background-color":"var(--ast-global-color-4)","background-image":"","background-repeat":"repeat","background-position":"center center","background-size":"auto","background-attachment":"scroll","background-type":"","background-media":"","overlay-type":"","overlay-color":"","overlay-opacity":"","overlay-gradient":""},"tablet":{"background-color":"","background-image":"","background-repeat":"repeat","background-position":"center center","background-size":"auto","background-attachment":"scroll","background-type":"","background-media":"","overlay-type":"","overlay-color":"","overlay-opacity":"","overlay-gradient":""},"mobile":{"background-color":"","background-image":"","background-repeat":"repeat","background-position":"center center","background-size":"auto","background-attachment":"scroll","background-type":"","background-media":"","overlay-type":"","overlay-color":"","overlay-opacity":"","overlay-gradient":""}},"ast-content-background-meta":{"desktop":{"background-color":"var(--ast-global-color-5)","background-image":"","background-repeat":"repeat","background-position":"center center","background-size":"auto","background-attachment":"scroll","background-type":"","background-media":"","overlay-type":"","overlay-color":"","overlay-opacity":"","overlay-gradient":""},"tablet":{"background-color":"var(--ast-global-color-5)","background-image":"","background-repeat":"repeat","background-position":"center center","background-size":"auto","background-attachment":"scroll","background-type":"","background-media":"","overlay-type":"","overlay-color":"","overlay-opacity":"","overlay-gradient":""},"mobile":{"background-color":"var(--ast-global-color-5)","background-image":"","background-repeat":"repeat","background-position":"center center","background-size":"auto","background-attachment":"scroll","background-type":"","background-media":"","overlay-type":"","overlay-color":"","overlay-opacity":"","overlay-gradient":""}},"footnotes":""},"categories":[85,2,4],"tags":[],"class_list":["post-9531","post","type-post","status-publish","format-standard","has-post-thumbnail","hentry","category-biblioteca","category-infantil","category-portada"],"post_mailing_queue_ids":[],"_links":{"self":[{"href":"https:\/\/agora.xtec.cat\/ceipbaltasar\/wp-json\/wp\/v2\/posts\/9531","targetHints":{"allow":["GET"]}}],"collection":[{"href":"https:\/\/agora.xtec.cat\/ceipbaltasar\/wp-json\/wp\/v2\/posts"}],"about":[{"href":"https:\/\/agora.xtec.cat\/ceipbaltasar\/wp-json\/wp\/v2\/types\/post"}],"author":[{"embeddable":true,"href":"https:\/\/agora.xtec.cat\/ceipbaltasar\/wp-json\/wp\/v2\/users\/49"}],"replies":[{"embeddable":true,"href":"https:\/\/agora.xtec.cat\/ceipbaltasar\/wp-json\/wp\/v2\/comments?post=9531"}],"version-history":[{"count":6,"href":"https:\/\/agora.xtec.cat\/ceipbaltasar\/wp-json\/wp\/v2\/posts\/9531\/revisions"}],"predecessor-version":[{"id":9580,"href":"https:\/\/agora.xtec.cat\/ceipbaltasar\/wp-json\/wp\/v2\/posts\/9531\/revisions\/9580"}],"wp:featuredmedia":[{"embeddable":true,"href":"https:\/\/agora.xtec.cat\/ceipbaltasar\/wp-json\/wp\/v2\/media\/9532"}],"wp:attachment":[{"href":"https:\/\/agora.xtec.cat\/ceipbaltasar\/wp-json\/wp\/v2\/media?parent=9531"}],"wp:term":[{"taxonomy":"category","embeddable":true,"href":"https:\/\/agora.xtec.cat\/ceipbaltasar\/wp-json\/wp\/v2\/categories?post=9531"},{"taxonomy":"post_tag","embeddable":true,"href":"https:\/\/agora.xtec.cat\/ceipbaltasar\/wp-json\/wp\/v2\/tags?post=9531"}],"curies":[{"name":"wp","href":"https:\/\/api.w.org\/{rel}","templated":true}]}}