{"id":9445,"date":"2025-01-26T18:15:22","date_gmt":"2025-01-26T17:15:22","guid":{"rendered":"https:\/\/agora.xtec.cat\/ceipbaltasar\/?p=9445"},"modified":"2025-02-06T13:27:32","modified_gmt":"2025-02-06T12:27:32","slug":"lhivern-arriba-a-la-comunitat-de-petits-de-lescola-baltis-de-valls","status":"publish","type":"post","link":"https:\/\/agora.xtec.cat\/ceipbaltasar\/infantil\/lhivern-arriba-a-la-comunitat-de-petits-de-lescola-baltis-de-valls\/","title":{"rendered":"L&#8217;hivern arriba a la Comunitat de Petits de l&#8217;Escola Baltis de Valls"},"content":{"rendered":"<p>A la Comunitat de Petits de l&#8217;Escola Baltis de Valls, l&#8217;hivern ha arribat carregat de noves experi\u00e8ncies a l\u2019ambient de minim\u00f3ns i d&#8217;experimentaci\u00f3. Aquestes propostes estan inspirades en els colors i les caracter\u00edstiques pr\u00f2pies d&#8217;aquesta estaci\u00f3, oferint als infants oportunitats per explorar, crear i aprendre de manera significativa.<\/p>\n<p><a href=\"https:\/\/drive.google.com\/drive\/folders\/1q5UVF4rP7tNYTxlIZqboPZ53AnXo-BTx?usp=drive_link\"><img loading=\"lazy\" decoding=\"async\" class=\"alignnone wp-image-9452 size-full\" src=\"https:\/\/agora.xtec.cat\/ceipbaltasar\/wp-content\/uploads\/usu989\/2025\/01\/IMG_20250114_153513-scaled.jpg\" alt=\"\" width=\"2560\" height=\"1224\" srcset=\"https:\/\/agora.xtec.cat\/ceipbaltasar\/wp-content\/uploads\/usu989\/2025\/01\/IMG_20250114_153513-scaled.jpg 2560w, https:\/\/agora.xtec.cat\/ceipbaltasar\/wp-content\/uploads\/usu989\/2025\/01\/IMG_20250114_153513-300x143.jpg 300w, https:\/\/agora.xtec.cat\/ceipbaltasar\/wp-content\/uploads\/usu989\/2025\/01\/IMG_20250114_153513-1024x490.jpg 1024w, https:\/\/agora.xtec.cat\/ceipbaltasar\/wp-content\/uploads\/usu989\/2025\/01\/IMG_20250114_153513-768x367.jpg 768w, https:\/\/agora.xtec.cat\/ceipbaltasar\/wp-content\/uploads\/usu989\/2025\/01\/IMG_20250114_153513-1536x734.jpg 1536w, https:\/\/agora.xtec.cat\/ceipbaltasar\/wp-content\/uploads\/usu989\/2025\/01\/IMG_20250114_153513-2048x979.jpg 2048w\" sizes=\"auto, (max-width: 2560px) 100vw, 2560px\" \/><\/a><a href=\"https:\/\/agora.xtec.cat\/ceipbaltasar\/wp-content\/uploads\/usu989\/2025\/01\/IMG_20250121_155616-scaled.jpg\"><img loading=\"lazy\" decoding=\"async\" class=\"alignleft wp-image-9448 size-full\" src=\"https:\/\/agora.xtec.cat\/ceipbaltasar\/wp-content\/uploads\/usu989\/2025\/01\/IMG_20250121_155616-scaled.jpg\" alt=\"\" width=\"1224\" height=\"2560\" srcset=\"https:\/\/agora.xtec.cat\/ceipbaltasar\/wp-content\/uploads\/usu989\/2025\/01\/IMG_20250121_155616-scaled.jpg 1224w, https:\/\/agora.xtec.cat\/ceipbaltasar\/wp-content\/uploads\/usu989\/2025\/01\/IMG_20250121_155616-143x300.jpg 143w, https:\/\/agora.xtec.cat\/ceipbaltasar\/wp-content\/uploads\/usu989\/2025\/01\/IMG_20250121_155616-490x1024.jpg 490w, https:\/\/agora.xtec.cat\/ceipbaltasar\/wp-content\/uploads\/usu989\/2025\/01\/IMG_20250121_155616-768x1606.jpg 768w, https:\/\/agora.xtec.cat\/ceipbaltasar\/wp-content\/uploads\/usu989\/2025\/01\/IMG_20250121_155616-734x1536.jpg 734w, https:\/\/agora.xtec.cat\/ceipbaltasar\/wp-content\/uploads\/usu989\/2025\/01\/IMG_20250121_155616-979x2048.jpg 979w\" sizes=\"auto, (max-width: 1224px) 100vw, 1224px\" \/><\/a><\/p>\n<p>&nbsp;<\/p>\n<p>En aquesta ocasi\u00f3, hem creat diversos minim\u00f3ns tem\u00e0tics relacionats amb l&#8217;hivern:<\/p>\n<ul>\n<li><strong>Ciutat nevada<\/strong>: Amb petites cases, carrers coberts de &#8220;neu&#8221; i figuretes que representen persones abrigades, els infants poden recrear escenes urbanes hivernals.<\/li>\n<li><strong><b>Geladeria<\/b><\/strong>: Amb sorra cin\u00e8tica els infants fabriquen els seus gelats.<\/li>\n<li><strong>Pol Nord<\/strong>: Amb igl\u00fas, ossos polars i esquimals, els infants descobreixen les particularitats de les regions \u00e0rtiques.<\/li>\n<\/ul>\n<p><strong>Propostes d&#8217;experimentaci\u00f3<\/strong><\/p>\n<p>Per aprofundir en les caracter\u00edstiques de l&#8217;hivern, hem dissenyat diverses activitats d&#8217;experimentaci\u00f3 per promoure la curiositat cient\u00edfica, el desenvolupament sensorial i la comprensi\u00f3 dels fen\u00f2mens naturals associats a l&#8217;hivern.<\/p>\n<ul>\n<li><strong>Creaci\u00f3 de &#8220;neu&#8221; artificial<\/strong>: Barrejant bicarbonat de sodi amb aigua freda, els infants han creat una subst\u00e0ncia que imita la neu, permetent-los modelar i jugar amb ella.<\/li>\n<li><strong>Observaci\u00f3 de canvis d&#8217;estat<\/strong>: Mitjan\u00e7ant l&#8217;exploraci\u00f3 de l&#8217;aigua en diferents formes (s\u00f2lida, l\u00edquida), els infants han apr\u00e8s sobre els canvis d&#8217;estat de la mat\u00e8ria propis de l&#8217;hivern.<\/li>\n<li><strong>Transvasaments amb sal, arr\u00f2s i pedres<\/strong>: Els infants han gaudit de l&#8217;activitat de transvasament utilitzant materials com sal (simulant la neu), arr\u00f2s i petites pedres. Aquesta activitat els ha perm\u00e8s desenvolupar la motricitat fina, la coordinaci\u00f3 m\u00e0-ull i l&#8217;exploraci\u00f3 sensorial, tot relacionant-ho amb elements naturals de l&#8217;hivern.<\/li>\n<\/ul>\n","protected":false},"excerpt":{"rendered":"<p>A la Comunitat de Petits de l&#8217;Escola Baltis de Valls, l&#8217;hivern ha arribat carregat de noves experi\u00e8ncies a l\u2019ambient de minim\u00f3ns i d&#8217;experimentaci\u00f3. Aquestes propostes estan inspirades en els colors i les caracter\u00edstiques pr\u00f2pies d&#8217;aquesta estaci\u00f3, oferint als infants oportunitats per explorar, crear i aprendre de manera significativa. &nbsp; En aquesta ocasi\u00f3, hem creat diversos [&hellip;]<\/p>\n","protected":false},"author":1,"featured_media":9452,"comment_status":"open","ping_status":"closed","sticky":false,"template":"","format":"standard","meta":{"_bbp_topic_count":0,"_bbp_reply_count":0,"_bbp_total_topic_count":0,"_bbp_total_reply_count":0,"_bbp_voice_count":0,"_bbp_anonymous_reply_count":0,"_bbp_topic_count_hidden":0,"_bbp_reply_count_hidden":0,"_bbp_forum_subforum_count":0,"site-sidebar-layout":"default","site-content-layout":"","ast-site-content-layout":"","site-content-style":"default","site-sidebar-style":"default","ast-global-header-display":"","ast-banner-title-visibility":"","ast-main-header-display":"","ast-hfb-above-header-display":"","ast-hfb-below-header-display":"","ast-hfb-mobile-header-display":"","site-post-title":"","ast-breadcrumbs-content":"","ast-featured-img":"","footer-sml-layout":"","theme-transparent-header-meta":"","adv-header-id-meta":"","stick-header-meta":"","header-above-stick-meta":"","header-main-stick-meta":"","header-below-stick-meta":"","astra-migrate-meta-layouts":"default","ast-page-background-enabled":"default","ast-page-background-meta":{"desktop":{"background-color":"var(--ast-global-color-4)","background-image":"","background-repeat":"repeat","background-position":"center center","background-size":"auto","background-attachment":"scroll","background-type":"","background-media":"","overlay-type":"","overlay-color":"","overlay-opacity":"","overlay-gradient":""},"tablet":{"background-color":"","background-image":"","background-repeat":"repeat","background-position":"center center","background-size":"auto","background-attachment":"scroll","background-type":"","background-media":"","overlay-type":"","overlay-color":"","overlay-opacity":"","overlay-gradient":""},"mobile":{"background-color":"","background-image":"","background-repeat":"repeat","background-position":"center center","background-size":"auto","background-attachment":"scroll","background-type":"","background-media":"","overlay-type":"","overlay-color":"","overlay-opacity":"","overlay-gradient":""}},"ast-content-background-meta":{"desktop":{"background-color":"var(--ast-global-color-5)","background-image":"","background-repeat":"repeat","background-position":"center center","background-size":"auto","background-attachment":"scroll","background-type":"","background-media":"","overlay-type":"","overlay-color":"","overlay-opacity":"","overlay-gradient":""},"tablet":{"background-color":"var(--ast-global-color-5)","background-image":"","background-repeat":"repeat","background-position":"center center","background-size":"auto","background-attachment":"scroll","background-type":"","background-media":"","overlay-type":"","overlay-color":"","overlay-opacity":"","overlay-gradient":""},"mobile":{"background-color":"var(--ast-global-color-5)","background-image":"","background-repeat":"repeat","background-position":"center center","background-size":"auto","background-attachment":"scroll","background-type":"","background-media":"","overlay-type":"","overlay-color":"","overlay-opacity":"","overlay-gradient":""}},"footnotes":""},"categories":[3,8,9,2,4],"tags":[119,183,62],"class_list":["post-9445","post","type-post","status-publish","format-standard","has-post-thumbnail","hentry","category-i3","category-i4","category-i5","category-infantil","category-portada","tag-ambients","tag-baltis","tag-educacio-infantil"],"post_mailing_queue_ids":[],"_links":{"self":[{"href":"https:\/\/agora.xtec.cat\/ceipbaltasar\/wp-json\/wp\/v2\/posts\/9445","targetHints":{"allow":["GET"]}}],"collection":[{"href":"https:\/\/agora.xtec.cat\/ceipbaltasar\/wp-json\/wp\/v2\/posts"}],"about":[{"href":"https:\/\/agora.xtec.cat\/ceipbaltasar\/wp-json\/wp\/v2\/types\/post"}],"author":[{"embeddable":true,"href":"https:\/\/agora.xtec.cat\/ceipbaltasar\/wp-json\/wp\/v2\/users\/1"}],"replies":[{"embeddable":true,"href":"https:\/\/agora.xtec.cat\/ceipbaltasar\/wp-json\/wp\/v2\/comments?post=9445"}],"version-history":[{"count":6,"href":"https:\/\/agora.xtec.cat\/ceipbaltasar\/wp-json\/wp\/v2\/posts\/9445\/revisions"}],"predecessor-version":[{"id":9498,"href":"https:\/\/agora.xtec.cat\/ceipbaltasar\/wp-json\/wp\/v2\/posts\/9445\/revisions\/9498"}],"wp:featuredmedia":[{"embeddable":true,"href":"https:\/\/agora.xtec.cat\/ceipbaltasar\/wp-json\/wp\/v2\/media\/9452"}],"wp:attachment":[{"href":"https:\/\/agora.xtec.cat\/ceipbaltasar\/wp-json\/wp\/v2\/media?parent=9445"}],"wp:term":[{"taxonomy":"category","embeddable":true,"href":"https:\/\/agora.xtec.cat\/ceipbaltasar\/wp-json\/wp\/v2\/categories?post=9445"},{"taxonomy":"post_tag","embeddable":true,"href":"https:\/\/agora.xtec.cat\/ceipbaltasar\/wp-json\/wp\/v2\/tags?post=9445"}],"curies":[{"name":"wp","href":"https:\/\/api.w.org\/{rel}","templated":true}]}}