{"id":9373,"date":"2024-11-18T15:47:20","date_gmt":"2024-11-18T14:47:20","guid":{"rendered":"https:\/\/agora.xtec.cat\/ceipbaltasar\/?p=9373"},"modified":"2024-11-18T15:47:20","modified_gmt":"2024-11-18T14:47:20","slug":"croslidari-2024","status":"publish","type":"post","link":"https:\/\/agora.xtec.cat\/ceipbaltasar\/infantil\/croslidari-2024\/","title":{"rendered":"Croslidari 2024"},"content":{"rendered":"<p>Com cada any, el Croslidari Ciutat de Valls ha tingut lloc aqu\u00ed a l\u2019escola dels Baltis. Amb la col\u00b7laboraci\u00f3 de totes les escoles p\u00fabliques de Valls, el Consell Esportiu de l\u2019Alt Camp i la Creu Roja vam poder celebrar una diada esportiva i solid\u00e0ria que va resultar tot un \u00e8xit i on es van poder recaptar 750\u202fkg d&#8217;aliments i productes d&#8217;higiene. Moltes gr\u00e0cies a tots els que vau participar i fer-ho possible!<\/p>\n<p>A continuaci\u00f3 us deixem amb un recull molt extens de fotografies de les curses, nom\u00e9s cal que cliqueu al damunt de la imatge per accedir a tot l&#8217;\u00e0lbum.<\/p>\n<figure id=\"attachment_9374\" aria-describedby=\"caption-attachment-9374\" style=\"width: 1008px\" class=\"wp-caption aligncenter\"><a href=\"https:\/\/drive.google.com\/drive\/folders\/131q184d_C0Zqcmh5qUW1lEMCgzdjuyt3?usp=drive_link\" target=\"_blank\" rel=\"noopener\"><img loading=\"lazy\" decoding=\"async\" class=\"wp-image-9374 size-full\" src=\"https:\/\/agora.xtec.cat\/ceipbaltasar\/wp-content\/uploads\/usu989\/2024\/11\/IMG_8196.jpg\" alt=\"\" width=\"1008\" height=\"756\" srcset=\"https:\/\/agora.xtec.cat\/ceipbaltasar\/wp-content\/uploads\/usu989\/2024\/11\/IMG_8196.jpg 1008w, https:\/\/agora.xtec.cat\/ceipbaltasar\/wp-content\/uploads\/usu989\/2024\/11\/IMG_8196-300x225.jpg 300w, https:\/\/agora.xtec.cat\/ceipbaltasar\/wp-content\/uploads\/usu989\/2024\/11\/IMG_8196-768x576.jpg 768w, https:\/\/agora.xtec.cat\/ceipbaltasar\/wp-content\/uploads\/usu989\/2024\/11\/IMG_8196-200x150.jpg 200w\" sizes=\"auto, (max-width: 1008px) 100vw, 1008px\" \/><\/a><figcaption id=\"caption-attachment-9374\" class=\"wp-caption-text\">Cliqueu a la imatge per accedir a tot l&#8217;\u00e0lbum.<\/figcaption><\/figure>\n<p>&nbsp;<\/p>\n","protected":false},"excerpt":{"rendered":"<p>Com cada any, el Croslidari Ciutat de Valls ha tingut lloc aqu\u00ed a l\u2019escola dels Baltis. Amb la col\u00b7laboraci\u00f3 de totes les escoles p\u00fabliques de Valls, el Consell Esportiu de l\u2019Alt Camp i la Creu Roja vam poder celebrar una diada esportiva i solid\u00e0ria que va resultar tot un \u00e8xit i on es van poder [&hellip;]<\/p>\n","protected":false},"author":1,"featured_media":9374,"comment_status":"open","ping_status":"closed","sticky":false,"template":"","format":"standard","meta":{"_bbp_topic_count":0,"_bbp_reply_count":0,"_bbp_total_topic_count":0,"_bbp_total_reply_count":0,"_bbp_voice_count":0,"_bbp_anonymous_reply_count":0,"_bbp_topic_count_hidden":0,"_bbp_reply_count_hidden":0,"_bbp_forum_subforum_count":0,"site-sidebar-layout":"default","site-content-layout":"","ast-site-content-layout":"","site-content-style":"default","site-sidebar-style":"default","ast-global-header-display":"","ast-banner-title-visibility":"","ast-main-header-display":"","ast-hfb-above-header-display":"","ast-hfb-below-header-display":"","ast-hfb-mobile-header-display":"","site-post-title":"","ast-breadcrumbs-content":"","ast-featured-img":"","footer-sml-layout":"","theme-transparent-header-meta":"","adv-header-id-meta":"","stick-header-meta":"","header-above-stick-meta":"","header-main-stick-meta":"","header-below-stick-meta":"","astra-migrate-meta-layouts":"default","ast-page-background-enabled":"default","ast-page-background-meta":{"desktop":{"background-color":"var(--ast-global-color-4)","background-image":"","background-repeat":"repeat","background-position":"center center","background-size":"auto","background-attachment":"scroll","background-type":"","background-media":"","overlay-type":"","overlay-color":"","overlay-opacity":"","overlay-gradient":""},"tablet":{"background-color":"","background-image":"","background-repeat":"repeat","background-position":"center center","background-size":"auto","background-attachment":"scroll","background-type":"","background-media":"","overlay-type":"","overlay-color":"","overlay-opacity":"","overlay-gradient":""},"mobile":{"background-color":"","background-image":"","background-repeat":"repeat","background-position":"center center","background-size":"auto","background-attachment":"scroll","background-type":"","background-media":"","overlay-type":"","overlay-color":"","overlay-opacity":"","overlay-gradient":""}},"ast-content-background-meta":{"desktop":{"background-color":"var(--ast-global-color-5)","background-image":"","background-repeat":"repeat","background-position":"center center","background-size":"auto","background-attachment":"scroll","background-type":"","background-media":"","overlay-type":"","overlay-color":"","overlay-opacity":"","overlay-gradient":""},"tablet":{"background-color":"var(--ast-global-color-5)","background-image":"","background-repeat":"repeat","background-position":"center center","background-size":"auto","background-attachment":"scroll","background-type":"","background-media":"","overlay-type":"","overlay-color":"","overlay-opacity":"","overlay-gradient":""},"mobile":{"background-color":"var(--ast-global-color-5)","background-image":"","background-repeat":"repeat","background-position":"center center","background-size":"auto","background-attachment":"scroll","background-type":"","background-media":"","overlay-type":"","overlay-color":"","overlay-opacity":"","overlay-gradient":""}},"footnotes":""},"categories":[10,11,12,13,14,15,128,3,8,9,2,4,5],"tags":[],"class_list":["post-9373","post","type-post","status-publish","format-standard","has-post-thumbnail","hentry","category-1r","category-2n","category-3r","category-4t","category-5e","category-6e","category-educacio-fisica","category-i3","category-i4","category-i5","category-infantil","category-portada","category-primaria"],"post_mailing_queue_ids":[],"_links":{"self":[{"href":"https:\/\/agora.xtec.cat\/ceipbaltasar\/wp-json\/wp\/v2\/posts\/9373","targetHints":{"allow":["GET"]}}],"collection":[{"href":"https:\/\/agora.xtec.cat\/ceipbaltasar\/wp-json\/wp\/v2\/posts"}],"about":[{"href":"https:\/\/agora.xtec.cat\/ceipbaltasar\/wp-json\/wp\/v2\/types\/post"}],"author":[{"embeddable":true,"href":"https:\/\/agora.xtec.cat\/ceipbaltasar\/wp-json\/wp\/v2\/users\/1"}],"replies":[{"embeddable":true,"href":"https:\/\/agora.xtec.cat\/ceipbaltasar\/wp-json\/wp\/v2\/comments?post=9373"}],"version-history":[{"count":1,"href":"https:\/\/agora.xtec.cat\/ceipbaltasar\/wp-json\/wp\/v2\/posts\/9373\/revisions"}],"predecessor-version":[{"id":9375,"href":"https:\/\/agora.xtec.cat\/ceipbaltasar\/wp-json\/wp\/v2\/posts\/9373\/revisions\/9375"}],"wp:featuredmedia":[{"embeddable":true,"href":"https:\/\/agora.xtec.cat\/ceipbaltasar\/wp-json\/wp\/v2\/media\/9374"}],"wp:attachment":[{"href":"https:\/\/agora.xtec.cat\/ceipbaltasar\/wp-json\/wp\/v2\/media?parent=9373"}],"wp:term":[{"taxonomy":"category","embeddable":true,"href":"https:\/\/agora.xtec.cat\/ceipbaltasar\/wp-json\/wp\/v2\/categories?post=9373"},{"taxonomy":"post_tag","embeddable":true,"href":"https:\/\/agora.xtec.cat\/ceipbaltasar\/wp-json\/wp\/v2\/tags?post=9373"}],"curies":[{"name":"wp","href":"https:\/\/api.w.org\/{rel}","templated":true}]}}