{"id":9296,"date":"2024-10-15T11:31:20","date_gmt":"2024-10-15T09:31:20","guid":{"rendered":"https:\/\/agora.xtec.cat\/ceipbaltasar\/?p=9296"},"modified":"2025-01-20T15:56:16","modified_gmt":"2025-01-20T14:56:16","slug":"1949-2024-75-anys-descola","status":"publish","type":"post","link":"https:\/\/agora.xtec.cat\/ceipbaltasar\/general\/1949-2024-75-anys-descola\/","title":{"rendered":"1949-2024 75 anys d&#8217;escola"},"content":{"rendered":"<p>L\u2019any 1949 va comen\u00e7ar a funcionar amb el nom de\u00a0<em>Escuela Universitaria Preparatoria de Ingreso a la de Trabajo<\/em>. Inicialment, comptava amb dues aules, una de les quals estava dirigida per un professor pagat per l\u2019\u201cObra Sindical\u201d. Els alumnes, d\u2019edats compreses entre 12 i 14 anys, assistien a classe als matins amb un professor i a les tardes amb un altre, rebent formaci\u00f3 tant en cultura general com en tallers.<\/p>\n<p style=\"font-family: 'Helvetica Neue', Helvetica, Helvetica, Arial, sans-serif; font-size: 16px;\"><a style=\"color: #2795b6;\" href=\"https:\/\/agora.xtec.cat\/ceipbaltasar\/wp-content\/uploads\/usu989\/2024\/10\/aniversari.png\"><img loading=\"lazy\" decoding=\"async\" class=\"wp-image-9297 alignleft\" src=\"https:\/\/agora.xtec.cat\/ceipbaltasar\/wp-content\/uploads\/usu989\/2024\/10\/aniversari-1024x1024.png\" alt=\"\" width=\"409\" height=\"409\" srcset=\"https:\/\/agora.xtec.cat\/ceipbaltasar\/wp-content\/uploads\/usu989\/2024\/10\/aniversari-1024x1024.png 1024w, https:\/\/agora.xtec.cat\/ceipbaltasar\/wp-content\/uploads\/usu989\/2024\/10\/aniversari-300x300.png 300w, https:\/\/agora.xtec.cat\/ceipbaltasar\/wp-content\/uploads\/usu989\/2024\/10\/aniversari-150x150.png 150w, https:\/\/agora.xtec.cat\/ceipbaltasar\/wp-content\/uploads\/usu989\/2024\/10\/aniversari-768x768.png 768w, https:\/\/agora.xtec.cat\/ceipbaltasar\/wp-content\/uploads\/usu989\/2024\/10\/aniversari.png 1080w\" sizes=\"auto, (max-width: 409px) 100vw, 409px\" \/><\/a><\/p>\n<p style=\"font-family: 'Helvetica Neue', Helvetica, Helvetica, Arial, sans-serif; font-size: 16px;\">L\u2019escola es trobava al mateix edifici que l\u2019Escola de Treball, situat a la Pla\u00e7a dels Quarters, on actualment hi ha l\u2019IES Serra de Miramar. Amb el temps, es van afegir m\u00e9s aules, fins a arribar a quatre, i es va convertir en la <em>Escuela Graduada Aneja a Mestr\u00eda Industrial<\/em>. Durant el curs 1970-71, aquestes quatre unitats es van traslladar a l\u2019edifici de la Pla\u00e7a del Carme, actualment l\u2019Escola Enxaneta. El curs 1974-75, l\u2019escola es va traslladar als edificis petits de l\u2019actual IES Jaume Huguet, al Carrer de la Creu de Cames, adoptant el nom de\u00a0<em>Colegio Nacional Mixto de EGB Baltasar Seg\u00fa<\/em>\u00a0i es va convertir en un centre mixt.<\/p>\n<p>&nbsp;<\/p>\n<p><span style=\"font-family: inherit; font-size: 1em;\">L\u2019any 1974, en plena dictadura, l\u2019escola va rebre el nom de <\/span><em style=\"font-family: inherit; font-size: 1em;\">Baltasar Seg\u00fa i Homs<\/em><span style=\"font-family: inherit; font-size: 1em;\">\u00a0(1891-1974), en homenatge a l\u2019escriptor i cronista vallenc, qui va exercir c\u00e0rrecs com a Secretari de l\u2019Ajuntament de Reus i de la Diputaci\u00f3 de Tarragona, i va ser conseller i director del Banc de Valls. Seg\u00fa va ser tamb\u00e9 membre i fundador de moltes entitats vallenques. El 8 de gener de 1976, el col\u00b7legi va acollir quatre aules provinents del col\u00b7legi Verge de la Candela, arribant a un total de vuit unitats.<\/span><\/p>\n<p>El curs 1981-82 es va inaugurar l\u2019edifici actual, amb dues unitats de p\u00e0rvuls i dotze d\u2019EGB, esdevenint Col\u00b7legi Comarcal. Malgrat no disposar de menjador, els alumnes transportats dinaven al col\u00b7legi Verge de la Candela. L\u2019escola reunia alumnes de Masmolets, Fontscaldes, i les segones etapes de La Riba i Picamoixons.<\/p>\n<p>Durant el curs 1982-83, el centre va ampliar la seva oferta a quatre unitats de p\u00e0rvuls i catorze d\u2019EGB. Els alumnes van continuar dinant al\u00a0<em>Institut Polit\u00e8cnic de Formaci\u00f3 Professional<\/em>\u00a0fins al gener, quan es va posar en funcionament el menjador propi.<\/p>\n<p>El curs 1984-85 l\u2019escola va augmentar la seva capacitat a quatre unitats de p\u00e0rvuls i setze d\u2019EGB. Tamb\u00e9 va iniciar les classes per a adults amb tres mestres: dos pagats per Ensenyament i un per l\u2019Ajuntament. L\u2019any seg\u00fcent, el curs 1985-86, es va deixar de comptar amb els alumnes de Picamoixons, incrementant el personal amb un mestre de suport.<\/p>\n<p>El curs 1987-88 va ser el darrer any en qu\u00e8 els alumnes de La Riba van assistir al centre. Posteriorment, el curs seg\u00fcent, les classes d\u2019adults es van deixar d\u2019impartir al centre.<\/p>\n<p>Amb la implantaci\u00f3 del nou sistema educatiu, es van produir canvis significatius. Els cursos de 7\u00e8 i 8\u00e8 d\u2019EGB van passar a formar part de l\u2019ESO, impartida als centres de secund\u00e0ria, i l\u2019escola es va reconvertir en un centre d\u2019una sola l\u00ednia. Els edificis petits i els camps d\u2019esbarjo van passar a ser part de l\u2019IES Jaume Huguet, mentre que en el nostre centre es van construir noves instal\u00b7lacions i zones esportives.<\/p>\n<p>Actualment, amb una renovada visi\u00f3 pedag\u00f2gica, l\u2019escola ha experimentat una transformaci\u00f3 profunda, adoptant un nou nom que reflecteix el seu esperit de renovaci\u00f3:\u00a0<em>Escola P\u00fablica Baltis de Valls<\/em>. Aquest nom destaca el comprom\u00eds del centre amb la comunitat vallenca i la seva aposta per una educaci\u00f3 p\u00fablica de qualitat, reafirmant el seu orgull de pert\u00e0nyer a la ciutat. Aquesta nova etapa simbolitza un per\u00edode de creixement i renovaci\u00f3 en l\u2019educaci\u00f3 p\u00fablica de Valls.<\/p>\n<div class=\"addtoany_share_save_container addtoany_content addtoany_content_bottom\">\n<div class=\"a2a_kit a2a_kit_size_32 addtoany_list\" data-a2a-url=\"https:\/\/agora.xtec.cat\/ceipbaltasar\/lescola\/historia\/\" data-a2a-title=\"L\u2019Escola P\u00fablica Baltis de Valls: Un Viatge Hist\u00f2ric i un Renaixement Pedag\u00f2gic\"><a class=\"a2a_button_facebook\" title=\"Facebook\" href=\"https:\/\/agora.xtec.cat\/#facebook\" target=\"_blank\" rel=\"nofollow noopener\"><span class=\"a2a_label\">Facebook<\/span><\/a><a class=\"a2a_button_twitter\" title=\"Twitter\" href=\"https:\/\/agora.xtec.cat\/#twitter\" target=\"_blank\" rel=\"nofollow noopener\"><span class=\"a2a_label\">Twitter<\/span><\/a><a class=\"a2a_dd addtoany_share_save addtoany_share\" href=\"https:\/\/www.addtoany.com\/share#url=https%3A%2F%2Fagora.xtec.cat%2Fceipbaltasar%2Flescola%2Fhistoria%2F&amp;title=L%E2%80%99Escola%20P%C3%BAblica%20Baltis%20de%20Valls%3A%20Un%20Viatge%20Hist%C3%B2ric%20i%20un%20Renaixement%20Pedag%C3%B2gic\"><span class=\"a2a_label a2a_localize\" data-a2a-localize=\"inner,Share\">Comparteix<\/span><\/a><\/div>\n<div data-a2a-url=\"https:\/\/agora.xtec.cat\/ceipbaltasar\/lescola\/historia\/\" data-a2a-title=\"L\u2019Escola P\u00fablica Baltis de Valls: Un Viatge Hist\u00f2ric i un Renaixement Pedag\u00f2gic\"><a href=\"https:\/\/agora.xtec.cat\/ceipbaltasar\/wp-content\/uploads\/usu989\/2024\/10\/unnamed-1-scaled.jpg\"><img loading=\"lazy\" decoding=\"async\" class=\"size-thumbnail wp-image-9298 alignleft\" src=\"https:\/\/agora.xtec.cat\/ceipbaltasar\/wp-content\/uploads\/usu989\/2024\/10\/unnamed-1-150x150.jpg\" alt=\"\" width=\"150\" height=\"150\" \/><\/a> <a href=\"https:\/\/agora.xtec.cat\/ceipbaltasar\/wp-content\/uploads\/usu989\/2024\/10\/unnamed.jpg\"><img loading=\"lazy\" decoding=\"async\" class=\"size-thumbnail wp-image-9304 alignleft\" src=\"https:\/\/agora.xtec.cat\/ceipbaltasar\/wp-content\/uploads\/usu989\/2024\/10\/unnamed-150x150.jpg\" alt=\"\" width=\"150\" height=\"150\" \/><\/a> <a href=\"https:\/\/agora.xtec.cat\/ceipbaltasar\/wp-content\/uploads\/usu989\/2024\/10\/unnamed-6.jpg\"><img loading=\"lazy\" decoding=\"async\" class=\"size-thumbnail wp-image-9303 alignleft\" src=\"https:\/\/agora.xtec.cat\/ceipbaltasar\/wp-content\/uploads\/usu989\/2024\/10\/unnamed-6-150x150.jpg\" alt=\"\" width=\"150\" height=\"150\" \/><\/a> <a href=\"https:\/\/agora.xtec.cat\/ceipbaltasar\/wp-content\/uploads\/usu989\/2024\/10\/unnamed-5-scaled.jpg\"><img loading=\"lazy\" decoding=\"async\" class=\"size-thumbnail wp-image-9302 alignleft\" src=\"https:\/\/agora.xtec.cat\/ceipbaltasar\/wp-content\/uploads\/usu989\/2024\/10\/unnamed-5-150x150.jpg\" alt=\"\" width=\"150\" height=\"150\" \/><\/a> <a href=\"https:\/\/agora.xtec.cat\/ceipbaltasar\/wp-content\/uploads\/usu989\/2024\/10\/unnamed-4-scaled.jpg\"><img loading=\"lazy\" decoding=\"async\" class=\"size-thumbnail wp-image-9301 alignleft\" src=\"https:\/\/agora.xtec.cat\/ceipbaltasar\/wp-content\/uploads\/usu989\/2024\/10\/unnamed-4-150x150.jpg\" alt=\"\" width=\"150\" height=\"150\" \/><\/a> <a href=\"https:\/\/agora.xtec.cat\/ceipbaltasar\/wp-content\/uploads\/usu989\/2024\/10\/unnamed-3-scaled.jpg\"><img loading=\"lazy\" decoding=\"async\" class=\"size-thumbnail wp-image-9300 alignleft\" src=\"https:\/\/agora.xtec.cat\/ceipbaltasar\/wp-content\/uploads\/usu989\/2024\/10\/unnamed-3-150x150.jpg\" alt=\"\" width=\"150\" height=\"150\" \/><\/a> <a href=\"https:\/\/agora.xtec.cat\/ceipbaltasar\/wp-content\/uploads\/usu989\/2024\/10\/unnamed-2-scaled.jpg\"><img loading=\"lazy\" decoding=\"async\" class=\"size-thumbnail wp-image-9299 alignleft\" src=\"https:\/\/agora.xtec.cat\/ceipbaltasar\/wp-content\/uploads\/usu989\/2024\/10\/unnamed-2-150x150.jpg\" alt=\"\" width=\"150\" height=\"150\" \/><\/a><\/div>\n<\/div>\n","protected":false},"excerpt":{"rendered":"<p>L\u2019any 1949 va comen\u00e7ar a funcionar amb el nom de\u00a0Escuela Universitaria Preparatoria de Ingreso a la de Trabajo. Inicialment, comptava amb dues aules, una de les quals estava dirigida per un professor pagat per l\u2019\u201cObra Sindical\u201d. Els alumnes, d\u2019edats compreses entre 12 i 14 anys, assistien a classe als matins amb un professor i a [&hellip;]<\/p>\n","protected":false},"author":1,"featured_media":9297,"comment_status":"open","ping_status":"closed","sticky":true,"template":"","format":"standard","meta":{"_bbp_topic_count":0,"_bbp_reply_count":0,"_bbp_total_topic_count":0,"_bbp_total_reply_count":0,"_bbp_voice_count":0,"_bbp_anonymous_reply_count":0,"_bbp_topic_count_hidden":0,"_bbp_reply_count_hidden":0,"_bbp_forum_subforum_count":0,"site-sidebar-layout":"default","site-content-layout":"","ast-site-content-layout":"","site-content-style":"default","site-sidebar-style":"default","ast-global-header-display":"","ast-banner-title-visibility":"","ast-main-header-display":"","ast-hfb-above-header-display":"","ast-hfb-below-header-display":"","ast-hfb-mobile-header-display":"","site-post-title":"","ast-breadcrumbs-content":"","ast-featured-img":"","footer-sml-layout":"","theme-transparent-header-meta":"","adv-header-id-meta":"","stick-header-meta":"","header-above-stick-meta":"","header-main-stick-meta":"","header-below-stick-meta":"","astra-migrate-meta-layouts":"default","ast-page-background-enabled":"default","ast-page-background-meta":{"desktop":{"background-color":"var(--ast-global-color-4)","background-image":"","background-repeat":"repeat","background-position":"center center","background-size":"auto","background-attachment":"scroll","background-type":"","background-media":"","overlay-type":"","overlay-color":"","overlay-opacity":"","overlay-gradient":""},"tablet":{"background-color":"","background-image":"","background-repeat":"repeat","background-position":"center center","background-size":"auto","background-attachment":"scroll","background-type":"","background-media":"","overlay-type":"","overlay-color":"","overlay-opacity":"","overlay-gradient":""},"mobile":{"background-color":"","background-image":"","background-repeat":"repeat","background-position":"center center","background-size":"auto","background-attachment":"scroll","background-type":"","background-media":"","overlay-type":"","overlay-color":"","overlay-opacity":"","overlay-gradient":""}},"ast-content-background-meta":{"desktop":{"background-color":"var(--ast-global-color-5)","background-image":"","background-repeat":"repeat","background-position":"center center","background-size":"auto","background-attachment":"scroll","background-type":"","background-media":"","overlay-type":"","overlay-color":"","overlay-opacity":"","overlay-gradient":""},"tablet":{"background-color":"var(--ast-global-color-5)","background-image":"","background-repeat":"repeat","background-position":"center center","background-size":"auto","background-attachment":"scroll","background-type":"","background-media":"","overlay-type":"","overlay-color":"","overlay-opacity":"","overlay-gradient":""},"mobile":{"background-color":"var(--ast-global-color-5)","background-image":"","background-repeat":"repeat","background-position":"center center","background-size":"auto","background-attachment":"scroll","background-type":"","background-media":"","overlay-type":"","overlay-color":"","overlay-opacity":"","overlay-gradient":""}},"footnotes":""},"categories":[315,1,2,4,5],"tags":[],"class_list":["post-9296","post","type-post","status-publish","format-standard","has-post-thumbnail","hentry","category-baltinews","category-general","category-infantil","category-portada","category-primaria"],"post_mailing_queue_ids":[],"_links":{"self":[{"href":"https:\/\/agora.xtec.cat\/ceipbaltasar\/wp-json\/wp\/v2\/posts\/9296","targetHints":{"allow":["GET"]}}],"collection":[{"href":"https:\/\/agora.xtec.cat\/ceipbaltasar\/wp-json\/wp\/v2\/posts"}],"about":[{"href":"https:\/\/agora.xtec.cat\/ceipbaltasar\/wp-json\/wp\/v2\/types\/post"}],"author":[{"embeddable":true,"href":"https:\/\/agora.xtec.cat\/ceipbaltasar\/wp-json\/wp\/v2\/users\/1"}],"replies":[{"embeddable":true,"href":"https:\/\/agora.xtec.cat\/ceipbaltasar\/wp-json\/wp\/v2\/comments?post=9296"}],"version-history":[{"count":2,"href":"https:\/\/agora.xtec.cat\/ceipbaltasar\/wp-json\/wp\/v2\/posts\/9296\/revisions"}],"predecessor-version":[{"id":9312,"href":"https:\/\/agora.xtec.cat\/ceipbaltasar\/wp-json\/wp\/v2\/posts\/9296\/revisions\/9312"}],"wp:featuredmedia":[{"embeddable":true,"href":"https:\/\/agora.xtec.cat\/ceipbaltasar\/wp-json\/wp\/v2\/media\/9297"}],"wp:attachment":[{"href":"https:\/\/agora.xtec.cat\/ceipbaltasar\/wp-json\/wp\/v2\/media?parent=9296"}],"wp:term":[{"taxonomy":"category","embeddable":true,"href":"https:\/\/agora.xtec.cat\/ceipbaltasar\/wp-json\/wp\/v2\/categories?post=9296"},{"taxonomy":"post_tag","embeddable":true,"href":"https:\/\/agora.xtec.cat\/ceipbaltasar\/wp-json\/wp\/v2\/tags?post=9296"}],"curies":[{"name":"wp","href":"https:\/\/api.w.org\/{rel}","templated":true}]}}