{"id":9290,"date":"2024-10-12T12:21:48","date_gmt":"2024-10-12T10:21:48","guid":{"rendered":"https:\/\/agora.xtec.cat\/ceipbaltasar\/?p=9290"},"modified":"2025-03-06T13:52:48","modified_gmt":"2025-03-06T12:52:48","slug":"descobrint-les-plantes-aromatiques","status":"publish","type":"post","link":"https:\/\/agora.xtec.cat\/ceipbaltasar\/general\/descobrint-les-plantes-aromatiques\/","title":{"rendered":"Descobrint les plantes arom\u00e0tiques"},"content":{"rendered":"<p>Benvinguts! Us compartim les activitats que hem realitzat a la classe amb els alumnes d&#8217;infantil de 5 anys sobre les plantes arom\u00e0tiques! Durant les \u00faltimes setmanes, els infants han apr\u00e8s a recon\u00e8ixer diferents tipus de plantes, com la menta, l&#8217;esp\u00edgol, el roman\u00ed i la farigola, explorant les seves textures, colors i olors a trav\u00e9s d&#8217;activitats pr\u00e0ctiques i molt divertides.<\/p>\n<p>Us mostrem algunes de les experi\u00e8ncies m\u00e9s destacades que hem viscut: des de la plantaci\u00f3 de llavors i el reg\u00a0 fins a la creaci\u00f3 de saquets arom\u00e0tics i la preparaci\u00f3 de petits experiments per observar el creixement de les plantes. A m\u00e9s, trobareu fotografies i descripcions de les activitats que han despertat la curiositat i l&#8217;entusiasme dels m\u00e9s petits per la natura.<\/p>\n<p>Esperem que gaudiu tant com nosaltres d&#8217;aquesta aventura educativa i que us endinseu en el meravell\u00f3s m\u00f3n de les plantes arom\u00e0tiques!<\/p>\n<p>Clica la imatge per veure-ho.<\/p>\n<p><a href=\"https:\/\/sites.google.com\/elsbaltis.cat\/i5projectedepermacultura2024\/les-plantes-arom%C3%A0tiques\"><img loading=\"lazy\" decoding=\"async\" class=\"alignnone size-large wp-image-8673\" src=\"https:\/\/agora.xtec.cat\/ceipbaltasar\/wp-content\/uploads\/usu989\/2023\/10\/article-1024x397.png\" alt=\"\" width=\"1024\" height=\"397\" srcset=\"https:\/\/agora.xtec.cat\/ceipbaltasar\/wp-content\/uploads\/usu989\/2023\/10\/article-1024x397.png 1024w, https:\/\/agora.xtec.cat\/ceipbaltasar\/wp-content\/uploads\/usu989\/2023\/10\/article-300x116.png 300w, https:\/\/agora.xtec.cat\/ceipbaltasar\/wp-content\/uploads\/usu989\/2023\/10\/article-768x298.png 768w, https:\/\/agora.xtec.cat\/ceipbaltasar\/wp-content\/uploads\/usu989\/2023\/10\/article.png 1344w\" sizes=\"auto, (max-width: 1024px) 100vw, 1024px\" \/><\/a><\/p>\n","protected":false},"excerpt":{"rendered":"<p>Us compartim les activitats que hem realitzat a la classe amb els alumnes d&#8217;infantil de 5 anys sobre les plantes arom\u00e0tiques!<\/p>\n","protected":false},"author":10,"featured_media":0,"comment_status":"open","ping_status":"closed","sticky":false,"template":"","format":"standard","meta":{"_bbp_topic_count":0,"_bbp_reply_count":0,"_bbp_total_topic_count":0,"_bbp_total_reply_count":0,"_bbp_voice_count":0,"_bbp_anonymous_reply_count":0,"_bbp_topic_count_hidden":0,"_bbp_reply_count_hidden":0,"_bbp_forum_subforum_count":0,"site-sidebar-layout":"default","site-content-layout":"","ast-site-content-layout":"","site-content-style":"default","site-sidebar-style":"default","ast-global-header-display":"","ast-banner-title-visibility":"","ast-main-header-display":"","ast-hfb-above-header-display":"","ast-hfb-below-header-display":"","ast-hfb-mobile-header-display":"","site-post-title":"","ast-breadcrumbs-content":"","ast-featured-img":"","footer-sml-layout":"","theme-transparent-header-meta":"","adv-header-id-meta":"","stick-header-meta":"","header-above-stick-meta":"","header-main-stick-meta":"","header-below-stick-meta":"","astra-migrate-meta-layouts":"default","ast-page-background-enabled":"default","ast-page-background-meta":{"desktop":{"background-color":"var(--ast-global-color-4)","background-image":"","background-repeat":"repeat","background-position":"center center","background-size":"auto","background-attachment":"scroll","background-type":"","background-media":"","overlay-type":"","overlay-color":"","overlay-opacity":"","overlay-gradient":""},"tablet":{"background-color":"","background-image":"","background-repeat":"repeat","background-position":"center center","background-size":"auto","background-attachment":"scroll","background-type":"","background-media":"","overlay-type":"","overlay-color":"","overlay-opacity":"","overlay-gradient":""},"mobile":{"background-color":"","background-image":"","background-repeat":"repeat","background-position":"center center","background-size":"auto","background-attachment":"scroll","background-type":"","background-media":"","overlay-type":"","overlay-color":"","overlay-opacity":"","overlay-gradient":""}},"ast-content-background-meta":{"desktop":{"background-color":"var(--ast-global-color-5)","background-image":"","background-repeat":"repeat","background-position":"center center","background-size":"auto","background-attachment":"scroll","background-type":"","background-media":"","overlay-type":"","overlay-color":"","overlay-opacity":"","overlay-gradient":""},"tablet":{"background-color":"var(--ast-global-color-5)","background-image":"","background-repeat":"repeat","background-position":"center center","background-size":"auto","background-attachment":"scroll","background-type":"","background-media":"","overlay-type":"","overlay-color":"","overlay-opacity":"","overlay-gradient":""},"mobile":{"background-color":"var(--ast-global-color-5)","background-image":"","background-repeat":"repeat","background-position":"center center","background-size":"auto","background-attachment":"scroll","background-type":"","background-media":"","overlay-type":"","overlay-color":"","overlay-opacity":"","overlay-gradient":""}},"footnotes":""},"categories":[1,9],"tags":[183,62,324,142,90],"class_list":["post-9290","post","type-post","status-publish","format-standard","hentry","category-general","category-i5","tag-baltis","tag-educacio-infantil","tag-i5","tag-projectes","tag-serbaltimolamolt"],"post_mailing_queue_ids":[],"_links":{"self":[{"href":"https:\/\/agora.xtec.cat\/ceipbaltasar\/wp-json\/wp\/v2\/posts\/9290","targetHints":{"allow":["GET"]}}],"collection":[{"href":"https:\/\/agora.xtec.cat\/ceipbaltasar\/wp-json\/wp\/v2\/posts"}],"about":[{"href":"https:\/\/agora.xtec.cat\/ceipbaltasar\/wp-json\/wp\/v2\/types\/post"}],"author":[{"embeddable":true,"href":"https:\/\/agora.xtec.cat\/ceipbaltasar\/wp-json\/wp\/v2\/users\/10"}],"replies":[{"embeddable":true,"href":"https:\/\/agora.xtec.cat\/ceipbaltasar\/wp-json\/wp\/v2\/comments?post=9290"}],"version-history":[{"count":2,"href":"https:\/\/agora.xtec.cat\/ceipbaltasar\/wp-json\/wp\/v2\/posts\/9290\/revisions"}],"predecessor-version":[{"id":9583,"href":"https:\/\/agora.xtec.cat\/ceipbaltasar\/wp-json\/wp\/v2\/posts\/9290\/revisions\/9583"}],"wp:attachment":[{"href":"https:\/\/agora.xtec.cat\/ceipbaltasar\/wp-json\/wp\/v2\/media?parent=9290"}],"wp:term":[{"taxonomy":"category","embeddable":true,"href":"https:\/\/agora.xtec.cat\/ceipbaltasar\/wp-json\/wp\/v2\/categories?post=9290"},{"taxonomy":"post_tag","embeddable":true,"href":"https:\/\/agora.xtec.cat\/ceipbaltasar\/wp-json\/wp\/v2\/tags?post=9290"}],"curies":[{"name":"wp","href":"https:\/\/api.w.org\/{rel}","templated":true}]}}