{"id":8872,"date":"2024-02-19T18:18:31","date_gmt":"2024-02-19T17:18:31","guid":{"rendered":"https:\/\/agora.xtec.cat\/ceipbaltasar\/?p=8872"},"modified":"2024-02-19T18:18:31","modified_gmt":"2024-02-19T17:18:31","slug":"balti5-de-charlot","status":"publish","type":"post","link":"https:\/\/agora.xtec.cat\/ceipbaltasar\/portada\/balti5-de-charlot\/","title":{"rendered":"Balti5 de Charlot"},"content":{"rendered":"<p>&nbsp;<\/p>\n<p><span style=\"font-weight: 400\">Els <\/span><b>Balti5<\/b><span style=\"font-weight: 400\"> ens hem disfressat de <\/span><b>Charlot <\/b><span style=\"font-weight: 400\">un dels m\u00e9s memorables personatges de <\/span><a href=\"https:\/\/ca.wikipedia.org\/wiki\/Charles_Chaplin\"><span style=\"font-weight: 400\">Charles Chaplin<\/span><\/a><span style=\"font-weight: 400\">, i una icona mundial de l&#8217;era del<\/span> <a href=\"https:\/\/ca.wikipedia.org\/wiki\/Cinema_mut\"><b>cinema mut<\/b><\/a><b>. <\/b><span style=\"font-weight: 400\">Hem volgut rendir homenatge a aquest personatge aix\u00ed que ens hem caracteritzat amb un bomb\u00ed negre un corbat\u00ed una mangala i una vestimenta per l\u2019ocasi\u00f3. Sense oblidar el seu fam\u00f3s bigoti.<\/span><\/p>\n<p>Aqu\u00ed us deixem les fotos<\/p>\n<figure id=\"attachment_8873\" aria-describedby=\"caption-attachment-8873\" style=\"width: 485px\" class=\"wp-caption aligncenter\"><a href=\"https:\/\/drive.google.com\/drive\/folders\/1LBqy8GY8GEcUkeyq_KPHOJhaaYuejN0x?usp=drive_link\" target=\"_blank\" rel=\"noopener\"><img loading=\"lazy\" decoding=\"async\" class=\"wp-image-8873 size-full\" src=\"https:\/\/agora.xtec.cat\/ceipbaltasar\/wp-content\/uploads\/usu989\/2024\/02\/1707853418221.jpg\" alt=\"\" width=\"485\" height=\"618\" srcset=\"https:\/\/agora.xtec.cat\/ceipbaltasar\/wp-content\/uploads\/usu989\/2024\/02\/1707853418221.jpg 485w, https:\/\/agora.xtec.cat\/ceipbaltasar\/wp-content\/uploads\/usu989\/2024\/02\/1707853418221-235x300.jpg 235w\" sizes=\"auto, (max-width: 485px) 100vw, 485px\" \/><\/a><figcaption id=\"caption-attachment-8873\" class=\"wp-caption-text\">Clica a la foto per accedir a l&#8217;\u00e0lbum<\/figcaption><\/figure>\n","protected":false},"excerpt":{"rendered":"<p>&nbsp; Els Balti5 ens hem disfressat de Charlot un dels m\u00e9s memorables personatges de Charles Chaplin, i una icona mundial de l&#8217;era del cinema mut. Hem volgut rendir homenatge a aquest personatge aix\u00ed que ens hem caracteritzat amb un bomb\u00ed negre un corbat\u00ed una mangala i una vestimenta per l\u2019ocasi\u00f3. Sense oblidar el seu fam\u00f3s [&hellip;]<\/p>\n","protected":false},"author":20,"featured_media":8873,"comment_status":"closed","ping_status":"closed","sticky":false,"template":"","format":"standard","meta":{"_bbp_topic_count":0,"_bbp_reply_count":0,"_bbp_total_topic_count":0,"_bbp_total_reply_count":0,"_bbp_voice_count":0,"_bbp_anonymous_reply_count":0,"_bbp_topic_count_hidden":0,"_bbp_reply_count_hidden":0,"_bbp_forum_subforum_count":0,"site-sidebar-layout":"default","site-content-layout":"","ast-site-content-layout":"","site-content-style":"default","site-sidebar-style":"default","ast-global-header-display":"","ast-banner-title-visibility":"","ast-main-header-display":"","ast-hfb-above-header-display":"","ast-hfb-below-header-display":"","ast-hfb-mobile-header-display":"","site-post-title":"","ast-breadcrumbs-content":"","ast-featured-img":"","footer-sml-layout":"","theme-transparent-header-meta":"","adv-header-id-meta":"","stick-header-meta":"","header-above-stick-meta":"","header-main-stick-meta":"","header-below-stick-meta":"","astra-migrate-meta-layouts":"default","ast-page-background-enabled":"default","ast-page-background-meta":{"desktop":{"background-color":"var(--ast-global-color-4)","background-image":"","background-repeat":"repeat","background-position":"center center","background-size":"auto","background-attachment":"scroll","background-type":"","background-media":"","overlay-type":"","overlay-color":"","overlay-opacity":"","overlay-gradient":""},"tablet":{"background-color":"","background-image":"","background-repeat":"repeat","background-position":"center center","background-size":"auto","background-attachment":"scroll","background-type":"","background-media":"","overlay-type":"","overlay-color":"","overlay-opacity":"","overlay-gradient":""},"mobile":{"background-color":"","background-image":"","background-repeat":"repeat","background-position":"center center","background-size":"auto","background-attachment":"scroll","background-type":"","background-media":"","overlay-type":"","overlay-color":"","overlay-opacity":"","overlay-gradient":""}},"ast-content-background-meta":{"desktop":{"background-color":"var(--ast-global-color-5)","background-image":"","background-repeat":"repeat","background-position":"center center","background-size":"auto","background-attachment":"scroll","background-type":"","background-media":"","overlay-type":"","overlay-color":"","overlay-opacity":"","overlay-gradient":""},"tablet":{"background-color":"var(--ast-global-color-5)","background-image":"","background-repeat":"repeat","background-position":"center center","background-size":"auto","background-attachment":"scroll","background-type":"","background-media":"","overlay-type":"","overlay-color":"","overlay-opacity":"","overlay-gradient":""},"mobile":{"background-color":"var(--ast-global-color-5)","background-image":"","background-repeat":"repeat","background-position":"center center","background-size":"auto","background-attachment":"scroll","background-type":"","background-media":"","overlay-type":"","overlay-color":"","overlay-opacity":"","overlay-gradient":""}},"footnotes":""},"categories":[14,4],"tags":[148,56,90],"class_list":["post-8872","post","type-post","status-publish","format-standard","has-post-thumbnail","hentry","category-5e","category-portada","tag-5e","tag-baltipower","tag-serbaltimolamolt"],"post_mailing_queue_ids":[],"_links":{"self":[{"href":"https:\/\/agora.xtec.cat\/ceipbaltasar\/wp-json\/wp\/v2\/posts\/8872","targetHints":{"allow":["GET"]}}],"collection":[{"href":"https:\/\/agora.xtec.cat\/ceipbaltasar\/wp-json\/wp\/v2\/posts"}],"about":[{"href":"https:\/\/agora.xtec.cat\/ceipbaltasar\/wp-json\/wp\/v2\/types\/post"}],"author":[{"embeddable":true,"href":"https:\/\/agora.xtec.cat\/ceipbaltasar\/wp-json\/wp\/v2\/users\/20"}],"replies":[{"embeddable":true,"href":"https:\/\/agora.xtec.cat\/ceipbaltasar\/wp-json\/wp\/v2\/comments?post=8872"}],"version-history":[{"count":1,"href":"https:\/\/agora.xtec.cat\/ceipbaltasar\/wp-json\/wp\/v2\/posts\/8872\/revisions"}],"predecessor-version":[{"id":8874,"href":"https:\/\/agora.xtec.cat\/ceipbaltasar\/wp-json\/wp\/v2\/posts\/8872\/revisions\/8874"}],"wp:featuredmedia":[{"embeddable":true,"href":"https:\/\/agora.xtec.cat\/ceipbaltasar\/wp-json\/wp\/v2\/media\/8873"}],"wp:attachment":[{"href":"https:\/\/agora.xtec.cat\/ceipbaltasar\/wp-json\/wp\/v2\/media?parent=8872"}],"wp:term":[{"taxonomy":"category","embeddable":true,"href":"https:\/\/agora.xtec.cat\/ceipbaltasar\/wp-json\/wp\/v2\/categories?post=8872"},{"taxonomy":"post_tag","embeddable":true,"href":"https:\/\/agora.xtec.cat\/ceipbaltasar\/wp-json\/wp\/v2\/tags?post=8872"}],"curies":[{"name":"wp","href":"https:\/\/api.w.org\/{rel}","templated":true}]}}