{"id":8796,"date":"2023-11-22T10:22:12","date_gmt":"2023-11-22T09:22:12","guid":{"rendered":"https:\/\/agora.xtec.cat\/ceipbaltasar\/?p=8796"},"modified":"2023-12-01T11:04:16","modified_gmt":"2023-12-01T10:04:16","slug":"sortida-al-camp-daprenentatge-pau-casals","status":"publish","type":"post","link":"https:\/\/agora.xtec.cat\/ceipbaltasar\/portada\/sortida-al-camp-daprenentatge-pau-casals\/","title":{"rendered":"Sortida al Camp d&#8217;Aprenentatge Pau Casals"},"content":{"rendered":"<p>Ahir dia 21 de novembre els baltis de 5\u00e8 i 6\u00e8 vam anar al Camp d&#8217;Aprenentatge Pau Casals, a Coma-Ruga per realitzar uns tallers i enregistrar la can\u00e7\u00f3 &#8220;Xiquets de Valls&#8221; que vam estrenar el curs passat a l&#8217;esgl\u00e9sia de St. Joan. Ha estat una experi\u00e8ncia molt divertida, tant els tallers com la gravaci\u00f3, i la can\u00e7\u00f3 ens ha quedat molt b\u00e9. La Rihab de 6\u00e8 ha estat la dissenyadora de la car\u00e0tula guanyadora. A continuaci\u00f3 us deixem unes quantes fotos i l&#8217;enlla\u00e7 a la can\u00e7\u00f3 perqu\u00e8 la pugueu escoltar.<\/p>\n<p><a href=\"https:\/\/drive.google.com\/drive\/folders\/1zxymUuHHrlO7YUjXfG6Bx1Ibz8XNm61a?usp=sharing\" target=\"_blank\" rel=\"noopener\"><img loading=\"lazy\" decoding=\"async\" class=\"aligncenter wp-image-8798 size-large\" src=\"https:\/\/agora.xtec.cat\/ceipbaltasar\/wp-content\/uploads\/usu989\/2023\/11\/WhatsApp-Image-2023-11-21-at-13.25.11-1024x768.jpeg\" alt=\"\" width=\"1024\" height=\"768\" srcset=\"https:\/\/agora.xtec.cat\/ceipbaltasar\/wp-content\/uploads\/usu989\/2023\/11\/WhatsApp-Image-2023-11-21-at-13.25.11-1024x768.jpeg 1024w, https:\/\/agora.xtec.cat\/ceipbaltasar\/wp-content\/uploads\/usu989\/2023\/11\/WhatsApp-Image-2023-11-21-at-13.25.11-300x225.jpeg 300w, https:\/\/agora.xtec.cat\/ceipbaltasar\/wp-content\/uploads\/usu989\/2023\/11\/WhatsApp-Image-2023-11-21-at-13.25.11-768x576.jpeg 768w, https:\/\/agora.xtec.cat\/ceipbaltasar\/wp-content\/uploads\/usu989\/2023\/11\/WhatsApp-Image-2023-11-21-at-13.25.11-1536x1152.jpeg 1536w, https:\/\/agora.xtec.cat\/ceipbaltasar\/wp-content\/uploads\/usu989\/2023\/11\/WhatsApp-Image-2023-11-21-at-13.25.11-200x150.jpeg 200w, https:\/\/agora.xtec.cat\/ceipbaltasar\/wp-content\/uploads\/usu989\/2023\/11\/WhatsApp-Image-2023-11-21-at-13.25.11.jpeg 1600w\" sizes=\"auto, (max-width: 1024px) 100vw, 1024px\" \/><\/a><\/p>\n<blockquote class=\"wp-embedded-content\" data-secret=\"pgmPrunVBC\"><p><a href=\"https:\/\/cdapaucasals.com\/releases\/escola-baltis-de-valls-2023-24\/\">Escola Baltis de Valls 2023-24<\/a><\/p><\/blockquote>\n<p><iframe loading=\"lazy\" class=\"wp-embedded-content\" sandbox=\"allow-scripts\" security=\"restricted\" style=\"position: absolute; clip: rect(1px, 1px, 1px, 1px);\" title=\"&#8220;Escola Baltis de Valls 2023-24&#8221; &#8212; CdA Pau Casals\" src=\"https:\/\/cdapaucasals.com\/releases\/escola-baltis-de-valls-2023-24\/embed\/#?secret=tNigyubViA#?secret=pgmPrunVBC\" data-secret=\"pgmPrunVBC\" width=\"500\" height=\"282\" frameborder=\"0\" marginwidth=\"0\" marginheight=\"0\" scrolling=\"no\"><\/iframe><\/p>\n","protected":false},"excerpt":{"rendered":"<p>Ahir dia 21 de novembre els baltis de 5\u00e8 i 6\u00e8 vam anar al Camp d&#8217;Aprenentatge Pau Casals, a Coma-Ruga per realitzar uns tallers i enregistrar la can\u00e7\u00f3 &#8220;Xiquets de Valls&#8221; que vam estrenar el curs passat a l&#8217;esgl\u00e9sia de St. Joan. Ha estat una experi\u00e8ncia molt divertida, tant els tallers com la gravaci\u00f3, i [&hellip;]<\/p>\n","protected":false},"author":1,"featured_media":8797,"comment_status":"open","ping_status":"closed","sticky":false,"template":"","format":"standard","meta":{"_bbp_topic_count":0,"_bbp_reply_count":0,"_bbp_total_topic_count":0,"_bbp_total_reply_count":0,"_bbp_voice_count":0,"_bbp_anonymous_reply_count":0,"_bbp_topic_count_hidden":0,"_bbp_reply_count_hidden":0,"_bbp_forum_subforum_count":0,"site-sidebar-layout":"default","site-content-layout":"","ast-site-content-layout":"","site-content-style":"default","site-sidebar-style":"default","ast-global-header-display":"","ast-banner-title-visibility":"","ast-main-header-display":"","ast-hfb-above-header-display":"","ast-hfb-below-header-display":"","ast-hfb-mobile-header-display":"","site-post-title":"","ast-breadcrumbs-content":"","ast-featured-img":"","footer-sml-layout":"","theme-transparent-header-meta":"","adv-header-id-meta":"","stick-header-meta":"","header-above-stick-meta":"","header-main-stick-meta":"","header-below-stick-meta":"","astra-migrate-meta-layouts":"default","ast-page-background-enabled":"default","ast-page-background-meta":{"desktop":{"background-color":"var(--ast-global-color-4)","background-image":"","background-repeat":"repeat","background-position":"center center","background-size":"auto","background-attachment":"scroll","background-type":"","background-media":"","overlay-type":"","overlay-color":"","overlay-opacity":"","overlay-gradient":""},"tablet":{"background-color":"","background-image":"","background-repeat":"repeat","background-position":"center center","background-size":"auto","background-attachment":"scroll","background-type":"","background-media":"","overlay-type":"","overlay-color":"","overlay-opacity":"","overlay-gradient":""},"mobile":{"background-color":"","background-image":"","background-repeat":"repeat","background-position":"center center","background-size":"auto","background-attachment":"scroll","background-type":"","background-media":"","overlay-type":"","overlay-color":"","overlay-opacity":"","overlay-gradient":""}},"ast-content-background-meta":{"desktop":{"background-color":"var(--ast-global-color-5)","background-image":"","background-repeat":"repeat","background-position":"center center","background-size":"auto","background-attachment":"scroll","background-type":"","background-media":"","overlay-type":"","overlay-color":"","overlay-opacity":"","overlay-gradient":""},"tablet":{"background-color":"var(--ast-global-color-5)","background-image":"","background-repeat":"repeat","background-position":"center center","background-size":"auto","background-attachment":"scroll","background-type":"","background-media":"","overlay-type":"","overlay-color":"","overlay-opacity":"","overlay-gradient":""},"mobile":{"background-color":"var(--ast-global-color-5)","background-image":"","background-repeat":"repeat","background-position":"center center","background-size":"auto","background-attachment":"scroll","background-type":"","background-media":"","overlay-type":"","overlay-color":"","overlay-opacity":"","overlay-gradient":""}},"footnotes":""},"categories":[14,15,78,4],"tags":[],"class_list":["post-8796","post","type-post","status-publish","format-standard","has-post-thumbnail","hentry","category-5e","category-6e","category-musica","category-portada"],"post_mailing_queue_ids":[],"_links":{"self":[{"href":"https:\/\/agora.xtec.cat\/ceipbaltasar\/wp-json\/wp\/v2\/posts\/8796","targetHints":{"allow":["GET"]}}],"collection":[{"href":"https:\/\/agora.xtec.cat\/ceipbaltasar\/wp-json\/wp\/v2\/posts"}],"about":[{"href":"https:\/\/agora.xtec.cat\/ceipbaltasar\/wp-json\/wp\/v2\/types\/post"}],"author":[{"embeddable":true,"href":"https:\/\/agora.xtec.cat\/ceipbaltasar\/wp-json\/wp\/v2\/users\/1"}],"replies":[{"embeddable":true,"href":"https:\/\/agora.xtec.cat\/ceipbaltasar\/wp-json\/wp\/v2\/comments?post=8796"}],"version-history":[{"count":1,"href":"https:\/\/agora.xtec.cat\/ceipbaltasar\/wp-json\/wp\/v2\/posts\/8796\/revisions"}],"predecessor-version":[{"id":8799,"href":"https:\/\/agora.xtec.cat\/ceipbaltasar\/wp-json\/wp\/v2\/posts\/8796\/revisions\/8799"}],"wp:featuredmedia":[{"embeddable":true,"href":"https:\/\/agora.xtec.cat\/ceipbaltasar\/wp-json\/wp\/v2\/media\/8797"}],"wp:attachment":[{"href":"https:\/\/agora.xtec.cat\/ceipbaltasar\/wp-json\/wp\/v2\/media?parent=8796"}],"wp:term":[{"taxonomy":"category","embeddable":true,"href":"https:\/\/agora.xtec.cat\/ceipbaltasar\/wp-json\/wp\/v2\/categories?post=8796"},{"taxonomy":"post_tag","embeddable":true,"href":"https:\/\/agora.xtec.cat\/ceipbaltasar\/wp-json\/wp\/v2\/tags?post=8796"}],"curies":[{"name":"wp","href":"https:\/\/api.w.org\/{rel}","templated":true}]}}