{"id":873,"date":"2017-04-04T12:12:49","date_gmt":"2017-04-04T10:12:49","guid":{"rendered":"http:\/\/agora.xtec.cat\/ceipbaltasar\/?p=873"},"modified":"2017-04-19T10:31:55","modified_gmt":"2017-04-19T08:31:55","slug":"fem-pa-azim","status":"publish","type":"post","link":"https:\/\/agora.xtec.cat\/ceipbaltasar\/portada\/fem-pa-azim\/","title":{"rendered":"Fem pa \u00e0zim"},"content":{"rendered":"<p>Divertid\u00edssim taller de PA \u00c0ZIM (pa sense llevat) el que hem fet aquests dies els alumnes de 4rt de religi\u00f3. I us preguntareu el per qu\u00e8 d&#8217;un taller de pa a la classe de religi\u00f3, veritat? Doncs perqu\u00e8 hem volgut con\u00e8ixer les tradicions del poble de Jes\u00fas i qu\u00e8 \u00e9s el que podien menjar en aquests dies tant marcats, aix\u00ed que hem descobert que encara avui els jueus celebren aquests dies i presideixen el sopar pasqual (\u00faltim sopar que va celebrar Jes\u00fas) amb aquest pa.<\/p>\n<p>I mireu que f\u00e0cil \u00e9s&#8230;..nom\u00e9s necessitem 3 ingredients: Pa &#8211; aigua &#8211; sal.<\/p>\n<figure id=\"attachment_876\" aria-describedby=\"caption-attachment-876\" style=\"width: 1024px\" class=\"wp-caption alignnone\"><a href=\"https:\/\/goo.gl\/photos\/tQmfxKeoiMd3pCYi6\"><img loading=\"lazy\" decoding=\"async\" class=\"wp-image-876 size-large\" src=\"http:\/\/agora.xtec.cat\/ceipbaltasar\/wp-content\/uploads\/usu989\/2017\/04\/IMG_20170403_142955-1024x837.jpg\" alt=\"IMG_20170403_142955\" width=\"1024\" height=\"837\" srcset=\"https:\/\/agora.xtec.cat\/ceipbaltasar\/wp-content\/uploads\/usu989\/2017\/04\/IMG_20170403_142955-1024x837.jpg 1024w, https:\/\/agora.xtec.cat\/ceipbaltasar\/wp-content\/uploads\/usu989\/2017\/04\/IMG_20170403_142955-300x245.jpg 300w, https:\/\/agora.xtec.cat\/ceipbaltasar\/wp-content\/uploads\/usu989\/2017\/04\/IMG_20170403_142955-768x628.jpg 768w\" sizes=\"auto, (max-width: 1024px) 100vw, 1024px\" \/><\/a><figcaption id=\"caption-attachment-876\" class=\"wp-caption-text\">Clica al damunt de la foto per accedir a l&#8217;\u00e0lbum<\/figcaption><\/figure>\n","protected":false},"excerpt":{"rendered":"<p>Divertid\u00edssim taller de PA \u00c0ZIM (pa sense llevat) el que hem fet aquests dies els alumnes de 4rt de religi\u00f3. I us preguntareu el per qu\u00e8 d&#8217;un taller de pa a la classe de religi\u00f3, veritat? Doncs perqu\u00e8 hem volgut con\u00e8ixer les tradicions del poble de Jes\u00fas i qu\u00e8 \u00e9s el que podien menjar en [&hellip;]<\/p>\n","protected":false},"author":1,"featured_media":877,"comment_status":"open","ping_status":"open","sticky":false,"template":"","format":"standard","meta":{"_bbp_topic_count":0,"_bbp_reply_count":0,"_bbp_total_topic_count":0,"_bbp_total_reply_count":0,"_bbp_voice_count":0,"_bbp_anonymous_reply_count":0,"_bbp_topic_count_hidden":0,"_bbp_reply_count_hidden":0,"_bbp_forum_subforum_count":0,"site-sidebar-layout":"default","site-content-layout":"","ast-site-content-layout":"","site-content-style":"default","site-sidebar-style":"default","ast-global-header-display":"","ast-banner-title-visibility":"","ast-main-header-display":"","ast-hfb-above-header-display":"","ast-hfb-below-header-display":"","ast-hfb-mobile-header-display":"","site-post-title":"","ast-breadcrumbs-content":"","ast-featured-img":"","footer-sml-layout":"","theme-transparent-header-meta":"","adv-header-id-meta":"","stick-header-meta":"","header-above-stick-meta":"","header-main-stick-meta":"","header-below-stick-meta":"","astra-migrate-meta-layouts":"default","ast-page-background-enabled":"default","ast-page-background-meta":{"desktop":{"background-color":"var(--ast-global-color-4)","background-image":"","background-repeat":"repeat","background-position":"center center","background-size":"auto","background-attachment":"scroll","background-type":"","background-media":"","overlay-type":"","overlay-color":"","overlay-opacity":"","overlay-gradient":""},"tablet":{"background-color":"","background-image":"","background-repeat":"repeat","background-position":"center center","background-size":"auto","background-attachment":"scroll","background-type":"","background-media":"","overlay-type":"","overlay-color":"","overlay-opacity":"","overlay-gradient":""},"mobile":{"background-color":"","background-image":"","background-repeat":"repeat","background-position":"center center","background-size":"auto","background-attachment":"scroll","background-type":"","background-media":"","overlay-type":"","overlay-color":"","overlay-opacity":"","overlay-gradient":""}},"ast-content-background-meta":{"desktop":{"background-color":"var(--ast-global-color-5)","background-image":"","background-repeat":"repeat","background-position":"center center","background-size":"auto","background-attachment":"scroll","background-type":"","background-media":"","overlay-type":"","overlay-color":"","overlay-opacity":"","overlay-gradient":""},"tablet":{"background-color":"var(--ast-global-color-5)","background-image":"","background-repeat":"repeat","background-position":"center center","background-size":"auto","background-attachment":"scroll","background-type":"","background-media":"","overlay-type":"","overlay-color":"","overlay-opacity":"","overlay-gradient":""},"mobile":{"background-color":"var(--ast-global-color-5)","background-image":"","background-repeat":"repeat","background-position":"center center","background-size":"auto","background-attachment":"scroll","background-type":"","background-media":"","overlay-type":"","overlay-color":"","overlay-opacity":"","overlay-gradient":""}},"footnotes":""},"categories":[13,4],"tags":[58,56,63,57,66,55,61,71],"class_list":["post-873","post","type-post","status-publish","format-standard","has-post-thumbnail","hentry","category-4t","category-portada","tag-baltasar-segu","tag-baltipower","tag-cicle-mitja","tag-orgull-balti","tag-primaria","tag-sombaltis","tag-treball-cooperatiu","tag-valors"],"post_mailing_queue_ids":[],"_links":{"self":[{"href":"https:\/\/agora.xtec.cat\/ceipbaltasar\/wp-json\/wp\/v2\/posts\/873","targetHints":{"allow":["GET"]}}],"collection":[{"href":"https:\/\/agora.xtec.cat\/ceipbaltasar\/wp-json\/wp\/v2\/posts"}],"about":[{"href":"https:\/\/agora.xtec.cat\/ceipbaltasar\/wp-json\/wp\/v2\/types\/post"}],"author":[{"embeddable":true,"href":"https:\/\/agora.xtec.cat\/ceipbaltasar\/wp-json\/wp\/v2\/users\/1"}],"replies":[{"embeddable":true,"href":"https:\/\/agora.xtec.cat\/ceipbaltasar\/wp-json\/wp\/v2\/comments?post=873"}],"version-history":[{"count":2,"href":"https:\/\/agora.xtec.cat\/ceipbaltasar\/wp-json\/wp\/v2\/posts\/873\/revisions"}],"predecessor-version":[{"id":878,"href":"https:\/\/agora.xtec.cat\/ceipbaltasar\/wp-json\/wp\/v2\/posts\/873\/revisions\/878"}],"wp:featuredmedia":[{"embeddable":true,"href":"https:\/\/agora.xtec.cat\/ceipbaltasar\/wp-json\/wp\/v2\/media\/877"}],"wp:attachment":[{"href":"https:\/\/agora.xtec.cat\/ceipbaltasar\/wp-json\/wp\/v2\/media?parent=873"}],"wp:term":[{"taxonomy":"category","embeddable":true,"href":"https:\/\/agora.xtec.cat\/ceipbaltasar\/wp-json\/wp\/v2\/categories?post=873"},{"taxonomy":"post_tag","embeddable":true,"href":"https:\/\/agora.xtec.cat\/ceipbaltasar\/wp-json\/wp\/v2\/tags?post=873"}],"curies":[{"name":"wp","href":"https:\/\/api.w.org\/{rel}","templated":true}]}}