{"id":8726,"date":"2023-10-18T11:42:28","date_gmt":"2023-10-18T09:42:28","guid":{"rendered":"https:\/\/agora.xtec.cat\/ceipbaltasar\/?p=8726"},"modified":"2023-11-07T11:35:31","modified_gmt":"2023-11-07T10:35:31","slug":"els-ba2tis-intentem-repoblar-un-formiguer","status":"publish","type":"post","link":"https:\/\/agora.xtec.cat\/ceipbaltasar\/general\/els-ba2tis-intentem-repoblar-un-formiguer\/","title":{"rendered":"Els BA2TIS intentem repoblar un formiguer"},"content":{"rendered":"<p style=\"font-weight: 400;\">Els Baltis de segon hem heretat el formiguer dels Baltis de 6\u00e8 que venien l\u2019any passat a l\u2019escola. Va ser un regal que ens van fer abans de marxar perqu\u00e8 eren els nostres padrins lectors. El regal ens va fer molta il\u00b7lusi\u00f3, per\u00f2 al comen\u00e7ar al curs, ens vam adonar que ens calia aprendre moltes coses per a fer b\u00e9 la tasca encomanada.<\/p>\n<p style=\"font-weight: 400;\">Casualment, una mestra de l\u2019escola, ens va venir a explicar que tamb\u00e9 feia un temps que tenia un formiguer a casa, per\u00f2 que no sabia qu\u00e8 havia passat darrerament i nom\u00e9s quedava viva la reina.<\/p>\n<p style=\"font-weight: 400;\">Ens va proposar si ens vol\u00edem fer c\u00e0rrec del seu formiguer i ens va plantejar si ser\u00edem capa\u00e7os de repoblar el cau amb formigues del formiguer de la classe.<\/p>\n<p style=\"font-weight: 400;\">Aquest repte, s\u2019ha convertit en una situaci\u00f3 d\u2019aprenentatge molt interessant i ara que ja hem conegut com s\u00f3n les formigues, qu\u00e8 necessiten per viure, quins tipus existeixen i com es reprodueixen, \u00e9s el moment de dur a la pr\u00e0ctica l\u2019experiment.<\/p>\n<p style=\"font-weight: 400;\">Per comen\u00e7ar, cadasc\u00fa ha plantejat qu\u00e8 faria, quantes formigues i de quin tipus posaria perqu\u00e8 funcion\u00e9s la conviv\u00e8ncia amb la reina i seguidament hem fet hip\u00f2tesis sobre qu\u00e8 podria passar. Algunes de les reflexions han estat les seg\u00fcents:<\/p>\n<p style=\"font-weight: 400;\">&#8211;\u00a0\u00a0\u00a0\u00a0\u00a0\u00a0\u00a0\u00a0\u00a0\u00a0Si posem unes quantes obreres ajudaran a la reina perqu\u00e8 s\u00f3n molt treballadores per\u00f2 potser la reina no les accepta i les ataca.<\/p>\n<p style=\"font-weight: 400;\">&#8211;\u00a0\u00a0\u00a0\u00a0\u00a0\u00a0\u00a0\u00a0\u00a0\u00a0Si posem formigues soldat podrien atacar a la reina i fer-li mal.<\/p>\n<p style=\"font-weight: 400;\">&#8211;\u00a0\u00a0\u00a0\u00a0\u00a0\u00a0\u00a0\u00a0\u00a0\u00a0Ens agradaria posar formigues mascle perqu\u00e8 fecundessin a la reina per\u00f2 ens hem adonat que no n\u2019hi ha cap al formiguer.<\/p>\n<p>&#8211;\u00a0 \u00a0 \u00a0 \u00a0 \u00a0 &#8230;<\/p>\n<p style=\"font-weight: 400;\">Totes aquestes idees s\u2019han posat en com\u00fa\u00a0 a trav\u00e9s d\u2019un debat on tothom ha pogut dir la seva opini\u00f3. Finalment hem decidit que per comen\u00e7ar \u00e9s millor posar-ne nom\u00e9s d\u2019un tipus per veure qu\u00e8 passa. De moment hem posat 5 formigues obreres. Hem hagut de fixar-nos molt b\u00e9 amb les caracter\u00edstiques de cada una per no equivocar-nos. Sort que les soldat tenen el cap gros i s\u00f3n f\u00e0cils de recon\u00e8ixer!<\/p>\n<p style=\"font-weight: 400;\">Farem una observaci\u00f3 di\u00e0ria per veure qu\u00e8 passa i prendrem les decisions que ens semblin m\u00e9s convenients per aconseguir el nostre objectiu.<\/p>\n<p>&nbsp;<\/p>\n<div id='gallery-1' class='gallery galleryid-8726 gallery-columns-3 gallery-size-thumbnail'><figure class='gallery-item'>\n\t\t\t<div class='gallery-icon portrait'>\n\t\t\t\t<a href='https:\/\/agora.xtec.cat\/ceipbaltasar\/general\/els-ba2tis-intentem-repoblar-un-formiguer\/attachment\/img_6810\/'><img loading=\"lazy\" decoding=\"async\" width=\"150\" height=\"150\" src=\"https:\/\/agora.xtec.cat\/ceipbaltasar\/wp-content\/uploads\/usu989\/2023\/10\/IMG_6810-150x150.jpg\" class=\"attachment-thumbnail size-thumbnail\" alt=\"\" \/><\/a>\n\t\t\t<\/div><\/figure><figure class='gallery-item'>\n\t\t\t<div class='gallery-icon portrait'>\n\t\t\t\t<a href='https:\/\/agora.xtec.cat\/ceipbaltasar\/general\/els-ba2tis-intentem-repoblar-un-formiguer\/attachment\/img_6797-2\/'><img loading=\"lazy\" decoding=\"async\" width=\"150\" height=\"150\" src=\"https:\/\/agora.xtec.cat\/ceipbaltasar\/wp-content\/uploads\/usu989\/2023\/10\/IMG_6797-1-150x150.jpg\" class=\"attachment-thumbnail size-thumbnail\" alt=\"\" \/><\/a>\n\t\t\t<\/div><\/figure><figure class='gallery-item'>\n\t\t\t<div class='gallery-icon landscape'>\n\t\t\t\t<a href='https:\/\/agora.xtec.cat\/ceipbaltasar\/general\/els-ba2tis-intentem-repoblar-un-formiguer\/attachment\/1697550216622\/'><img loading=\"lazy\" decoding=\"async\" width=\"150\" height=\"150\" src=\"https:\/\/agora.xtec.cat\/ceipbaltasar\/wp-content\/uploads\/usu989\/2023\/10\/1697550216622-150x150.jpg\" class=\"attachment-thumbnail size-thumbnail\" alt=\"\" \/><\/a>\n\t\t\t<\/div><\/figure><figure class='gallery-item'>\n\t\t\t<div class='gallery-icon landscape'>\n\t\t\t\t<a href='https:\/\/agora.xtec.cat\/ceipbaltasar\/general\/els-ba2tis-intentem-repoblar-un-formiguer\/attachment\/1697550216527\/'><img loading=\"lazy\" decoding=\"async\" width=\"150\" height=\"150\" src=\"https:\/\/agora.xtec.cat\/ceipbaltasar\/wp-content\/uploads\/usu989\/2023\/10\/1697550216527-150x150.jpg\" class=\"attachment-thumbnail size-thumbnail\" alt=\"\" \/><\/a>\n\t\t\t<\/div><\/figure><figure class='gallery-item'>\n\t\t\t<div class='gallery-icon landscape'>\n\t\t\t\t<a href='https:\/\/agora.xtec.cat\/ceipbaltasar\/general\/els-ba2tis-intentem-repoblar-un-formiguer\/attachment\/1697550216351\/'><img loading=\"lazy\" decoding=\"async\" width=\"150\" height=\"150\" src=\"https:\/\/agora.xtec.cat\/ceipbaltasar\/wp-content\/uploads\/usu989\/2023\/10\/1697550216351-150x150.jpg\" class=\"attachment-thumbnail size-thumbnail\" alt=\"\" \/><\/a>\n\t\t\t<\/div><\/figure><figure class='gallery-item'>\n\t\t\t<div class='gallery-icon landscape'>\n\t\t\t\t<a href='https:\/\/agora.xtec.cat\/ceipbaltasar\/general\/els-ba2tis-intentem-repoblar-un-formiguer\/attachment\/img_6788\/'><img loading=\"lazy\" decoding=\"async\" width=\"150\" height=\"150\" src=\"https:\/\/agora.xtec.cat\/ceipbaltasar\/wp-content\/uploads\/usu989\/2023\/10\/IMG_6788-150x150.jpg\" class=\"attachment-thumbnail size-thumbnail\" alt=\"\" \/><\/a>\n\t\t\t<\/div><\/figure>\n\t\t<\/div>\n\n<p>&nbsp;<\/p>\n","protected":false},"excerpt":{"rendered":"<p>Els Baltis de segon hem heretat el formiguer dels Baltis de 6\u00e8 que venien l\u2019any passat a l\u2019escola. Va ser un regal que ens van fer abans de marxar perqu\u00e8 eren els nostres padrins lectors. El regal ens va fer molta il\u00b7lusi\u00f3, per\u00f2 al comen\u00e7ar al curs, ens vam adonar que ens calia aprendre moltes [&hellip;]<\/p>\n","protected":false},"author":13,"featured_media":8748,"comment_status":"open","ping_status":"closed","sticky":false,"template":"","format":"standard","meta":{"_bbp_topic_count":0,"_bbp_reply_count":0,"_bbp_total_topic_count":0,"_bbp_total_reply_count":0,"_bbp_voice_count":0,"_bbp_anonymous_reply_count":0,"_bbp_topic_count_hidden":0,"_bbp_reply_count_hidden":0,"_bbp_forum_subforum_count":0,"site-sidebar-layout":"default","site-content-layout":"","ast-site-content-layout":"","site-content-style":"default","site-sidebar-style":"default","ast-global-header-display":"","ast-banner-title-visibility":"","ast-main-header-display":"","ast-hfb-above-header-display":"","ast-hfb-below-header-display":"","ast-hfb-mobile-header-display":"","site-post-title":"","ast-breadcrumbs-content":"","ast-featured-img":"","footer-sml-layout":"","theme-transparent-header-meta":"","adv-header-id-meta":"","stick-header-meta":"","header-above-stick-meta":"","header-main-stick-meta":"","header-below-stick-meta":"","astra-migrate-meta-layouts":"default","ast-page-background-enabled":"default","ast-page-background-meta":{"desktop":{"background-color":"var(--ast-global-color-4)","background-image":"","background-repeat":"repeat","background-position":"center center","background-size":"auto","background-attachment":"scroll","background-type":"","background-media":"","overlay-type":"","overlay-color":"","overlay-opacity":"","overlay-gradient":""},"tablet":{"background-color":"","background-image":"","background-repeat":"repeat","background-position":"center center","background-size":"auto","background-attachment":"scroll","background-type":"","background-media":"","overlay-type":"","overlay-color":"","overlay-opacity":"","overlay-gradient":""},"mobile":{"background-color":"","background-image":"","background-repeat":"repeat","background-position":"center center","background-size":"auto","background-attachment":"scroll","background-type":"","background-media":"","overlay-type":"","overlay-color":"","overlay-opacity":"","overlay-gradient":""}},"ast-content-background-meta":{"desktop":{"background-color":"var(--ast-global-color-5)","background-image":"","background-repeat":"repeat","background-position":"center center","background-size":"auto","background-attachment":"scroll","background-type":"","background-media":"","overlay-type":"","overlay-color":"","overlay-opacity":"","overlay-gradient":""},"tablet":{"background-color":"var(--ast-global-color-5)","background-image":"","background-repeat":"repeat","background-position":"center center","background-size":"auto","background-attachment":"scroll","background-type":"","background-media":"","overlay-type":"","overlay-color":"","overlay-opacity":"","overlay-gradient":""},"mobile":{"background-color":"var(--ast-global-color-5)","background-image":"","background-repeat":"repeat","background-position":"center center","background-size":"auto","background-attachment":"scroll","background-type":"","background-media":"","overlay-type":"","overlay-color":"","overlay-opacity":"","overlay-gradient":""}},"footnotes":""},"categories":[11,1,4],"tags":[125,56,189,162,142,90,61],"class_list":["post-8726","post","type-post","status-publish","format-standard","has-post-thumbnail","hentry","category-2n","category-general","category-portada","tag-2n","tag-baltipower","tag-comunitat-dels-mitjans","tag-experimentacio","tag-projectes","tag-serbaltimolamolt","tag-treball-cooperatiu"],"post_mailing_queue_ids":[],"_links":{"self":[{"href":"https:\/\/agora.xtec.cat\/ceipbaltasar\/wp-json\/wp\/v2\/posts\/8726","targetHints":{"allow":["GET"]}}],"collection":[{"href":"https:\/\/agora.xtec.cat\/ceipbaltasar\/wp-json\/wp\/v2\/posts"}],"about":[{"href":"https:\/\/agora.xtec.cat\/ceipbaltasar\/wp-json\/wp\/v2\/types\/post"}],"author":[{"embeddable":true,"href":"https:\/\/agora.xtec.cat\/ceipbaltasar\/wp-json\/wp\/v2\/users\/13"}],"replies":[{"embeddable":true,"href":"https:\/\/agora.xtec.cat\/ceipbaltasar\/wp-json\/wp\/v2\/comments?post=8726"}],"version-history":[{"count":6,"href":"https:\/\/agora.xtec.cat\/ceipbaltasar\/wp-json\/wp\/v2\/posts\/8726\/revisions"}],"predecessor-version":[{"id":8752,"href":"https:\/\/agora.xtec.cat\/ceipbaltasar\/wp-json\/wp\/v2\/posts\/8726\/revisions\/8752"}],"wp:featuredmedia":[{"embeddable":true,"href":"https:\/\/agora.xtec.cat\/ceipbaltasar\/wp-json\/wp\/v2\/media\/8748"}],"wp:attachment":[{"href":"https:\/\/agora.xtec.cat\/ceipbaltasar\/wp-json\/wp\/v2\/media?parent=8726"}],"wp:term":[{"taxonomy":"category","embeddable":true,"href":"https:\/\/agora.xtec.cat\/ceipbaltasar\/wp-json\/wp\/v2\/categories?post=8726"},{"taxonomy":"post_tag","embeddable":true,"href":"https:\/\/agora.xtec.cat\/ceipbaltasar\/wp-json\/wp\/v2\/tags?post=8726"}],"curies":[{"name":"wp","href":"https:\/\/api.w.org\/{rel}","templated":true}]}}