{"id":8723,"date":"2024-04-15T16:17:45","date_gmt":"2024-04-15T14:17:45","guid":{"rendered":"https:\/\/agora.xtec.cat\/ceipbaltasar\/?p=8723"},"modified":"2024-04-15T16:17:45","modified_gmt":"2024-04-15T14:17:45","slug":"taf-taller-amb-les-families","status":"publish","type":"post","link":"https:\/\/agora.xtec.cat\/ceipbaltasar\/general\/taf-taller-amb-les-families\/","title":{"rendered":"TAF, Taller amb les fam\u00edlies"},"content":{"rendered":"<p><span style=\"font-weight: 400\">Aquest \u00e9s el 8\u00e8 any que a l\u2019Escola Baltis de Valls, fem els tallers de Tardes Amb Fam\u00edlia (TAF). Dos dilluns al mes de les 15:00h a les 16:30h, les fam\u00edlies que volen, venen a l\u2019escola i compartim una hora i mitja plegades.\u00a0<\/span><\/p>\n<p><span style=\"font-weight: 400\">L\u2019Ariana Roca, coordinadora LIC del centre, \u00e9s la qui coordina i acompanya aquest taller, aportant els seus coneixements des de la mirada sist\u00e8mica. Tamb\u00e9 hi ha tallers que es convida a professionals a parlar de temes m\u00e9s concrets i espec\u00edfics.\u00a0<\/span><\/p>\n<p><span style=\"font-weight: 400\">TAF \u00e9s un espai de formaci\u00f3, informaci\u00f3 i reflexi\u00f3 dirigit als pares i mares sobre aspectes relacionats amb l\u2019educaci\u00f3 dels seus fills. Parlar de temes que els pugui interessar, tal com: les etapes evolutives de l\u2019infant, com millorar la comunicaci\u00f3 entre pares i fills, parlar de l\u2019autoestima i la confian\u00e7a, responsabilitat , l\u00edmits, el respecte, les xarxes socials, els tel\u00e8fons m\u00f2bils, les emocions i molts altres temes que surten\u00a0 al llarg de l\u2019any.<\/span><\/p>\n<p><span style=\"font-weight: 400\">Els objectius s\u00f3n, oferir a les fam\u00edlies un espai on poder parlar de les seves preocupacions; aclarir dubtes referents a l\u2019educaci\u00f3 dels seus fills; compartir estrat\u00e8gies i solucions que ens funcionen;\u00a0 fer sentir a les fam\u00edlies que formen part de l\u2019escola; afavorir la relaci\u00f3 entre les fam\u00edlies i l\u2019escola; afavorir la relaci\u00f3 entre les fam\u00edlies de l\u2019escola.\u00a0<\/span><\/p>\n<p><span style=\"font-weight: 400\">Sempre amb molt de respecte i sense judici. Donant \u00e8mfasi en que \u00e9s un espai molt cuidat i respectu\u00f3s cap a tothom i que totes les fam\u00edlies hi tenen cabuda.\u00a0<\/span><\/p>\n<div class=\"ast-oembed-container \" style=\"height: 100%;\"><iframe loading=\"lazy\" title=\"BALTITAF\" width=\"500\" height=\"281\" src=\"https:\/\/www.youtube.com\/embed\/9Wdd9ddA1js?feature=oembed\" frameborder=\"0\" allow=\"accelerometer; autoplay; clipboard-write; encrypted-media; gyroscope; picture-in-picture; web-share\" referrerpolicy=\"strict-origin-when-cross-origin\" allowfullscreen><\/iframe><\/div>\n<p>&nbsp;<\/p>\n","protected":false},"excerpt":{"rendered":"<p>Aquest \u00e9s el 8\u00e8 any que a l\u2019Escola Baltis de Valls, fem els tallers de Tardes Amb Fam\u00edlia (TAF). Dos dilluns al mes de les 15:00h a les 16:30h, les fam\u00edlies que volen, venen a l\u2019escola i compartim una hora i mitja plegades.\u00a0 L\u2019Ariana Roca, coordinadora LIC del centre, \u00e9s la qui coordina i acompanya [&hellip;]<\/p>\n","protected":false},"author":12,"featured_media":9010,"comment_status":"open","ping_status":"closed","sticky":false,"template":"","format":"standard","meta":{"_bbp_topic_count":0,"_bbp_reply_count":0,"_bbp_total_topic_count":0,"_bbp_total_reply_count":0,"_bbp_voice_count":0,"_bbp_anonymous_reply_count":0,"_bbp_topic_count_hidden":0,"_bbp_reply_count_hidden":0,"_bbp_forum_subforum_count":0,"site-sidebar-layout":"default","site-content-layout":"","ast-site-content-layout":"","site-content-style":"default","site-sidebar-style":"default","ast-global-header-display":"","ast-banner-title-visibility":"","ast-main-header-display":"","ast-hfb-above-header-display":"","ast-hfb-below-header-display":"","ast-hfb-mobile-header-display":"","site-post-title":"","ast-breadcrumbs-content":"","ast-featured-img":"","footer-sml-layout":"","theme-transparent-header-meta":"","adv-header-id-meta":"","stick-header-meta":"","header-above-stick-meta":"","header-main-stick-meta":"","header-below-stick-meta":"","astra-migrate-meta-layouts":"default","ast-page-background-enabled":"default","ast-page-background-meta":{"desktop":{"background-color":"var(--ast-global-color-4)","background-image":"","background-repeat":"repeat","background-position":"center center","background-size":"auto","background-attachment":"scroll","background-type":"","background-media":"","overlay-type":"","overlay-color":"","overlay-opacity":"","overlay-gradient":""},"tablet":{"background-color":"","background-image":"","background-repeat":"repeat","background-position":"center center","background-size":"auto","background-attachment":"scroll","background-type":"","background-media":"","overlay-type":"","overlay-color":"","overlay-opacity":"","overlay-gradient":""},"mobile":{"background-color":"","background-image":"","background-repeat":"repeat","background-position":"center center","background-size":"auto","background-attachment":"scroll","background-type":"","background-media":"","overlay-type":"","overlay-color":"","overlay-opacity":"","overlay-gradient":""}},"ast-content-background-meta":{"desktop":{"background-color":"var(--ast-global-color-5)","background-image":"","background-repeat":"repeat","background-position":"center center","background-size":"auto","background-attachment":"scroll","background-type":"","background-media":"","overlay-type":"","overlay-color":"","overlay-opacity":"","overlay-gradient":""},"tablet":{"background-color":"var(--ast-global-color-5)","background-image":"","background-repeat":"repeat","background-position":"center center","background-size":"auto","background-attachment":"scroll","background-type":"","background-media":"","overlay-type":"","overlay-color":"","overlay-opacity":"","overlay-gradient":""},"mobile":{"background-color":"var(--ast-global-color-5)","background-image":"","background-repeat":"repeat","background-position":"center center","background-size":"auto","background-attachment":"scroll","background-type":"","background-media":"","overlay-type":"","overlay-color":"","overlay-opacity":"","overlay-gradient":""}},"footnotes":""},"categories":[1,4],"tags":[183,318,55,319,320],"class_list":["post-8723","post","type-post","status-publish","format-standard","has-post-thumbnail","hentry","category-general","category-portada","tag-baltis","tag-baltitaf","tag-sombaltis","tag-taf","tag-tardes-amb-families"],"post_mailing_queue_ids":[],"_links":{"self":[{"href":"https:\/\/agora.xtec.cat\/ceipbaltasar\/wp-json\/wp\/v2\/posts\/8723","targetHints":{"allow":["GET"]}}],"collection":[{"href":"https:\/\/agora.xtec.cat\/ceipbaltasar\/wp-json\/wp\/v2\/posts"}],"about":[{"href":"https:\/\/agora.xtec.cat\/ceipbaltasar\/wp-json\/wp\/v2\/types\/post"}],"author":[{"embeddable":true,"href":"https:\/\/agora.xtec.cat\/ceipbaltasar\/wp-json\/wp\/v2\/users\/12"}],"replies":[{"embeddable":true,"href":"https:\/\/agora.xtec.cat\/ceipbaltasar\/wp-json\/wp\/v2\/comments?post=8723"}],"version-history":[{"count":3,"href":"https:\/\/agora.xtec.cat\/ceipbaltasar\/wp-json\/wp\/v2\/posts\/8723\/revisions"}],"predecessor-version":[{"id":9009,"href":"https:\/\/agora.xtec.cat\/ceipbaltasar\/wp-json\/wp\/v2\/posts\/8723\/revisions\/9009"}],"wp:featuredmedia":[{"embeddable":true,"href":"https:\/\/agora.xtec.cat\/ceipbaltasar\/wp-json\/wp\/v2\/media\/9010"}],"wp:attachment":[{"href":"https:\/\/agora.xtec.cat\/ceipbaltasar\/wp-json\/wp\/v2\/media?parent=8723"}],"wp:term":[{"taxonomy":"category","embeddable":true,"href":"https:\/\/agora.xtec.cat\/ceipbaltasar\/wp-json\/wp\/v2\/categories?post=8723"},{"taxonomy":"post_tag","embeddable":true,"href":"https:\/\/agora.xtec.cat\/ceipbaltasar\/wp-json\/wp\/v2\/tags?post=8723"}],"curies":[{"name":"wp","href":"https:\/\/api.w.org\/{rel}","templated":true}]}}