{"id":8674,"date":"2023-10-01T20:11:42","date_gmt":"2023-10-01T18:11:42","guid":{"rendered":"https:\/\/agora.xtec.cat\/ceipbaltasar\/?p=8674"},"modified":"2023-10-01T20:16:50","modified_gmt":"2023-10-01T18:16:50","slug":"projecte-di5-les-plantes-aromatiques","status":"publish","type":"post","link":"https:\/\/agora.xtec.cat\/ceipbaltasar\/general\/projecte-di5-les-plantes-aromatiques\/","title":{"rendered":"PROJECTE D&#8217;I5: LES PLANTES AROM\u00c0TIQUES"},"content":{"rendered":"<p><audio class=\"audio-for-speech\"><\/audio><\/p>\n<div class=\"translate-tooltip-mtz blue sm-root translate hidden_translate\">\n<div class=\"header-wrapper\">\n<div class=\"header-controls\"><\/div>\n<\/div>\n<\/div>\n<p>Comencem el curs d&#8217;I5 amb el projecte de permacultura <em><strong>Les plantes arom\u00e0tiques <\/strong><\/em>amb l&#8217;objectiu que els nostres alumnes es responsabilitzin de la cura de les plantes i que les respectin. El nostre repte ser\u00e0 construir el nostre jard\u00ed de plantes arom\u00e0tiques.<\/p>\n<div class=\"translate-tooltip-mtz blue sm-root translate hidden_translate\">\n<div class=\"header-wrapper\">\n<div>\n<p dir=\"ltr\">Clica la imatge si vols veure el proc\u00e9s que hem seguit.<\/p>\n<\/div>\n<\/div>\n<\/div>\n<div><em><strong><a href=\"https:\/\/sites.google.com\/elsbaltis.cat\/i5projectepermacultura2023-24\/p%C3%A0gina-principal\"><img loading=\"lazy\" decoding=\"async\" class=\"aligncenter wp-image-8673\" src=\"https:\/\/agora.xtec.cat\/ceipbaltasar\/wp-content\/uploads\/usu989\/2023\/10\/article-1024x397.png\" alt=\"\" width=\"634\" height=\"246\" srcset=\"https:\/\/agora.xtec.cat\/ceipbaltasar\/wp-content\/uploads\/usu989\/2023\/10\/article-1024x397.png 1024w, https:\/\/agora.xtec.cat\/ceipbaltasar\/wp-content\/uploads\/usu989\/2023\/10\/article-300x116.png 300w, https:\/\/agora.xtec.cat\/ceipbaltasar\/wp-content\/uploads\/usu989\/2023\/10\/article-768x298.png 768w, https:\/\/agora.xtec.cat\/ceipbaltasar\/wp-content\/uploads\/usu989\/2023\/10\/article.png 1344w\" sizes=\"auto, (max-width: 634px) 100vw, 634px\" \/><\/a><\/strong><\/em><\/div>\n","protected":false},"excerpt":{"rendered":"<p>Comencem el curs d&#8217;I5 amb el projecte de permacultura Les plantes arom\u00e0tiques amb l&#8217;objectiu que els nostres alumnes es responsabilitzin de la cura de les plantes i que les respectin. El nostre repte ser\u00e0 construir el nostre jard\u00ed de plantes arom\u00e0tiques. Clica la imatge si vols veure el proc\u00e9s que hem seguit.<\/p>\n","protected":false},"author":1,"featured_media":8673,"comment_status":"open","ping_status":"closed","sticky":false,"template":"","format":"standard","meta":{"_bbp_topic_count":0,"_bbp_reply_count":0,"_bbp_total_topic_count":0,"_bbp_total_reply_count":0,"_bbp_voice_count":0,"_bbp_anonymous_reply_count":0,"_bbp_topic_count_hidden":0,"_bbp_reply_count_hidden":0,"_bbp_forum_subforum_count":0,"site-sidebar-layout":"default","site-content-layout":"","ast-site-content-layout":"","site-content-style":"default","site-sidebar-style":"default","ast-global-header-display":"","ast-banner-title-visibility":"","ast-main-header-display":"","ast-hfb-above-header-display":"","ast-hfb-below-header-display":"","ast-hfb-mobile-header-display":"","site-post-title":"","ast-breadcrumbs-content":"","ast-featured-img":"","footer-sml-layout":"","theme-transparent-header-meta":"","adv-header-id-meta":"","stick-header-meta":"","header-above-stick-meta":"","header-main-stick-meta":"","header-below-stick-meta":"","astra-migrate-meta-layouts":"default","ast-page-background-enabled":"default","ast-page-background-meta":{"desktop":{"background-color":"var(--ast-global-color-4)","background-image":"","background-repeat":"repeat","background-position":"center center","background-size":"auto","background-attachment":"scroll","background-type":"","background-media":"","overlay-type":"","overlay-color":"","overlay-opacity":"","overlay-gradient":""},"tablet":{"background-color":"","background-image":"","background-repeat":"repeat","background-position":"center center","background-size":"auto","background-attachment":"scroll","background-type":"","background-media":"","overlay-type":"","overlay-color":"","overlay-opacity":"","overlay-gradient":""},"mobile":{"background-color":"","background-image":"","background-repeat":"repeat","background-position":"center center","background-size":"auto","background-attachment":"scroll","background-type":"","background-media":"","overlay-type":"","overlay-color":"","overlay-opacity":"","overlay-gradient":""}},"ast-content-background-meta":{"desktop":{"background-color":"var(--ast-global-color-5)","background-image":"","background-repeat":"repeat","background-position":"center center","background-size":"auto","background-attachment":"scroll","background-type":"","background-media":"","overlay-type":"","overlay-color":"","overlay-opacity":"","overlay-gradient":""},"tablet":{"background-color":"var(--ast-global-color-5)","background-image":"","background-repeat":"repeat","background-position":"center center","background-size":"auto","background-attachment":"scroll","background-type":"","background-media":"","overlay-type":"","overlay-color":"","overlay-opacity":"","overlay-gradient":""},"mobile":{"background-color":"var(--ast-global-color-5)","background-image":"","background-repeat":"repeat","background-position":"center center","background-size":"auto","background-attachment":"scroll","background-type":"","background-media":"","overlay-type":"","overlay-color":"","overlay-opacity":"","overlay-gradient":""}},"footnotes":""},"categories":[1,9,4],"tags":[62,69,163,115,90],"class_list":["post-8674","post","type-post","status-publish","format-standard","has-post-thumbnail","hentry","category-general","category-i5","category-portada","tag-educacio-infantil","tag-escola-verda","tag-permacultura","tag-projecte","tag-serbaltimolamolt"],"post_mailing_queue_ids":[],"_links":{"self":[{"href":"https:\/\/agora.xtec.cat\/ceipbaltasar\/wp-json\/wp\/v2\/posts\/8674","targetHints":{"allow":["GET"]}}],"collection":[{"href":"https:\/\/agora.xtec.cat\/ceipbaltasar\/wp-json\/wp\/v2\/posts"}],"about":[{"href":"https:\/\/agora.xtec.cat\/ceipbaltasar\/wp-json\/wp\/v2\/types\/post"}],"author":[{"embeddable":true,"href":"https:\/\/agora.xtec.cat\/ceipbaltasar\/wp-json\/wp\/v2\/users\/1"}],"replies":[{"embeddable":true,"href":"https:\/\/agora.xtec.cat\/ceipbaltasar\/wp-json\/wp\/v2\/comments?post=8674"}],"version-history":[{"count":6,"href":"https:\/\/agora.xtec.cat\/ceipbaltasar\/wp-json\/wp\/v2\/posts\/8674\/revisions"}],"predecessor-version":[{"id":8681,"href":"https:\/\/agora.xtec.cat\/ceipbaltasar\/wp-json\/wp\/v2\/posts\/8674\/revisions\/8681"}],"wp:featuredmedia":[{"embeddable":true,"href":"https:\/\/agora.xtec.cat\/ceipbaltasar\/wp-json\/wp\/v2\/media\/8673"}],"wp:attachment":[{"href":"https:\/\/agora.xtec.cat\/ceipbaltasar\/wp-json\/wp\/v2\/media?parent=8674"}],"wp:term":[{"taxonomy":"category","embeddable":true,"href":"https:\/\/agora.xtec.cat\/ceipbaltasar\/wp-json\/wp\/v2\/categories?post=8674"},{"taxonomy":"post_tag","embeddable":true,"href":"https:\/\/agora.xtec.cat\/ceipbaltasar\/wp-json\/wp\/v2\/tags?post=8674"}],"curies":[{"name":"wp","href":"https:\/\/api.w.org\/{rel}","templated":true}]}}