{"id":8607,"date":"2023-02-25T20:29:07","date_gmt":"2023-02-25T19:29:07","guid":{"rendered":"https:\/\/agora.xtec.cat\/ceipbaltasar\/?p=8607"},"modified":"2023-06-25T21:16:43","modified_gmt":"2023-06-25T19:16:43","slug":"coneixem-lartista-yayoi-kusama","status":"publish","type":"post","link":"https:\/\/agora.xtec.cat\/ceipbaltasar\/infantil\/comunitat-de-petits\/i3\/coneixem-lartista-yayoi-kusama\/","title":{"rendered":"CONEIXEM L&#8217;ARTISTA YAYOI KUSAMA"},"content":{"rendered":"<p>Aquest curs 2022-23 gira al voltant del tema\u00a0 la <strong><em>Dona i l&#8217;art.<\/em><\/strong> A I3 ens vam decantar per la Yayoi Kusama, una dona i artista, que tot i que no \u00e9s propera per proximitat, s&#8217;ha convertit en inseparable nostra pel seu estil particular. R\u00e0pid ens vam sentir captivats per les seves obres, per la seva manera d&#8217;entendre l&#8217;art i per la seva proximitat amb els elements que l&#8217;envoltaven. Amb la Yayoi hem treballat un element molt important, LA RODONA, per desenvolupar pintures i escultures; aix\u00ed que hem adaptat el seu estil a les nostres necessitats i han sortit interpretacions de les seves obres, tan divertides com: les carabasses, els ulls voladors, jo en el m\u00f3n de la Yayoi, per\u00f2 tamb\u00e9 murals comunitaris plens de rodones i de colors.<\/p>\n<p>CLICA LA IMATGE per veure les activitats realitzades.<\/p>\n<p><a href=\"https:\/\/drive.google.com\/drive\/folders\/1mvbnHYuEtRQNlZCrCnbbQUuY1hJWZrs9?usp=drive_link\"><img loading=\"lazy\" decoding=\"async\" class=\"aligncenter size-full wp-image-8606\" src=\"https:\/\/agora.xtec.cat\/ceipbaltasar\/wp-content\/uploads\/usu989\/2023\/06\/3-yayoikusama.JPGPortrait-1.jpg\" alt=\"\" width=\"400\" height=\"400\" srcset=\"https:\/\/agora.xtec.cat\/ceipbaltasar\/wp-content\/uploads\/usu989\/2023\/06\/3-yayoikusama.JPGPortrait-1.jpg 400w, https:\/\/agora.xtec.cat\/ceipbaltasar\/wp-content\/uploads\/usu989\/2023\/06\/3-yayoikusama.JPGPortrait-1-300x300.jpg 300w, https:\/\/agora.xtec.cat\/ceipbaltasar\/wp-content\/uploads\/usu989\/2023\/06\/3-yayoikusama.JPGPortrait-1-150x150.jpg 150w\" sizes=\"auto, (max-width: 400px) 100vw, 400px\" \/><\/a><\/p>\n","protected":false},"excerpt":{"rendered":"<p>Aquest curs 2022-23 gira al voltant del tema\u00a0 la Dona i l&#8217;art. A I3 ens vam decantar per la Yayoi Kusama, una dona i artista, que tot i que no \u00e9s propera per proximitat, s&#8217;ha convertit en inseparable nostra pel seu estil particular. R\u00e0pid ens vam sentir captivats per les seves obres, per la seva [&hellip;]<\/p>\n","protected":false},"author":1,"featured_media":8606,"comment_status":"open","ping_status":"closed","sticky":false,"template":"","format":"standard","meta":{"_bbp_topic_count":0,"_bbp_reply_count":0,"_bbp_total_topic_count":0,"_bbp_total_reply_count":0,"_bbp_voice_count":0,"_bbp_anonymous_reply_count":0,"_bbp_topic_count_hidden":0,"_bbp_reply_count_hidden":0,"_bbp_forum_subforum_count":0,"site-sidebar-layout":"default","site-content-layout":"","ast-site-content-layout":"","site-content-style":"default","site-sidebar-style":"default","ast-global-header-display":"","ast-banner-title-visibility":"","ast-main-header-display":"","ast-hfb-above-header-display":"","ast-hfb-below-header-display":"","ast-hfb-mobile-header-display":"","site-post-title":"","ast-breadcrumbs-content":"","ast-featured-img":"","footer-sml-layout":"","theme-transparent-header-meta":"","adv-header-id-meta":"","stick-header-meta":"","header-above-stick-meta":"","header-main-stick-meta":"","header-below-stick-meta":"","astra-migrate-meta-layouts":"default","ast-page-background-enabled":"default","ast-page-background-meta":{"desktop":{"background-color":"var(--ast-global-color-4)","background-image":"","background-repeat":"repeat","background-position":"center center","background-size":"auto","background-attachment":"scroll","background-type":"","background-media":"","overlay-type":"","overlay-color":"","overlay-opacity":"","overlay-gradient":""},"tablet":{"background-color":"","background-image":"","background-repeat":"repeat","background-position":"center center","background-size":"auto","background-attachment":"scroll","background-type":"","background-media":"","overlay-type":"","overlay-color":"","overlay-opacity":"","overlay-gradient":""},"mobile":{"background-color":"","background-image":"","background-repeat":"repeat","background-position":"center center","background-size":"auto","background-attachment":"scroll","background-type":"","background-media":"","overlay-type":"","overlay-color":"","overlay-opacity":"","overlay-gradient":""}},"ast-content-background-meta":{"desktop":{"background-color":"var(--ast-global-color-5)","background-image":"","background-repeat":"repeat","background-position":"center center","background-size":"auto","background-attachment":"scroll","background-type":"","background-media":"","overlay-type":"","overlay-color":"","overlay-opacity":"","overlay-gradient":""},"tablet":{"background-color":"var(--ast-global-color-5)","background-image":"","background-repeat":"repeat","background-position":"center center","background-size":"auto","background-attachment":"scroll","background-type":"","background-media":"","overlay-type":"","overlay-color":"","overlay-opacity":"","overlay-gradient":""},"mobile":{"background-color":"var(--ast-global-color-5)","background-image":"","background-repeat":"repeat","background-position":"center center","background-size":"auto","background-attachment":"scroll","background-type":"","background-media":"","overlay-type":"","overlay-color":"","overlay-opacity":"","overlay-gradient":""}},"footnotes":""},"categories":[3],"tags":[62,294,57,17],"class_list":["post-8607","post","type-post","status-publish","format-standard","has-post-thumbnail","hentry","category-i3","tag-educacio-infantil","tag-i3","tag-orgull-balti","tag-plastica"],"post_mailing_queue_ids":[],"_links":{"self":[{"href":"https:\/\/agora.xtec.cat\/ceipbaltasar\/wp-json\/wp\/v2\/posts\/8607","targetHints":{"allow":["GET"]}}],"collection":[{"href":"https:\/\/agora.xtec.cat\/ceipbaltasar\/wp-json\/wp\/v2\/posts"}],"about":[{"href":"https:\/\/agora.xtec.cat\/ceipbaltasar\/wp-json\/wp\/v2\/types\/post"}],"author":[{"embeddable":true,"href":"https:\/\/agora.xtec.cat\/ceipbaltasar\/wp-json\/wp\/v2\/users\/1"}],"replies":[{"embeddable":true,"href":"https:\/\/agora.xtec.cat\/ceipbaltasar\/wp-json\/wp\/v2\/comments?post=8607"}],"version-history":[{"count":1,"href":"https:\/\/agora.xtec.cat\/ceipbaltasar\/wp-json\/wp\/v2\/posts\/8607\/revisions"}],"predecessor-version":[{"id":8608,"href":"https:\/\/agora.xtec.cat\/ceipbaltasar\/wp-json\/wp\/v2\/posts\/8607\/revisions\/8608"}],"wp:featuredmedia":[{"embeddable":true,"href":"https:\/\/agora.xtec.cat\/ceipbaltasar\/wp-json\/wp\/v2\/media\/8606"}],"wp:attachment":[{"href":"https:\/\/agora.xtec.cat\/ceipbaltasar\/wp-json\/wp\/v2\/media?parent=8607"}],"wp:term":[{"taxonomy":"category","embeddable":true,"href":"https:\/\/agora.xtec.cat\/ceipbaltasar\/wp-json\/wp\/v2\/categories?post=8607"},{"taxonomy":"post_tag","embeddable":true,"href":"https:\/\/agora.xtec.cat\/ceipbaltasar\/wp-json\/wp\/v2\/tags?post=8607"}],"curies":[{"name":"wp","href":"https:\/\/api.w.org\/{rel}","templated":true}]}}