{"id":8453,"date":"2023-03-06T18:27:04","date_gmt":"2023-03-06T17:27:04","guid":{"rendered":"https:\/\/agora.xtec.cat\/ceipbaltasar\/?p=8453"},"modified":"2023-03-06T18:27:04","modified_gmt":"2023-03-06T17:27:04","slug":"el-baltiprojecte-de-musica","status":"publish","type":"post","link":"https:\/\/agora.xtec.cat\/ceipbaltasar\/infantil\/el-baltiprojecte-de-musica\/","title":{"rendered":"EL BALTIPROJECTE DE M\u00daSICA!!!"},"content":{"rendered":"<h3><strong>EL BALTIPROJECTE DE M\u00daSICA ES DIU &#8220;UN DE CADA FAM\u00cdLIA&#8221;<\/strong><\/h3>\n<p>&nbsp;<\/p>\n<p>El Baltiprojecte de m\u00fasica va des d&#8217;Infantil 3 anys fins a 6\u00e8. T\u00e9 una durada de 9 cursos. I dins d&#8217;aquest projecte hi ha petits subprojectes.<\/p>\n<p>El projecte es diu &#8220;Un de cada fam\u00edlia&#8221; perqu\u00e8 cada dos anys hi ha canvi d&#8217;instrument i al llarg d&#8217;aquests 9 anys han treballat instruments de percussi\u00f3\u00a0 indeterminada (I3, I4, I5),percussi\u00f3 determinada (1r i 2n), corda pin\u00e7ada i rascada (3r i 4t) i vent (5\u00e8 i 6\u00e8). L&#8217;objectiu principal \u00e9s que estimin i gaudeixin la m\u00fasica. Un altre objectiu \u00e9s l&#8217;aprenentatge del llenguatge musical, l&#8217;aprenentatge b\u00e0sic dels carillons i xil\u00f2fons,\u00a0 l&#8217;ukelele, el flabiol i el tamborino. Cantar, ballar i interpretar instruments en concerts.<\/p>\n<p>A l&#8217;<strong>etapa d&#8217;Infantil<\/strong> b\u00e0sicament l&#8217;infant canta, balla, toca instruments de <strong>percussi\u00f3 petita indeterminada<\/strong> (bastons, panderos, cr\u00f2tals, castanyoles, caixes xines, maraques, sonalls, cascavells, &#8230;) i escolta audicions. Tot aix\u00f2 jugant. A partir de jocs proposats l&#8217;infant apr\u00e8n a tocar, cantar, recon\u00e8ixer i identificar patrons r\u00edtmics, instruments i el seu timbre. Es d\u00f3na \u00e8nfasi a treballar la pulsaci\u00f3, ja que la necessitaran al llarg de tota la prim\u00e0ria.<a href=\"https:\/\/agora.xtec.cat\/ceipbaltasar\/wp-content\/uploads\/usu989\/2023\/03\/IMG20221110161819-scaled.jpg\"><img loading=\"lazy\" decoding=\"async\" class=\"aligncenter  wp-image-8456\" src=\"https:\/\/agora.xtec.cat\/ceipbaltasar\/wp-content\/uploads\/usu989\/2023\/03\/IMG20221110161819-300x135.jpg\" alt=\"\" width=\"511\" height=\"230\" srcset=\"https:\/\/agora.xtec.cat\/ceipbaltasar\/wp-content\/uploads\/usu989\/2023\/03\/IMG20221110161819-300x135.jpg 300w, https:\/\/agora.xtec.cat\/ceipbaltasar\/wp-content\/uploads\/usu989\/2023\/03\/IMG20221110161819-1024x462.jpg 1024w, https:\/\/agora.xtec.cat\/ceipbaltasar\/wp-content\/uploads\/usu989\/2023\/03\/IMG20221110161819-768x346.jpg 768w, https:\/\/agora.xtec.cat\/ceipbaltasar\/wp-content\/uploads\/usu989\/2023\/03\/IMG20221110161819-1536x693.jpg 1536w, https:\/\/agora.xtec.cat\/ceipbaltasar\/wp-content\/uploads\/usu989\/2023\/03\/IMG20221110161819-2048x924.jpg 2048w\" sizes=\"auto, (max-width: 511px) 100vw, 511px\" \/><\/a><\/p>\n<p><a href=\"https:\/\/agora.xtec.cat\/ceipbaltasar\/wp-content\/uploads\/usu989\/2023\/03\/IMG-20230104-WA0019.jpg\"><img loading=\"lazy\" decoding=\"async\" class=\"wp-image-8454 alignright\" src=\"https:\/\/agora.xtec.cat\/ceipbaltasar\/wp-content\/uploads\/usu989\/2023\/03\/IMG-20230104-WA0019-227x300.jpg\" alt=\"\" width=\"259\" height=\"343\" srcset=\"https:\/\/agora.xtec.cat\/ceipbaltasar\/wp-content\/uploads\/usu989\/2023\/03\/IMG-20230104-WA0019-227x300.jpg 227w, https:\/\/agora.xtec.cat\/ceipbaltasar\/wp-content\/uploads\/usu989\/2023\/03\/IMG-20230104-WA0019-768x1013.jpg 768w, https:\/\/agora.xtec.cat\/ceipbaltasar\/wp-content\/uploads\/usu989\/2023\/03\/IMG-20230104-WA0019.jpg 1553w\" sizes=\"auto, (max-width: 259px) 100vw, 259px\" \/><\/a> <a href=\"https:\/\/agora.xtec.cat\/ceipbaltasar\/wp-content\/uploads\/usu989\/2023\/03\/IMG-20230121-WA0026.jpg\"><img loading=\"lazy\" decoding=\"async\" class=\"size-medium wp-image-8455 alignleft\" src=\"https:\/\/agora.xtec.cat\/ceipbaltasar\/wp-content\/uploads\/usu989\/2023\/03\/IMG-20230121-WA0026-286x300.jpg\" alt=\"\" width=\"286\" height=\"300\" srcset=\"https:\/\/agora.xtec.cat\/ceipbaltasar\/wp-content\/uploads\/usu989\/2023\/03\/IMG-20230121-WA0026-286x300.jpg 286w, https:\/\/agora.xtec.cat\/ceipbaltasar\/wp-content\/uploads\/usu989\/2023\/03\/IMG-20230121-WA0026-977x1024.jpg 977w, https:\/\/agora.xtec.cat\/ceipbaltasar\/wp-content\/uploads\/usu989\/2023\/03\/IMG-20230121-WA0026-768x805.jpg 768w, https:\/\/agora.xtec.cat\/ceipbaltasar\/wp-content\/uploads\/usu989\/2023\/03\/IMG-20230121-WA0026.jpg 1404w\" sizes=\"auto, (max-width: 286px) 100vw, 286px\" \/><\/a><\/p>\n<p><a href=\"https:\/\/agora.xtec.cat\/ceipbaltasar\/wp-content\/uploads\/usu989\/2023\/03\/IMG_20220517_123302-scaled.jpg\"><img loading=\"lazy\" decoding=\"async\" class=\"wp-image-8461 alignleft\" src=\"https:\/\/agora.xtec.cat\/ceipbaltasar\/wp-content\/uploads\/usu989\/2023\/03\/IMG_20220517_123302-300x225.jpg\" alt=\"\" width=\"311\" height=\"234\" srcset=\"https:\/\/agora.xtec.cat\/ceipbaltasar\/wp-content\/uploads\/usu989\/2023\/03\/IMG_20220517_123302-300x225.jpg 300w, https:\/\/agora.xtec.cat\/ceipbaltasar\/wp-content\/uploads\/usu989\/2023\/03\/IMG_20220517_123302-1024x768.jpg 1024w, https:\/\/agora.xtec.cat\/ceipbaltasar\/wp-content\/uploads\/usu989\/2023\/03\/IMG_20220517_123302-768x576.jpg 768w, https:\/\/agora.xtec.cat\/ceipbaltasar\/wp-content\/uploads\/usu989\/2023\/03\/IMG_20220517_123302-1536x1152.jpg 1536w, https:\/\/agora.xtec.cat\/ceipbaltasar\/wp-content\/uploads\/usu989\/2023\/03\/IMG_20220517_123302-2048x1536.jpg 2048w, https:\/\/agora.xtec.cat\/ceipbaltasar\/wp-content\/uploads\/usu989\/2023\/03\/IMG_20220517_123302-200x150.jpg 200w\" sizes=\"auto, (max-width: 311px) 100vw, 311px\" \/><\/a><a style=\"color: #2795b6\" href=\"https:\/\/agora.xtec.cat\/ceipbaltasar\/wp-content\/uploads\/usu989\/2023\/03\/IMG_20220120_095138.jpg\"><img loading=\"lazy\" decoding=\"async\" class=\"wp-image-8459 alignright\" src=\"https:\/\/agora.xtec.cat\/ceipbaltasar\/wp-content\/uploads\/usu989\/2023\/03\/IMG_20220120_095138-300x225.jpg\" alt=\"\" width=\"311\" height=\"233\" srcset=\"https:\/\/agora.xtec.cat\/ceipbaltasar\/wp-content\/uploads\/usu989\/2023\/03\/IMG_20220120_095138-300x225.jpg 300w, https:\/\/agora.xtec.cat\/ceipbaltasar\/wp-content\/uploads\/usu989\/2023\/03\/IMG_20220120_095138-1024x768.jpg 1024w, https:\/\/agora.xtec.cat\/ceipbaltasar\/wp-content\/uploads\/usu989\/2023\/03\/IMG_20220120_095138-768x576.jpg 768w, https:\/\/agora.xtec.cat\/ceipbaltasar\/wp-content\/uploads\/usu989\/2023\/03\/IMG_20220120_095138-1536x1152.jpg 1536w, https:\/\/agora.xtec.cat\/ceipbaltasar\/wp-content\/uploads\/usu989\/2023\/03\/IMG_20220120_095138-200x150.jpg 200w, https:\/\/agora.xtec.cat\/ceipbaltasar\/wp-content\/uploads\/usu989\/2023\/03\/IMG_20220120_095138.jpg 1672w\" sizes=\"auto, (max-width: 311px) 100vw, 311px\" \/><\/a><\/p>\n<p><a href=\"https:\/\/agora.xtec.cat\/ceipbaltasar\/wp-content\/uploads\/usu989\/2023\/03\/IMG_20220425_123822-scaled.jpg\"><img loading=\"lazy\" decoding=\"async\" class=\"size-medium wp-image-8462 alignleft\" src=\"https:\/\/agora.xtec.cat\/ceipbaltasar\/wp-content\/uploads\/usu989\/2023\/03\/IMG_20220425_123822-225x300.jpg\" alt=\"\" width=\"225\" height=\"300\" srcset=\"https:\/\/agora.xtec.cat\/ceipbaltasar\/wp-content\/uploads\/usu989\/2023\/03\/IMG_20220425_123822-225x300.jpg 225w, https:\/\/agora.xtec.cat\/ceipbaltasar\/wp-content\/uploads\/usu989\/2023\/03\/IMG_20220425_123822-768x1024.jpg 768w, https:\/\/agora.xtec.cat\/ceipbaltasar\/wp-content\/uploads\/usu989\/2023\/03\/IMG_20220425_123822-1152x1536.jpg 1152w, https:\/\/agora.xtec.cat\/ceipbaltasar\/wp-content\/uploads\/usu989\/2023\/03\/IMG_20220425_123822-1536x2048.jpg 1536w, https:\/\/agora.xtec.cat\/ceipbaltasar\/wp-content\/uploads\/usu989\/2023\/03\/IMG_20220425_123822-scaled.jpg 1920w\" sizes=\"auto, (max-width: 225px) 100vw, 225px\" \/><\/a> <a href=\"https:\/\/agora.xtec.cat\/ceipbaltasar\/wp-content\/uploads\/usu989\/2023\/03\/IMG_20211027_115103.jpg\"><img loading=\"lazy\" decoding=\"async\" class=\"size-medium wp-image-8463 alignright\" src=\"https:\/\/agora.xtec.cat\/ceipbaltasar\/wp-content\/uploads\/usu989\/2023\/03\/IMG_20211027_115103-300x225.jpg\" alt=\"\" width=\"300\" height=\"225\" srcset=\"https:\/\/agora.xtec.cat\/ceipbaltasar\/wp-content\/uploads\/usu989\/2023\/03\/IMG_20211027_115103-300x225.jpg 300w, https:\/\/agora.xtec.cat\/ceipbaltasar\/wp-content\/uploads\/usu989\/2023\/03\/IMG_20211027_115103-1024x768.jpg 1024w, https:\/\/agora.xtec.cat\/ceipbaltasar\/wp-content\/uploads\/usu989\/2023\/03\/IMG_20211027_115103-768x576.jpg 768w, https:\/\/agora.xtec.cat\/ceipbaltasar\/wp-content\/uploads\/usu989\/2023\/03\/IMG_20211027_115103-1536x1152.jpg 1536w, https:\/\/agora.xtec.cat\/ceipbaltasar\/wp-content\/uploads\/usu989\/2023\/03\/IMG_20211027_115103-2048x1536.jpg 2048w, https:\/\/agora.xtec.cat\/ceipbaltasar\/wp-content\/uploads\/usu989\/2023\/03\/IMG_20211027_115103-200x150.jpg 200w\" sizes=\"auto, (max-width: 300px) 100vw, 300px\" \/><\/a><\/p>\n<p>&nbsp;<\/p>\n<p>&nbsp;<\/p>\n<p>&nbsp;<\/p>\n<p>&nbsp;<\/p>\n<p>&nbsp;<\/p>\n<p>&nbsp;<\/p>\n<p>&nbsp;<\/p>\n<p>&nbsp;<\/p>\n<p>&nbsp;<\/p>\n<p>&nbsp;<\/p>\n<p>&nbsp;<\/p>\n<p>&nbsp;<\/p>\n<p>&nbsp;<\/p>\n<p>&nbsp;<\/p>\n<p>&nbsp;<\/p>\n<p>&nbsp;<\/p>\n<p>&nbsp;<\/p>\n<p>&nbsp;<\/p>\n<p>&nbsp;<\/p>\n<p>A <strong>1r i 2n<\/strong> treballem els instruments Orff concretament <strong>carillons i xil\u00f2fons<\/strong> a partir del Subprojecte la Xilofonada Po\u00e8tica. Seguim amb la <strong>fam\u00edlia de percussi\u00f3<\/strong>. Aqu\u00ed prenen conci\u00e8ncia de la pulsaci\u00f3, el primer contacte amb el llenguatge musical, tant a figures com a notes musicals. Tamb\u00e9 seguim cantant, ballant i escoltant audicions.<\/p>\n<p>&nbsp;<\/p>\n<p>&nbsp;<\/p>\n<p><a href=\"https:\/\/agora.xtec.cat\/ceipbaltasar\/wp-content\/uploads\/usu989\/2023\/03\/IMG_20210914_102135.jpg\"><img loading=\"lazy\" decoding=\"async\" class=\"size-medium wp-image-8465 alignright\" style=\"color: #2795b6\" src=\"https:\/\/agora.xtec.cat\/ceipbaltasar\/wp-content\/uploads\/usu989\/2023\/03\/IMG_20210914_102350-300x225.jpg\" alt=\"\" width=\"300\" height=\"225\" srcset=\"https:\/\/agora.xtec.cat\/ceipbaltasar\/wp-content\/uploads\/usu989\/2023\/03\/IMG_20210914_102350-300x225.jpg 300w, https:\/\/agora.xtec.cat\/ceipbaltasar\/wp-content\/uploads\/usu989\/2023\/03\/IMG_20210914_102350-1024x768.jpg 1024w, https:\/\/agora.xtec.cat\/ceipbaltasar\/wp-content\/uploads\/usu989\/2023\/03\/IMG_20210914_102350-768x576.jpg 768w, https:\/\/agora.xtec.cat\/ceipbaltasar\/wp-content\/uploads\/usu989\/2023\/03\/IMG_20210914_102350-1536x1152.jpg 1536w, https:\/\/agora.xtec.cat\/ceipbaltasar\/wp-content\/uploads\/usu989\/2023\/03\/IMG_20210914_102350-200x150.jpg 200w, https:\/\/agora.xtec.cat\/ceipbaltasar\/wp-content\/uploads\/usu989\/2023\/03\/IMG_20210914_102350.jpg 1672w\" sizes=\"auto, (max-width: 300px) 100vw, 300px\" \/><img loading=\"lazy\" decoding=\"async\" class=\"size-medium wp-image-8464 alignleft\" src=\"https:\/\/agora.xtec.cat\/ceipbaltasar\/wp-content\/uploads\/usu989\/2023\/03\/IMG_20210914_102135-300x225.jpg\" alt=\"\" width=\"300\" height=\"225\" srcset=\"https:\/\/agora.xtec.cat\/ceipbaltasar\/wp-content\/uploads\/usu989\/2023\/03\/IMG_20210914_102135-300x225.jpg 300w, https:\/\/agora.xtec.cat\/ceipbaltasar\/wp-content\/uploads\/usu989\/2023\/03\/IMG_20210914_102135-1024x768.jpg 1024w, https:\/\/agora.xtec.cat\/ceipbaltasar\/wp-content\/uploads\/usu989\/2023\/03\/IMG_20210914_102135-768x576.jpg 768w, https:\/\/agora.xtec.cat\/ceipbaltasar\/wp-content\/uploads\/usu989\/2023\/03\/IMG_20210914_102135-1536x1152.jpg 1536w, https:\/\/agora.xtec.cat\/ceipbaltasar\/wp-content\/uploads\/usu989\/2023\/03\/IMG_20210914_102135-200x150.jpg 200w, https:\/\/agora.xtec.cat\/ceipbaltasar\/wp-content\/uploads\/usu989\/2023\/03\/IMG_20210914_102135.jpg 1672w\" sizes=\"auto, (max-width: 300px) 100vw, 300px\" \/><\/a><\/p>\n<p><span style=\"color: #2795b6\">\u00a0<\/span><\/p>\n<p>&nbsp;<\/p>\n<p>&nbsp;<\/p>\n<p>&nbsp;<\/p>\n<p>&nbsp;<\/p>\n<p>A <strong>3r i 4t<\/strong> deixem la fam\u00edlia de percussi\u00f3 per treballar un instrument de la <strong>fam\u00edlia de corda<\/strong>, concretament <strong>l&#8217;Ukelele<\/strong>, i s&#8217;hi estan dos anys. Aprenen all\u00f2 m\u00e9s b\u00e0sic i necessari per tocar acompanyar can\u00e7ons amb acords i puntejar alguna melodia.\u00a0Tamb\u00e9 seguim cantant, ballant i escoltant audicions. Aqu\u00ed treballem el llenguatge musical a partir d&#8217;un quadernet i amb l&#8217;ajuda del suport digital. Ells van treballant al ritme que necessita cada infant, ja que \u00e9s un treball aut\u00f2nom, tot i que tamb\u00e9 el poden fer per parelles o per grups interactius. L&#8217;infant \u00e9s qui ho tria.<\/p>\n<p><a href=\"https:\/\/agora.xtec.cat\/ceipbaltasar\/wp-content\/uploads\/usu989\/2023\/03\/3.1-scaled.jpg\"><img loading=\"lazy\" decoding=\"async\" class=\"aligncenter  wp-image-8469\" src=\"https:\/\/agora.xtec.cat\/ceipbaltasar\/wp-content\/uploads\/usu989\/2023\/03\/3.1-300x135.jpg\" alt=\"\" width=\"463\" height=\"208\" srcset=\"https:\/\/agora.xtec.cat\/ceipbaltasar\/wp-content\/uploads\/usu989\/2023\/03\/3.1-300x135.jpg 300w, https:\/\/agora.xtec.cat\/ceipbaltasar\/wp-content\/uploads\/usu989\/2023\/03\/3.1-1024x461.jpg 1024w, https:\/\/agora.xtec.cat\/ceipbaltasar\/wp-content\/uploads\/usu989\/2023\/03\/3.1-768x345.jpg 768w, https:\/\/agora.xtec.cat\/ceipbaltasar\/wp-content\/uploads\/usu989\/2023\/03\/3.1-1536x691.jpg 1536w, https:\/\/agora.xtec.cat\/ceipbaltasar\/wp-content\/uploads\/usu989\/2023\/03\/3.1-2048x921.jpg 2048w\" sizes=\"auto, (max-width: 463px) 100vw, 463px\" \/><\/a> <a href=\"https:\/\/agora.xtec.cat\/ceipbaltasar\/wp-content\/uploads\/usu989\/2023\/03\/3.2.jpg\"><img loading=\"lazy\" decoding=\"async\" class=\"size-medium wp-image-8470 alignright\" src=\"https:\/\/agora.xtec.cat\/ceipbaltasar\/wp-content\/uploads\/usu989\/2023\/03\/3.2-300x176.jpg\" alt=\"\" width=\"300\" height=\"176\" srcset=\"https:\/\/agora.xtec.cat\/ceipbaltasar\/wp-content\/uploads\/usu989\/2023\/03\/3.2-300x176.jpg 300w, https:\/\/agora.xtec.cat\/ceipbaltasar\/wp-content\/uploads\/usu989\/2023\/03\/3.2.jpg 668w\" sizes=\"auto, (max-width: 300px) 100vw, 300px\" \/><\/a> <a href=\"https:\/\/agora.xtec.cat\/ceipbaltasar\/wp-content\/uploads\/usu989\/2023\/03\/3.4-scaled.jpg\"><img loading=\"lazy\" decoding=\"async\" class=\"size-medium wp-image-8472 alignleft\" src=\"https:\/\/agora.xtec.cat\/ceipbaltasar\/wp-content\/uploads\/usu989\/2023\/03\/3.4-300x135.jpg\" alt=\"\" width=\"300\" height=\"135\" srcset=\"https:\/\/agora.xtec.cat\/ceipbaltasar\/wp-content\/uploads\/usu989\/2023\/03\/3.4-300x135.jpg 300w, https:\/\/agora.xtec.cat\/ceipbaltasar\/wp-content\/uploads\/usu989\/2023\/03\/3.4-1024x461.jpg 1024w, https:\/\/agora.xtec.cat\/ceipbaltasar\/wp-content\/uploads\/usu989\/2023\/03\/3.4-768x345.jpg 768w, https:\/\/agora.xtec.cat\/ceipbaltasar\/wp-content\/uploads\/usu989\/2023\/03\/3.4-1536x691.jpg 1536w, https:\/\/agora.xtec.cat\/ceipbaltasar\/wp-content\/uploads\/usu989\/2023\/03\/3.4-2048x921.jpg 2048w\" sizes=\"auto, (max-width: 300px) 100vw, 300px\" \/><\/a> <a href=\"https:\/\/agora.xtec.cat\/ceipbaltasar\/wp-content\/uploads\/usu989\/2023\/03\/4.jpg\"><img loading=\"lazy\" decoding=\"async\" class=\"size-medium wp-image-8473 alignleft\" src=\"https:\/\/agora.xtec.cat\/ceipbaltasar\/wp-content\/uploads\/usu989\/2023\/03\/4-300x225.jpg\" alt=\"\" width=\"300\" height=\"225\" srcset=\"https:\/\/agora.xtec.cat\/ceipbaltasar\/wp-content\/uploads\/usu989\/2023\/03\/4-300x225.jpg 300w, https:\/\/agora.xtec.cat\/ceipbaltasar\/wp-content\/uploads\/usu989\/2023\/03\/4-1024x768.jpg 1024w, https:\/\/agora.xtec.cat\/ceipbaltasar\/wp-content\/uploads\/usu989\/2023\/03\/4-768x576.jpg 768w, https:\/\/agora.xtec.cat\/ceipbaltasar\/wp-content\/uploads\/usu989\/2023\/03\/4-1536x1152.jpg 1536w, https:\/\/agora.xtec.cat\/ceipbaltasar\/wp-content\/uploads\/usu989\/2023\/03\/4-200x150.jpg 200w, https:\/\/agora.xtec.cat\/ceipbaltasar\/wp-content\/uploads\/usu989\/2023\/03\/4.jpg 1672w\" sizes=\"auto, (max-width: 300px) 100vw, 300px\" \/><\/a><\/p>\n<p>&nbsp;<\/p>\n<p>&nbsp;<\/p>\n<p><a href=\"https:\/\/agora.xtec.cat\/ceipbaltasar\/wp-content\/uploads\/usu989\/2023\/03\/3.3.jpg\"><img loading=\"lazy\" decoding=\"async\" class=\"size-medium wp-image-8471 alignright\" src=\"https:\/\/agora.xtec.cat\/ceipbaltasar\/wp-content\/uploads\/usu989\/2023\/03\/3.3-300x193.jpg\" alt=\"\" width=\"300\" height=\"193\" srcset=\"https:\/\/agora.xtec.cat\/ceipbaltasar\/wp-content\/uploads\/usu989\/2023\/03\/3.3-300x193.jpg 300w, https:\/\/agora.xtec.cat\/ceipbaltasar\/wp-content\/uploads\/usu989\/2023\/03\/3.3-1024x659.jpg 1024w, https:\/\/agora.xtec.cat\/ceipbaltasar\/wp-content\/uploads\/usu989\/2023\/03\/3.3-768x494.jpg 768w, https:\/\/agora.xtec.cat\/ceipbaltasar\/wp-content\/uploads\/usu989\/2023\/03\/3.3-1536x989.jpg 1536w, https:\/\/agora.xtec.cat\/ceipbaltasar\/wp-content\/uploads\/usu989\/2023\/03\/3.3.jpg 1804w\" sizes=\"auto, (max-width: 300px) 100vw, 300px\" \/><\/a><\/p>\n<p>&nbsp;<\/p>\n<p>&nbsp;<\/p>\n<p>&nbsp;<\/p>\n<p>&nbsp;<\/p>\n<p>&nbsp;<\/p>\n<p>&nbsp;<\/p>\n<p>A <strong>5\u00e8 i 6\u00e8\u00a0<\/strong> deixem la fam\u00edlia de corda per treballar un instrument de la <strong>fam\u00edlia de vent i percussi\u00f3<\/strong>, concretament <strong>el flabiol i el tamborino o guitarra de canyes. <\/strong>Tamb\u00e9 seguim cantant, ballant i escoltant audicions.<\/p>\n<p>Utilitzem diverses maneres d&#8217;entendre i d&#8217;aprendre a tocar el flabiol, ja que no tots els infants aprenen de la mateixa manera, com m\u00e9s ventall oferim, m\u00e9s podran escollir com aprendre. La repetici\u00f3 amb l&#8217;ajuda dels v\u00eddeos \u00e9s una (aquesta la poden fer individual cadasc\u00fa segueix el seu ritme), la de repetici\u00f3 de la mestra tots junts, la d&#8217;introduir pictogrames i colors amb les figures i notes.<\/p>\n<p>L&#8217;aprenentatge del flabiol i el tamborino \u00e9s molt complerta, ja que estan tocant dos instruments al mateix temps. A m\u00e9s a m\u00e9s t\u00e9 sentit haver d&#8217;aprendre&#8217;l, ja que a les cercaviles pel poble, ells toquen acompanyant al bestiari de l&#8217;escola. <a href=\"https:\/\/youtu.be\/pU4MI6vQJEE\" target=\"_blank\" rel=\"noopener\">ENLLA\u00c7 AL V\u00cdDEO DE CERCAVILA<\/a><\/p>\n<p><a href=\"https:\/\/agora.xtec.cat\/ceipbaltasar\/wp-content\/uploads\/usu989\/2023\/03\/5.1-scaled.jpg\"><img loading=\"lazy\" decoding=\"async\" class=\" wp-image-8475 alignleft\" src=\"https:\/\/agora.xtec.cat\/ceipbaltasar\/wp-content\/uploads\/usu989\/2023\/03\/5.1-300x135.jpg\" alt=\"\" width=\"293\" height=\"132\" srcset=\"https:\/\/agora.xtec.cat\/ceipbaltasar\/wp-content\/uploads\/usu989\/2023\/03\/5.1-300x135.jpg 300w, https:\/\/agora.xtec.cat\/ceipbaltasar\/wp-content\/uploads\/usu989\/2023\/03\/5.1-1024x461.jpg 1024w, https:\/\/agora.xtec.cat\/ceipbaltasar\/wp-content\/uploads\/usu989\/2023\/03\/5.1-768x345.jpg 768w, https:\/\/agora.xtec.cat\/ceipbaltasar\/wp-content\/uploads\/usu989\/2023\/03\/5.1-1536x691.jpg 1536w, https:\/\/agora.xtec.cat\/ceipbaltasar\/wp-content\/uploads\/usu989\/2023\/03\/5.1-2048x921.jpg 2048w\" sizes=\"auto, (max-width: 293px) 100vw, 293px\" \/><\/a> <a href=\"https:\/\/agora.xtec.cat\/ceipbaltasar\/wp-content\/uploads\/usu989\/2023\/03\/5.2.jpg\"><img loading=\"lazy\" decoding=\"async\" class=\"size-medium wp-image-8476 alignright\" src=\"https:\/\/agora.xtec.cat\/ceipbaltasar\/wp-content\/uploads\/usu989\/2023\/03\/5.2-300x135.jpg\" alt=\"\" width=\"300\" height=\"135\" srcset=\"https:\/\/agora.xtec.cat\/ceipbaltasar\/wp-content\/uploads\/usu989\/2023\/03\/5.2-300x135.jpg 300w, https:\/\/agora.xtec.cat\/ceipbaltasar\/wp-content\/uploads\/usu989\/2023\/03\/5.2-1024x461.jpg 1024w, https:\/\/agora.xtec.cat\/ceipbaltasar\/wp-content\/uploads\/usu989\/2023\/03\/5.2-768x346.jpg 768w, https:\/\/agora.xtec.cat\/ceipbaltasar\/wp-content\/uploads\/usu989\/2023\/03\/5.2-1536x691.jpg 1536w, https:\/\/agora.xtec.cat\/ceipbaltasar\/wp-content\/uploads\/usu989\/2023\/03\/5.2-2048x922.jpg 2048w\" sizes=\"auto, (max-width: 300px) 100vw, 300px\" \/><\/a> <a href=\"https:\/\/agora.xtec.cat\/ceipbaltasar\/wp-content\/uploads\/usu989\/2023\/03\/5.3-scaled.jpg\"><img loading=\"lazy\" decoding=\"async\" class=\"size-medium wp-image-8477 alignleft\" src=\"https:\/\/agora.xtec.cat\/ceipbaltasar\/wp-content\/uploads\/usu989\/2023\/03\/5.3-300x135.jpg\" alt=\"\" width=\"300\" height=\"135\" srcset=\"https:\/\/agora.xtec.cat\/ceipbaltasar\/wp-content\/uploads\/usu989\/2023\/03\/5.3-300x135.jpg 300w, https:\/\/agora.xtec.cat\/ceipbaltasar\/wp-content\/uploads\/usu989\/2023\/03\/5.3-1024x461.jpg 1024w, https:\/\/agora.xtec.cat\/ceipbaltasar\/wp-content\/uploads\/usu989\/2023\/03\/5.3-768x345.jpg 768w, https:\/\/agora.xtec.cat\/ceipbaltasar\/wp-content\/uploads\/usu989\/2023\/03\/5.3-1536x691.jpg 1536w, https:\/\/agora.xtec.cat\/ceipbaltasar\/wp-content\/uploads\/usu989\/2023\/03\/5.3-2048x921.jpg 2048w\" sizes=\"auto, (max-width: 300px) 100vw, 300px\" \/><\/a> <a href=\"https:\/\/agora.xtec.cat\/ceipbaltasar\/wp-content\/uploads\/usu989\/2023\/03\/5.4-scaled.jpg\"><img loading=\"lazy\" decoding=\"async\" class=\"size-medium wp-image-8478 alignright\" src=\"https:\/\/agora.xtec.cat\/ceipbaltasar\/wp-content\/uploads\/usu989\/2023\/03\/5.4-300x135.jpg\" alt=\"\" width=\"300\" height=\"135\" srcset=\"https:\/\/agora.xtec.cat\/ceipbaltasar\/wp-content\/uploads\/usu989\/2023\/03\/5.4-300x135.jpg 300w, https:\/\/agora.xtec.cat\/ceipbaltasar\/wp-content\/uploads\/usu989\/2023\/03\/5.4-1024x461.jpg 1024w, https:\/\/agora.xtec.cat\/ceipbaltasar\/wp-content\/uploads\/usu989\/2023\/03\/5.4-768x345.jpg 768w, https:\/\/agora.xtec.cat\/ceipbaltasar\/wp-content\/uploads\/usu989\/2023\/03\/5.4-1536x691.jpg 1536w, https:\/\/agora.xtec.cat\/ceipbaltasar\/wp-content\/uploads\/usu989\/2023\/03\/5.4-2048x921.jpg 2048w\" sizes=\"auto, (max-width: 300px) 100vw, 300px\" \/><\/a> <a href=\"https:\/\/agora.xtec.cat\/ceipbaltasar\/wp-content\/uploads\/usu989\/2023\/03\/6.1.jpg\"><img loading=\"lazy\" decoding=\"async\" class=\"size-medium wp-image-8479 alignleft\" src=\"https:\/\/agora.xtec.cat\/ceipbaltasar\/wp-content\/uploads\/usu989\/2023\/03\/6.1-300x225.jpg\" alt=\"\" width=\"300\" height=\"225\" srcset=\"https:\/\/agora.xtec.cat\/ceipbaltasar\/wp-content\/uploads\/usu989\/2023\/03\/6.1-300x225.jpg 300w, https:\/\/agora.xtec.cat\/ceipbaltasar\/wp-content\/uploads\/usu989\/2023\/03\/6.1-1024x768.jpg 1024w, https:\/\/agora.xtec.cat\/ceipbaltasar\/wp-content\/uploads\/usu989\/2023\/03\/6.1-768x576.jpg 768w, https:\/\/agora.xtec.cat\/ceipbaltasar\/wp-content\/uploads\/usu989\/2023\/03\/6.1-1536x1152.jpg 1536w, https:\/\/agora.xtec.cat\/ceipbaltasar\/wp-content\/uploads\/usu989\/2023\/03\/6.1-200x150.jpg 200w, https:\/\/agora.xtec.cat\/ceipbaltasar\/wp-content\/uploads\/usu989\/2023\/03\/6.1.jpg 1672w\" sizes=\"auto, (max-width: 300px) 100vw, 300px\" \/><\/a> <a href=\"https:\/\/agora.xtec.cat\/ceipbaltasar\/wp-content\/uploads\/usu989\/2023\/03\/6.jpg\"><img loading=\"lazy\" decoding=\"async\" class=\"size-medium wp-image-8480 alignright\" src=\"https:\/\/agora.xtec.cat\/ceipbaltasar\/wp-content\/uploads\/usu989\/2023\/03\/6-300x135.jpg\" alt=\"\" width=\"300\" height=\"135\" srcset=\"https:\/\/agora.xtec.cat\/ceipbaltasar\/wp-content\/uploads\/usu989\/2023\/03\/6-300x135.jpg 300w, https:\/\/agora.xtec.cat\/ceipbaltasar\/wp-content\/uploads\/usu989\/2023\/03\/6-1024x461.jpg 1024w, https:\/\/agora.xtec.cat\/ceipbaltasar\/wp-content\/uploads\/usu989\/2023\/03\/6-768x346.jpg 768w, https:\/\/agora.xtec.cat\/ceipbaltasar\/wp-content\/uploads\/usu989\/2023\/03\/6-1536x691.jpg 1536w, https:\/\/agora.xtec.cat\/ceipbaltasar\/wp-content\/uploads\/usu989\/2023\/03\/6-2048x922.jpg 2048w\" sizes=\"auto, (max-width: 300px) 100vw, 300px\" \/><\/a><\/p>\n<p>&nbsp;<\/p>\n<p>&nbsp;<\/p>\n<p>&nbsp;<\/p>\n<p>&nbsp;<\/p>\n<p>&nbsp;<\/p>\n<p>&nbsp;<\/p>\n<p>&nbsp;<\/p>\n<p>&nbsp;<\/p>\n<p>&nbsp;<\/p>\n<p>&nbsp;<\/p>\n<p>&nbsp;<\/p>\n<p>&nbsp;<\/p>\n<p>Al mateix temps fem <strong>Subprojectes<\/strong> a diversos cursos que seguidament explico:<\/p>\n<p><strong>EL MEU CAN\u00c7ONER FAMILIAR el fem a 6\u00e8<\/strong>. Consisteix en crear unes can\u00e7ons pels pares i per un mateix. L&#8217;objectiu d&#8217;aquest projecte, \u00e9s per un costat aprendre a fer anar un editor de partitures, crear una can\u00e7\u00f3 i per un altre costat \u00e9s un reconeixement i agra\u00efment\u00a0 als pares per haver-los donat la vida, prendre la for\u00e7a de les arrels per obtenir les ales per volar cap a la nova etapa de vida.<\/p>\n<p><a href=\"https:\/\/agora.xtec.cat\/ceipbaltasar\/wp-content\/uploads\/usu989\/2023\/03\/CF3-3-scaled.jpg\"><img loading=\"lazy\" decoding=\"async\" class=\"size-medium wp-image-8486 alignleft\" src=\"https:\/\/agora.xtec.cat\/ceipbaltasar\/wp-content\/uploads\/usu989\/2023\/03\/CF3-3-300x169.jpg\" alt=\"\" width=\"300\" height=\"169\" srcset=\"https:\/\/agora.xtec.cat\/ceipbaltasar\/wp-content\/uploads\/usu989\/2023\/03\/CF3-3-300x169.jpg 300w, https:\/\/agora.xtec.cat\/ceipbaltasar\/wp-content\/uploads\/usu989\/2023\/03\/CF3-3-1024x575.jpg 1024w, https:\/\/agora.xtec.cat\/ceipbaltasar\/wp-content\/uploads\/usu989\/2023\/03\/CF3-3-768x431.jpg 768w, https:\/\/agora.xtec.cat\/ceipbaltasar\/wp-content\/uploads\/usu989\/2023\/03\/CF3-3-1536x863.jpg 1536w, https:\/\/agora.xtec.cat\/ceipbaltasar\/wp-content\/uploads\/usu989\/2023\/03\/CF3-3-2048x1150.jpg 2048w\" sizes=\"auto, (max-width: 300px) 100vw, 300px\" \/><\/a> <a href=\"https:\/\/agora.xtec.cat\/ceipbaltasar\/wp-content\/uploads\/usu989\/2023\/03\/CF3-2-scaled.jpg\"><img loading=\"lazy\" decoding=\"async\" class=\"size-medium wp-image-8485 alignright\" src=\"https:\/\/agora.xtec.cat\/ceipbaltasar\/wp-content\/uploads\/usu989\/2023\/03\/CF3-2-300x225.jpg\" alt=\"\" width=\"300\" height=\"225\" srcset=\"https:\/\/agora.xtec.cat\/ceipbaltasar\/wp-content\/uploads\/usu989\/2023\/03\/CF3-2-300x225.jpg 300w, https:\/\/agora.xtec.cat\/ceipbaltasar\/wp-content\/uploads\/usu989\/2023\/03\/CF3-2-1024x768.jpg 1024w, https:\/\/agora.xtec.cat\/ceipbaltasar\/wp-content\/uploads\/usu989\/2023\/03\/CF3-2-768x576.jpg 768w, https:\/\/agora.xtec.cat\/ceipbaltasar\/wp-content\/uploads\/usu989\/2023\/03\/CF3-2-1536x1152.jpg 1536w, https:\/\/agora.xtec.cat\/ceipbaltasar\/wp-content\/uploads\/usu989\/2023\/03\/CF3-2-2048x1536.jpg 2048w, https:\/\/agora.xtec.cat\/ceipbaltasar\/wp-content\/uploads\/usu989\/2023\/03\/CF3-2-200x150.jpg 200w\" sizes=\"auto, (max-width: 300px) 100vw, 300px\" \/><\/a> <a href=\"https:\/\/agora.xtec.cat\/ceipbaltasar\/wp-content\/uploads\/usu989\/2023\/03\/CF3-1-scaled.jpg\"><img loading=\"lazy\" decoding=\"async\" class=\"size-medium wp-image-8484 alignleft\" src=\"https:\/\/agora.xtec.cat\/ceipbaltasar\/wp-content\/uploads\/usu989\/2023\/03\/CF3-1-300x169.jpg\" alt=\"\" width=\"300\" height=\"169\" srcset=\"https:\/\/agora.xtec.cat\/ceipbaltasar\/wp-content\/uploads\/usu989\/2023\/03\/CF3-1-300x169.jpg 300w, https:\/\/agora.xtec.cat\/ceipbaltasar\/wp-content\/uploads\/usu989\/2023\/03\/CF3-1-1024x575.jpg 1024w, https:\/\/agora.xtec.cat\/ceipbaltasar\/wp-content\/uploads\/usu989\/2023\/03\/CF3-1-768x431.jpg 768w, https:\/\/agora.xtec.cat\/ceipbaltasar\/wp-content\/uploads\/usu989\/2023\/03\/CF3-1-1536x863.jpg 1536w, https:\/\/agora.xtec.cat\/ceipbaltasar\/wp-content\/uploads\/usu989\/2023\/03\/CF3-1-2048x1150.jpg 2048w\" sizes=\"auto, (max-width: 300px) 100vw, 300px\" \/><\/a> <a href=\"https:\/\/agora.xtec.cat\/ceipbaltasar\/wp-content\/uploads\/usu989\/2023\/03\/CF2.jpg\"><img loading=\"lazy\" decoding=\"async\" class=\"size-medium wp-image-8483 alignright\" src=\"https:\/\/agora.xtec.cat\/ceipbaltasar\/wp-content\/uploads\/usu989\/2023\/03\/CF2-300x225.jpg\" alt=\"\" width=\"300\" height=\"225\" srcset=\"https:\/\/agora.xtec.cat\/ceipbaltasar\/wp-content\/uploads\/usu989\/2023\/03\/CF2-300x225.jpg 300w, https:\/\/agora.xtec.cat\/ceipbaltasar\/wp-content\/uploads\/usu989\/2023\/03\/CF2-1024x768.jpg 1024w, https:\/\/agora.xtec.cat\/ceipbaltasar\/wp-content\/uploads\/usu989\/2023\/03\/CF2-768x576.jpg 768w, https:\/\/agora.xtec.cat\/ceipbaltasar\/wp-content\/uploads\/usu989\/2023\/03\/CF2-1536x1152.jpg 1536w, https:\/\/agora.xtec.cat\/ceipbaltasar\/wp-content\/uploads\/usu989\/2023\/03\/CF2-2048x1536.jpg 2048w, https:\/\/agora.xtec.cat\/ceipbaltasar\/wp-content\/uploads\/usu989\/2023\/03\/CF2-200x150.jpg 200w\" sizes=\"auto, (max-width: 300px) 100vw, 300px\" \/><\/a> <a href=\"https:\/\/agora.xtec.cat\/ceipbaltasar\/wp-content\/uploads\/usu989\/2023\/03\/CF1.jpg\"><img loading=\"lazy\" decoding=\"async\" class=\"size-medium wp-image-8482 alignleft\" src=\"https:\/\/agora.xtec.cat\/ceipbaltasar\/wp-content\/uploads\/usu989\/2023\/03\/CF1-300x225.jpg\" alt=\"\" width=\"300\" height=\"225\" srcset=\"https:\/\/agora.xtec.cat\/ceipbaltasar\/wp-content\/uploads\/usu989\/2023\/03\/CF1-300x225.jpg 300w, https:\/\/agora.xtec.cat\/ceipbaltasar\/wp-content\/uploads\/usu989\/2023\/03\/CF1-1024x768.jpg 1024w, https:\/\/agora.xtec.cat\/ceipbaltasar\/wp-content\/uploads\/usu989\/2023\/03\/CF1-768x576.jpg 768w, https:\/\/agora.xtec.cat\/ceipbaltasar\/wp-content\/uploads\/usu989\/2023\/03\/CF1-1536x1152.jpg 1536w, https:\/\/agora.xtec.cat\/ceipbaltasar\/wp-content\/uploads\/usu989\/2023\/03\/CF1-2048x1536.jpg 2048w, https:\/\/agora.xtec.cat\/ceipbaltasar\/wp-content\/uploads\/usu989\/2023\/03\/CF1-200x150.jpg 200w\" sizes=\"auto, (max-width: 300px) 100vw, 300px\" \/><\/a><\/p>\n<p>&nbsp;<\/p>\n<p>&nbsp;<\/p>\n<p>&nbsp;<\/p>\n<p style=\"font-family: 'Helvetica Neue', Helvetica, Helvetica, Arial, sans-serif;font-size: 16px\">\n<p>&nbsp;<\/p>\n<p>&nbsp;<\/p>\n<p>&nbsp;<\/p>\n<p>&nbsp;<\/p>\n<p>&nbsp;<\/p>\n<p>&nbsp;<\/p>\n<p>&nbsp;<\/p>\n<p>&nbsp;<\/p>\n<p>&nbsp;<\/p>\n<p>&nbsp;<\/p>\n<p><a href=\"https:\/\/youtu.be\/lrmWRWLU60I\" target=\"_blank\" rel=\"noopener\">ENLLA\u00c7 AL V\u00cdDEO DOCUMENTAL<\/a><\/p>\n<p>&nbsp;<\/p>\n<p>&nbsp;<\/p>\n<p><strong>CANTATA &#8220;A MUNT A MUNT&#8221; es fa a 5\u00e8.<\/strong> Per treballar l&#8217;orgue de Valls, s&#8217;ha composat una cantata que la canten junt amb altres escoles de Valls. Aquest projecte \u00e9s nou. Encara no s&#8217;ha estrenat la cantata.<\/p>\n<p><strong>XILOFONADA PO\u00c8TICA es fa a 4t,<\/strong> projecte organitzat per l&#8217;Escola de M\u00fasica Robert Gerhard de Valls. Cada any, des de fa 10 anys, els infants de 4t junt amb altres escoles de Valls i pobles del voltant, participen a aquest concert extraordinari.<\/p>\n<p><a href=\"https:\/\/agora.xtec.cat\/ceipbaltasar\/wp-content\/uploads\/usu989\/2023\/03\/IMG-20230222-WA0017.jpg\"><img loading=\"lazy\" decoding=\"async\" class=\"size-medium wp-image-8488 alignleft\" src=\"https:\/\/agora.xtec.cat\/ceipbaltasar\/wp-content\/uploads\/usu989\/2023\/03\/IMG-20230222-WA0017-300x225.jpg\" alt=\"\" width=\"300\" height=\"225\" srcset=\"https:\/\/agora.xtec.cat\/ceipbaltasar\/wp-content\/uploads\/usu989\/2023\/03\/IMG-20230222-WA0017-300x225.jpg 300w, https:\/\/agora.xtec.cat\/ceipbaltasar\/wp-content\/uploads\/usu989\/2023\/03\/IMG-20230222-WA0017-1024x768.jpg 1024w, https:\/\/agora.xtec.cat\/ceipbaltasar\/wp-content\/uploads\/usu989\/2023\/03\/IMG-20230222-WA0017-768x576.jpg 768w, https:\/\/agora.xtec.cat\/ceipbaltasar\/wp-content\/uploads\/usu989\/2023\/03\/IMG-20230222-WA0017-1536x1152.jpg 1536w, https:\/\/agora.xtec.cat\/ceipbaltasar\/wp-content\/uploads\/usu989\/2023\/03\/IMG-20230222-WA0017-200x150.jpg 200w, https:\/\/agora.xtec.cat\/ceipbaltasar\/wp-content\/uploads\/usu989\/2023\/03\/IMG-20230222-WA0017.jpg 2048w\" sizes=\"auto, (max-width: 300px) 100vw, 300px\" \/><\/a> <a href=\"https:\/\/agora.xtec.cat\/ceipbaltasar\/wp-content\/uploads\/usu989\/2023\/03\/IMG-20230222-WA0018.jpg\"><img loading=\"lazy\" decoding=\"async\" class=\"size-medium wp-image-8489 alignright\" src=\"https:\/\/agora.xtec.cat\/ceipbaltasar\/wp-content\/uploads\/usu989\/2023\/03\/IMG-20230222-WA0018-300x225.jpg\" alt=\"\" width=\"300\" height=\"225\" srcset=\"https:\/\/agora.xtec.cat\/ceipbaltasar\/wp-content\/uploads\/usu989\/2023\/03\/IMG-20230222-WA0018-300x225.jpg 300w, https:\/\/agora.xtec.cat\/ceipbaltasar\/wp-content\/uploads\/usu989\/2023\/03\/IMG-20230222-WA0018-1024x768.jpg 1024w, https:\/\/agora.xtec.cat\/ceipbaltasar\/wp-content\/uploads\/usu989\/2023\/03\/IMG-20230222-WA0018-768x576.jpg 768w, https:\/\/agora.xtec.cat\/ceipbaltasar\/wp-content\/uploads\/usu989\/2023\/03\/IMG-20230222-WA0018-1536x1152.jpg 1536w, https:\/\/agora.xtec.cat\/ceipbaltasar\/wp-content\/uploads\/usu989\/2023\/03\/IMG-20230222-WA0018-200x150.jpg 200w, https:\/\/agora.xtec.cat\/ceipbaltasar\/wp-content\/uploads\/usu989\/2023\/03\/IMG-20230222-WA0018.jpg 1600w\" sizes=\"auto, (max-width: 300px) 100vw, 300px\" \/><\/a><a href=\"https:\/\/youtu.be\/OEIKyzefREc\" target=\"_blank\" rel=\"noopener\"><img loading=\"lazy\" decoding=\"async\" class=\"aligncenter size-medium wp-image-8492\" src=\"https:\/\/agora.xtec.cat\/ceipbaltasar\/wp-content\/uploads\/usu989\/2023\/03\/IMG_20220322_173356-225x300.jpg\" alt=\"\" width=\"225\" height=\"300\" srcset=\"https:\/\/agora.xtec.cat\/ceipbaltasar\/wp-content\/uploads\/usu989\/2023\/03\/IMG_20220322_173356-225x300.jpg 225w, https:\/\/agora.xtec.cat\/ceipbaltasar\/wp-content\/uploads\/usu989\/2023\/03\/IMG_20220322_173356-768x1024.jpg 768w, https:\/\/agora.xtec.cat\/ceipbaltasar\/wp-content\/uploads\/usu989\/2023\/03\/IMG_20220322_173356-1152x1536.jpg 1152w, https:\/\/agora.xtec.cat\/ceipbaltasar\/wp-content\/uploads\/usu989\/2023\/03\/IMG_20220322_173356-1536x2048.jpg 1536w, https:\/\/agora.xtec.cat\/ceipbaltasar\/wp-content\/uploads\/usu989\/2023\/03\/IMG_20220322_173356-rotated.jpg 1773w\" sizes=\"auto, (max-width: 225px) 100vw, 225px\" \/>ENLLA\u00c7 XILOFONADA 2022<\/a><\/p>\n<p><strong>BALTICANTATA<\/strong> es fa a tota la comunitat educativa des d&#8217;I3 a 6\u00e8. Cada any al llarg del primer trimestre, es treballa una cantata que s&#8217;interpreta en concert al Teatre Principal de Valls al final del 1r trimestre.<\/p>\n<p><a href=\"https:\/\/agora.xtec.cat\/ceipbaltasar\/wp-content\/uploads\/usu989\/2023\/03\/398dcb9b-957f-48f8-a13b-bbc7e05db4b4.jpg\"><img loading=\"lazy\" decoding=\"async\" class=\"size-medium wp-image-8494 alignleft\" src=\"https:\/\/agora.xtec.cat\/ceipbaltasar\/wp-content\/uploads\/usu989\/2023\/03\/398dcb9b-957f-48f8-a13b-bbc7e05db4b4-300x225.jpg\" alt=\"\" width=\"300\" height=\"225\" srcset=\"https:\/\/agora.xtec.cat\/ceipbaltasar\/wp-content\/uploads\/usu989\/2023\/03\/398dcb9b-957f-48f8-a13b-bbc7e05db4b4-300x225.jpg 300w, https:\/\/agora.xtec.cat\/ceipbaltasar\/wp-content\/uploads\/usu989\/2023\/03\/398dcb9b-957f-48f8-a13b-bbc7e05db4b4-768x576.jpg 768w, https:\/\/agora.xtec.cat\/ceipbaltasar\/wp-content\/uploads\/usu989\/2023\/03\/398dcb9b-957f-48f8-a13b-bbc7e05db4b4-200x150.jpg 200w, https:\/\/agora.xtec.cat\/ceipbaltasar\/wp-content\/uploads\/usu989\/2023\/03\/398dcb9b-957f-48f8-a13b-bbc7e05db4b4.jpg 1024w\" sizes=\"auto, (max-width: 300px) 100vw, 300px\" \/><\/a> <a href=\"https:\/\/agora.xtec.cat\/ceipbaltasar\/wp-content\/uploads\/usu989\/2023\/03\/d747cb59-8e80-4ffb-a5cf-9363482733f0.jpg\"><img loading=\"lazy\" decoding=\"async\" class=\"size-medium wp-image-8495 alignright\" src=\"https:\/\/agora.xtec.cat\/ceipbaltasar\/wp-content\/uploads\/usu989\/2023\/03\/d747cb59-8e80-4ffb-a5cf-9363482733f0-300x227.jpg\" alt=\"\" width=\"300\" height=\"227\" srcset=\"https:\/\/agora.xtec.cat\/ceipbaltasar\/wp-content\/uploads\/usu989\/2023\/03\/d747cb59-8e80-4ffb-a5cf-9363482733f0-300x227.jpg 300w, https:\/\/agora.xtec.cat\/ceipbaltasar\/wp-content\/uploads\/usu989\/2023\/03\/d747cb59-8e80-4ffb-a5cf-9363482733f0-1024x776.jpg 1024w, https:\/\/agora.xtec.cat\/ceipbaltasar\/wp-content\/uploads\/usu989\/2023\/03\/d747cb59-8e80-4ffb-a5cf-9363482733f0-768x582.jpg 768w, https:\/\/agora.xtec.cat\/ceipbaltasar\/wp-content\/uploads\/usu989\/2023\/03\/d747cb59-8e80-4ffb-a5cf-9363482733f0-1536x1164.jpg 1536w, https:\/\/agora.xtec.cat\/ceipbaltasar\/wp-content\/uploads\/usu989\/2023\/03\/d747cb59-8e80-4ffb-a5cf-9363482733f0-200x150.jpg 200w, https:\/\/agora.xtec.cat\/ceipbaltasar\/wp-content\/uploads\/usu989\/2023\/03\/d747cb59-8e80-4ffb-a5cf-9363482733f0.jpg 2048w\" sizes=\"auto, (max-width: 300px) 100vw, 300px\" \/><\/a><\/p>\n<p>&nbsp;<\/p>\n<p>&nbsp;<\/p>\n<p>&nbsp;<\/p>\n<p>&nbsp;<\/p>\n<p>&nbsp;<\/p>\n<p>&nbsp;<\/p>\n<p><a href=\"https:\/\/youtu.be\/MdU-grULxdk\" target=\"_blank\" rel=\"noopener\">ENLLA\u00c7 AL V\u00cdDEO DE LA BALTICANTATA 2022<\/a><\/p>\n<p>&nbsp;<\/p>\n<p><strong>GARROTINS PER SANTA CEC\u00cdLIA<\/strong> es fa a Prim\u00e0ria. Des de l&#8217;aula, a la tutoria, cada curs inventa garrotins que es canta en un concert. Aquests garrotins els acompanyen els de 4t amb els ukeleles.<\/p>\n<p><a href=\"https:\/\/youtu.be\/kZGO2ZM519o\" target=\"_blank\" rel=\"noopener\">ENLLA\u00c7 1 A GARROTINS DE L&#8217;ESCOLA<\/a><\/p>\n<p><a href=\"https:\/\/youtu.be\/t9YNG1NIezQ\" target=\"_blank\" rel=\"noopener\">ENLLA\u00c7 2 A GARROTINS DE L&#8217;ESCOLA<\/a><\/p>\n<p><strong>CONCERTS INTERCICLES<\/strong> els fan els d&#8217;Infantil i els de 3r i 4t. Per la setmana de la festa de l&#8217;escola, els d&#8217;infantil canten un repertori de can\u00e7ons que han estat treballant al llarg del curs, mentre els acompanyen amb els ukeleles els de 3r i 4t.<\/p>\n<p><strong>CONCERTS DE XILOFONADA PO\u00c8TICA A L&#8217;ESCOLA<\/strong>\u00a0els fan els de 1r i 2n, tamb\u00e9 per la setmana de la festa de l&#8217;escola, aquests infants interpreten cantant i tocant la xilofonada po\u00e8tica que han estat aprenent al llarg del curs.<\/p>\n<p>&nbsp;<\/p>\n","protected":false},"excerpt":{"rendered":"<p>EL BALTIPROJECTE DE M\u00daSICA ES DIU &#8220;UN DE CADA FAM\u00cdLIA&#8221; &nbsp; El Baltiprojecte de m\u00fasica va des d&#8217;Infantil 3 anys fins a 6\u00e8. T\u00e9 una durada de 9 cursos. I dins d&#8217;aquest projecte hi ha petits subprojectes. El projecte es diu &#8220;Un de cada fam\u00edlia&#8221; perqu\u00e8 cada dos anys hi ha canvi d&#8217;instrument i al [&hellip;]<\/p>\n","protected":false},"author":12,"featured_media":8492,"comment_status":"open","ping_status":"closed","sticky":false,"template":"","format":"standard","meta":{"_bbp_topic_count":0,"_bbp_reply_count":0,"_bbp_total_topic_count":0,"_bbp_total_reply_count":0,"_bbp_voice_count":0,"_bbp_anonymous_reply_count":0,"_bbp_topic_count_hidden":0,"_bbp_reply_count_hidden":0,"_bbp_forum_subforum_count":0,"site-sidebar-layout":"default","site-content-layout":"","ast-site-content-layout":"","site-content-style":"default","site-sidebar-style":"default","ast-global-header-display":"","ast-banner-title-visibility":"","ast-main-header-display":"","ast-hfb-above-header-display":"","ast-hfb-below-header-display":"","ast-hfb-mobile-header-display":"","site-post-title":"","ast-breadcrumbs-content":"","ast-featured-img":"","footer-sml-layout":"","theme-transparent-header-meta":"","adv-header-id-meta":"","stick-header-meta":"","header-above-stick-meta":"","header-main-stick-meta":"","header-below-stick-meta":"","astra-migrate-meta-layouts":"default","ast-page-background-enabled":"default","ast-page-background-meta":{"desktop":{"background-color":"var(--ast-global-color-4)","background-image":"","background-repeat":"repeat","background-position":"center center","background-size":"auto","background-attachment":"scroll","background-type":"","background-media":"","overlay-type":"","overlay-color":"","overlay-opacity":"","overlay-gradient":""},"tablet":{"background-color":"","background-image":"","background-repeat":"repeat","background-position":"center center","background-size":"auto","background-attachment":"scroll","background-type":"","background-media":"","overlay-type":"","overlay-color":"","overlay-opacity":"","overlay-gradient":""},"mobile":{"background-color":"","background-image":"","background-repeat":"repeat","background-position":"center center","background-size":"auto","background-attachment":"scroll","background-type":"","background-media":"","overlay-type":"","overlay-color":"","overlay-opacity":"","overlay-gradient":""}},"ast-content-background-meta":{"desktop":{"background-color":"var(--ast-global-color-5)","background-image":"","background-repeat":"repeat","background-position":"center center","background-size":"auto","background-attachment":"scroll","background-type":"","background-media":"","overlay-type":"","overlay-color":"","overlay-opacity":"","overlay-gradient":""},"tablet":{"background-color":"var(--ast-global-color-5)","background-image":"","background-repeat":"repeat","background-position":"center center","background-size":"auto","background-attachment":"scroll","background-type":"","background-media":"","overlay-type":"","overlay-color":"","overlay-opacity":"","overlay-gradient":""},"mobile":{"background-color":"var(--ast-global-color-5)","background-image":"","background-repeat":"repeat","background-position":"center center","background-size":"auto","background-attachment":"scroll","background-type":"","background-media":"","overlay-type":"","overlay-color":"","overlay-opacity":"","overlay-gradient":""}},"footnotes":""},"categories":[127,2,78,5],"tags":[300,183,231,298,299,248,79,55,301,235],"class_list":["post-8453","post","type-post","status-publish","format-standard","has-post-thumbnail","hentry","category-especialitats","category-infantil","category-musica","category-primaria","tag-ball","tag-baltis","tag-cancons","tag-cantata","tag-dansa","tag-flabiol","tag-musica","tag-sombaltis","tag-ukelele","tag-xilofonada-poetica"],"post_mailing_queue_ids":[],"_links":{"self":[{"href":"https:\/\/agora.xtec.cat\/ceipbaltasar\/wp-json\/wp\/v2\/posts\/8453","targetHints":{"allow":["GET"]}}],"collection":[{"href":"https:\/\/agora.xtec.cat\/ceipbaltasar\/wp-json\/wp\/v2\/posts"}],"about":[{"href":"https:\/\/agora.xtec.cat\/ceipbaltasar\/wp-json\/wp\/v2\/types\/post"}],"author":[{"embeddable":true,"href":"https:\/\/agora.xtec.cat\/ceipbaltasar\/wp-json\/wp\/v2\/users\/12"}],"replies":[{"embeddable":true,"href":"https:\/\/agora.xtec.cat\/ceipbaltasar\/wp-json\/wp\/v2\/comments?post=8453"}],"version-history":[{"count":3,"href":"https:\/\/agora.xtec.cat\/ceipbaltasar\/wp-json\/wp\/v2\/posts\/8453\/revisions"}],"predecessor-version":[{"id":8500,"href":"https:\/\/agora.xtec.cat\/ceipbaltasar\/wp-json\/wp\/v2\/posts\/8453\/revisions\/8500"}],"wp:featuredmedia":[{"embeddable":true,"href":"https:\/\/agora.xtec.cat\/ceipbaltasar\/wp-json\/wp\/v2\/media\/8492"}],"wp:attachment":[{"href":"https:\/\/agora.xtec.cat\/ceipbaltasar\/wp-json\/wp\/v2\/media?parent=8453"}],"wp:term":[{"taxonomy":"category","embeddable":true,"href":"https:\/\/agora.xtec.cat\/ceipbaltasar\/wp-json\/wp\/v2\/categories?post=8453"},{"taxonomy":"post_tag","embeddable":true,"href":"https:\/\/agora.xtec.cat\/ceipbaltasar\/wp-json\/wp\/v2\/tags?post=8453"}],"curies":[{"name":"wp","href":"https:\/\/api.w.org\/{rel}","templated":true}]}}