{"id":8272,"date":"2022-11-14T11:44:26","date_gmt":"2022-11-14T10:44:26","guid":{"rendered":"https:\/\/agora.xtec.cat\/ceipbaltasar\/?p=8272"},"modified":"2022-11-14T11:44:26","modified_gmt":"2022-11-14T10:44:26","slug":"ambients-a-la-comunitat-de-mitjans","status":"publish","type":"post","link":"https:\/\/agora.xtec.cat\/ceipbaltasar\/general\/ambients-a-la-comunitat-de-mitjans\/","title":{"rendered":"Ambients a la Comunitat de Mitjans"},"content":{"rendered":"<p>Aquest trimestre, recuperem els ambients amb els Baltis de 1r, 2n i 3r \ud83d\udc4f<\/p>\n<p>Setmanalment escollim en quin ambient ens agradaria anar per realitzar diverses propostes relacionades amb les seg\u00fcents tem\u00e0tiques:<\/p>\n<p><img loading=\"lazy\" decoding=\"async\" class=\"wp-image-8279 alignright\" src=\"https:\/\/agora.xtec.cat\/ceipbaltasar\/wp-content\/uploads\/usu989\/2022\/11\/page0.jpg\" alt=\"\" width=\"268\" height=\"477\" srcset=\"https:\/\/agora.xtec.cat\/ceipbaltasar\/wp-content\/uploads\/usu989\/2022\/11\/page0.jpg 1080w, https:\/\/agora.xtec.cat\/ceipbaltasar\/wp-content\/uploads\/usu989\/2022\/11\/page0-169x300.jpg 169w, https:\/\/agora.xtec.cat\/ceipbaltasar\/wp-content\/uploads\/usu989\/2022\/11\/page0-576x1024.jpg 576w, https:\/\/agora.xtec.cat\/ceipbaltasar\/wp-content\/uploads\/usu989\/2022\/11\/page0-768x1365.jpg 768w, https:\/\/agora.xtec.cat\/ceipbaltasar\/wp-content\/uploads\/usu989\/2022\/11\/page0-864x1536.jpg 864w\" sizes=\"auto, (max-width: 268px) 100vw, 268px\" \/><\/p>\n<p>&nbsp;<\/p>\n<ul style=\"list-style-type: circle;\">\n<li>Rob\u00f2tica<\/li>\n<li>Jocs de taula<\/li>\n<li>Fer i desfer<\/li>\n<li>Construcci\u00f3<\/li>\n<li>Acrosport<\/li>\n<li>Scaperoom<\/li>\n<\/ul>\n<p>En cada un trobem propostes diferents per realitzar en companyia dels altres baltis. Ho fem cada dilluns a la tarda i ho estem gaudint al m\u00e0xim!<\/p>\n<p>Podeu seguir tot all\u00f2 que fem a les <a href=\"https:\/\/drive.google.com\/drive\/folders\/147R1Nbkt4S1UL6ziRARuUv5gGFB2afS8?usp=share_link\">promocions<\/a> de cada curs.<\/p>\n","protected":false},"excerpt":{"rendered":"<p>Aquest trimestre, recuperem els ambients amb els Baltis de 1r, 2n i 3r \ud83d\udc4f Setmanalment escollim en quin ambient ens agradaria anar per realitzar diverses propostes relacionades amb les seg\u00fcents tem\u00e0tiques: &nbsp; Rob\u00f2tica Jocs de taula Fer i desfer Construcci\u00f3 Acrosport Scaperoom En cada un trobem propostes diferents per realitzar en companyia dels altres baltis. [&hellip;]<\/p>\n","protected":false},"author":34,"featured_media":0,"comment_status":"open","ping_status":"closed","sticky":false,"template":"","format":"standard","meta":{"_bbp_topic_count":0,"_bbp_reply_count":0,"_bbp_total_topic_count":0,"_bbp_total_reply_count":0,"_bbp_voice_count":0,"_bbp_anonymous_reply_count":0,"_bbp_topic_count_hidden":0,"_bbp_reply_count_hidden":0,"_bbp_forum_subforum_count":0,"site-sidebar-layout":"default","site-content-layout":"","ast-site-content-layout":"","site-content-style":"default","site-sidebar-style":"default","ast-global-header-display":"","ast-banner-title-visibility":"","ast-main-header-display":"","ast-hfb-above-header-display":"","ast-hfb-below-header-display":"","ast-hfb-mobile-header-display":"","site-post-title":"","ast-breadcrumbs-content":"","ast-featured-img":"","footer-sml-layout":"","theme-transparent-header-meta":"","adv-header-id-meta":"","stick-header-meta":"","header-above-stick-meta":"","header-main-stick-meta":"","header-below-stick-meta":"","astra-migrate-meta-layouts":"default","ast-page-background-enabled":"default","ast-page-background-meta":{"desktop":{"background-color":"var(--ast-global-color-4)","background-image":"","background-repeat":"repeat","background-position":"center center","background-size":"auto","background-attachment":"scroll","background-type":"","background-media":"","overlay-type":"","overlay-color":"","overlay-opacity":"","overlay-gradient":""},"tablet":{"background-color":"","background-image":"","background-repeat":"repeat","background-position":"center center","background-size":"auto","background-attachment":"scroll","background-type":"","background-media":"","overlay-type":"","overlay-color":"","overlay-opacity":"","overlay-gradient":""},"mobile":{"background-color":"","background-image":"","background-repeat":"repeat","background-position":"center center","background-size":"auto","background-attachment":"scroll","background-type":"","background-media":"","overlay-type":"","overlay-color":"","overlay-opacity":"","overlay-gradient":""}},"ast-content-background-meta":{"desktop":{"background-color":"var(--ast-global-color-5)","background-image":"","background-repeat":"repeat","background-position":"center center","background-size":"auto","background-attachment":"scroll","background-type":"","background-media":"","overlay-type":"","overlay-color":"","overlay-opacity":"","overlay-gradient":""},"tablet":{"background-color":"var(--ast-global-color-5)","background-image":"","background-repeat":"repeat","background-position":"center center","background-size":"auto","background-attachment":"scroll","background-type":"","background-media":"","overlay-type":"","overlay-color":"","overlay-opacity":"","overlay-gradient":""},"mobile":{"background-color":"var(--ast-global-color-5)","background-image":"","background-repeat":"repeat","background-position":"center center","background-size":"auto","background-attachment":"scroll","background-type":"","background-media":"","overlay-type":"","overlay-color":"","overlay-opacity":"","overlay-gradient":""}},"footnotes":""},"categories":[10,11,12,1,4],"tags":[119,189,90],"class_list":["post-8272","post","type-post","status-publish","format-standard","hentry","category-1r","category-2n","category-3r","category-general","category-portada","tag-ambients","tag-comunitat-dels-mitjans","tag-serbaltimolamolt"],"post_mailing_queue_ids":[],"_links":{"self":[{"href":"https:\/\/agora.xtec.cat\/ceipbaltasar\/wp-json\/wp\/v2\/posts\/8272","targetHints":{"allow":["GET"]}}],"collection":[{"href":"https:\/\/agora.xtec.cat\/ceipbaltasar\/wp-json\/wp\/v2\/posts"}],"about":[{"href":"https:\/\/agora.xtec.cat\/ceipbaltasar\/wp-json\/wp\/v2\/types\/post"}],"author":[{"embeddable":true,"href":"https:\/\/agora.xtec.cat\/ceipbaltasar\/wp-json\/wp\/v2\/users\/34"}],"replies":[{"embeddable":true,"href":"https:\/\/agora.xtec.cat\/ceipbaltasar\/wp-json\/wp\/v2\/comments?post=8272"}],"version-history":[{"count":3,"href":"https:\/\/agora.xtec.cat\/ceipbaltasar\/wp-json\/wp\/v2\/posts\/8272\/revisions"}],"predecessor-version":[{"id":8284,"href":"https:\/\/agora.xtec.cat\/ceipbaltasar\/wp-json\/wp\/v2\/posts\/8272\/revisions\/8284"}],"wp:attachment":[{"href":"https:\/\/agora.xtec.cat\/ceipbaltasar\/wp-json\/wp\/v2\/media?parent=8272"}],"wp:term":[{"taxonomy":"category","embeddable":true,"href":"https:\/\/agora.xtec.cat\/ceipbaltasar\/wp-json\/wp\/v2\/categories?post=8272"},{"taxonomy":"post_tag","embeddable":true,"href":"https:\/\/agora.xtec.cat\/ceipbaltasar\/wp-json\/wp\/v2\/tags?post=8272"}],"curies":[{"name":"wp","href":"https:\/\/api.w.org\/{rel}","templated":true}]}}