{"id":8218,"date":"2022-10-05T16:10:54","date_gmt":"2022-10-05T14:10:54","guid":{"rendered":"https:\/\/agora.xtec.cat\/ceipbaltasar\/?p=8218"},"modified":"2022-10-05T16:10:54","modified_gmt":"2022-10-05T14:10:54","slug":"projecte-permacultura-plantem-calcots","status":"publish","type":"post","link":"https:\/\/agora.xtec.cat\/ceipbaltasar\/portada\/projecte-permacultura-plantem-calcots\/","title":{"rendered":"Projecte permacultura: Plantem cal\u00e7ots"},"content":{"rendered":"<p>Els balti5 seguim amb el nostre projecte de permacultura centrat en el nostre hort. Despr\u00e9s d&#8217;ajudar als nostres companys a plantar cal\u00e7ots ens toca tenir-ne cura i vigilar el seu proc\u00e9s. Aqu\u00ed us deixem unes quantes fotos perqu\u00e8 veieu com ho fem. Esperem que us agradin!<\/p>\n<figure id=\"attachment_8219\" aria-describedby=\"caption-attachment-8219\" style=\"width: 1024px\" class=\"wp-caption alignnone\"><a href=\"https:\/\/drive.google.com\/drive\/folders\/1f7aVAmOa_qSCnDGiI5UnJxeXqkfu-CjY?usp=sharing\" target=\"_blank\" rel=\"noopener\"><img loading=\"lazy\" decoding=\"async\" class=\"wp-image-8219 size-large\" src=\"https:\/\/agora.xtec.cat\/ceipbaltasar\/wp-content\/uploads\/usu989\/2022\/10\/IMG_3213-1024x768.jpg\" alt=\"\" width=\"1024\" height=\"768\" srcset=\"https:\/\/agora.xtec.cat\/ceipbaltasar\/wp-content\/uploads\/usu989\/2022\/10\/IMG_3213-1024x768.jpg 1024w, https:\/\/agora.xtec.cat\/ceipbaltasar\/wp-content\/uploads\/usu989\/2022\/10\/IMG_3213-300x225.jpg 300w, https:\/\/agora.xtec.cat\/ceipbaltasar\/wp-content\/uploads\/usu989\/2022\/10\/IMG_3213-768x576.jpg 768w, https:\/\/agora.xtec.cat\/ceipbaltasar\/wp-content\/uploads\/usu989\/2022\/10\/IMG_3213-1536x1152.jpg 1536w, https:\/\/agora.xtec.cat\/ceipbaltasar\/wp-content\/uploads\/usu989\/2022\/10\/IMG_3213-200x150.jpg 200w, https:\/\/agora.xtec.cat\/ceipbaltasar\/wp-content\/uploads\/usu989\/2022\/10\/IMG_3213.jpg 2016w\" sizes=\"auto, (max-width: 1024px) 100vw, 1024px\" \/><\/a><figcaption id=\"caption-attachment-8219\" class=\"wp-caption-text\">Cliqueu a la imatge per accedir a tot l&#8217;\u00e0lbum<\/figcaption><\/figure>\n","protected":false},"excerpt":{"rendered":"<p>Els balti5 seguim amb el nostre projecte de permacultura centrat en el nostre hort. Despr\u00e9s d&#8217;ajudar als nostres companys a plantar cal\u00e7ots ens toca tenir-ne cura i vigilar el seu proc\u00e9s. Aqu\u00ed us deixem unes quantes fotos perqu\u00e8 veieu com ho fem. Esperem que us agradin!<\/p>\n","protected":false},"author":1,"featured_media":8219,"comment_status":"open","ping_status":"closed","sticky":false,"template":"","format":"standard","meta":{"_bbp_topic_count":0,"_bbp_reply_count":0,"_bbp_total_topic_count":0,"_bbp_total_reply_count":0,"_bbp_voice_count":0,"_bbp_anonymous_reply_count":0,"_bbp_topic_count_hidden":0,"_bbp_reply_count_hidden":0,"_bbp_forum_subforum_count":0,"site-sidebar-layout":"default","site-content-layout":"","ast-site-content-layout":"","site-content-style":"default","site-sidebar-style":"default","ast-global-header-display":"","ast-banner-title-visibility":"","ast-main-header-display":"","ast-hfb-above-header-display":"","ast-hfb-below-header-display":"","ast-hfb-mobile-header-display":"","site-post-title":"","ast-breadcrumbs-content":"","ast-featured-img":"","footer-sml-layout":"","theme-transparent-header-meta":"","adv-header-id-meta":"","stick-header-meta":"","header-above-stick-meta":"","header-main-stick-meta":"","header-below-stick-meta":"","astra-migrate-meta-layouts":"default","ast-page-background-enabled":"default","ast-page-background-meta":{"desktop":{"background-color":"var(--ast-global-color-4)","background-image":"","background-repeat":"repeat","background-position":"center center","background-size":"auto","background-attachment":"scroll","background-type":"","background-media":"","overlay-type":"","overlay-color":"","overlay-opacity":"","overlay-gradient":""},"tablet":{"background-color":"","background-image":"","background-repeat":"repeat","background-position":"center center","background-size":"auto","background-attachment":"scroll","background-type":"","background-media":"","overlay-type":"","overlay-color":"","overlay-opacity":"","overlay-gradient":""},"mobile":{"background-color":"","background-image":"","background-repeat":"repeat","background-position":"center center","background-size":"auto","background-attachment":"scroll","background-type":"","background-media":"","overlay-type":"","overlay-color":"","overlay-opacity":"","overlay-gradient":""}},"ast-content-background-meta":{"desktop":{"background-color":"var(--ast-global-color-5)","background-image":"","background-repeat":"repeat","background-position":"center center","background-size":"auto","background-attachment":"scroll","background-type":"","background-media":"","overlay-type":"","overlay-color":"","overlay-opacity":"","overlay-gradient":""},"tablet":{"background-color":"var(--ast-global-color-5)","background-image":"","background-repeat":"repeat","background-position":"center center","background-size":"auto","background-attachment":"scroll","background-type":"","background-media":"","overlay-type":"","overlay-color":"","overlay-opacity":"","overlay-gradient":""},"mobile":{"background-color":"var(--ast-global-color-5)","background-image":"","background-repeat":"repeat","background-position":"center center","background-size":"auto","background-attachment":"scroll","background-type":"","background-media":"","overlay-type":"","overlay-color":"","overlay-opacity":"","overlay-gradient":""}},"footnotes":""},"categories":[15,4],"tags":[],"class_list":["post-8218","post","type-post","status-publish","format-standard","has-post-thumbnail","hentry","category-6e","category-portada"],"post_mailing_queue_ids":[],"_links":{"self":[{"href":"https:\/\/agora.xtec.cat\/ceipbaltasar\/wp-json\/wp\/v2\/posts\/8218","targetHints":{"allow":["GET"]}}],"collection":[{"href":"https:\/\/agora.xtec.cat\/ceipbaltasar\/wp-json\/wp\/v2\/posts"}],"about":[{"href":"https:\/\/agora.xtec.cat\/ceipbaltasar\/wp-json\/wp\/v2\/types\/post"}],"author":[{"embeddable":true,"href":"https:\/\/agora.xtec.cat\/ceipbaltasar\/wp-json\/wp\/v2\/users\/1"}],"replies":[{"embeddable":true,"href":"https:\/\/agora.xtec.cat\/ceipbaltasar\/wp-json\/wp\/v2\/comments?post=8218"}],"version-history":[{"count":1,"href":"https:\/\/agora.xtec.cat\/ceipbaltasar\/wp-json\/wp\/v2\/posts\/8218\/revisions"}],"predecessor-version":[{"id":8220,"href":"https:\/\/agora.xtec.cat\/ceipbaltasar\/wp-json\/wp\/v2\/posts\/8218\/revisions\/8220"}],"wp:featuredmedia":[{"embeddable":true,"href":"https:\/\/agora.xtec.cat\/ceipbaltasar\/wp-json\/wp\/v2\/media\/8219"}],"wp:attachment":[{"href":"https:\/\/agora.xtec.cat\/ceipbaltasar\/wp-json\/wp\/v2\/media?parent=8218"}],"wp:term":[{"taxonomy":"category","embeddable":true,"href":"https:\/\/agora.xtec.cat\/ceipbaltasar\/wp-json\/wp\/v2\/categories?post=8218"},{"taxonomy":"post_tag","embeddable":true,"href":"https:\/\/agora.xtec.cat\/ceipbaltasar\/wp-json\/wp\/v2\/tags?post=8218"}],"curies":[{"name":"wp","href":"https:\/\/api.w.org\/{rel}","templated":true}]}}