{"id":821,"date":"2017-03-09T13:49:55","date_gmt":"2017-03-09T12:49:55","guid":{"rendered":"http:\/\/agora.xtec.cat\/ceipbaltasar\/?p=821"},"modified":"2017-03-09T13:49:55","modified_gmt":"2017-03-09T12:49:55","slug":"carnestoltes-2017","status":"publish","type":"post","link":"https:\/\/agora.xtec.cat\/ceipbaltasar\/infantil\/carnestoltes-2017\/","title":{"rendered":"Carnestoltes 2017"},"content":{"rendered":"<p>El passat divendres dia 24 de febrer, com ja ve sent tradici\u00f3, es va celebrar a l&#8217;Escola Baltasar Seg\u00fa el carnaval, que tot i les inclem\u00e8ncies del temps es va dur a terme amb total normalitat.<\/p>\n<p>&nbsp;<\/p>\n<p>Com cada any, el tema del curs ha estat el fil conductor de les disfresses i aquest curs com que estem treballat diferents pa\u00efsos del m\u00f3n, les disfresses ens han perm\u00e8s endinsar-nos en el Baltiviatge, on hem trobat una gran varietat de pa\u00efsos, que de manera improvisada van omplir de color, m\u00fasica, rialles i bon humor els passadissos de l&#8217;escola, lloc on es va dur a terme la r\u00faa i que va permetre a les fam\u00edlies formar part de la Baltir\u00faa.<\/p>\n<p>&nbsp;<\/p>\n<p>El final de festa va ser amenitzat per en Maurici, qui va fer moure l&#8217;esquelet a papes, mames, avis, \u00e0vies, mestres i nens. Aix\u00ed, doncs un cop m\u00e9s tota la Comunitat Balti ha pogut gaudir de moments de festa i de rialles.<\/p>\n<figure id=\"attachment_828\" aria-describedby=\"caption-attachment-828\" style=\"width: 1024px\" class=\"wp-caption aligncenter\"><a href=\"https:\/\/goo.gl\/photos\/BZMBkJnH5EKso3n5A\"><img loading=\"lazy\" decoding=\"async\" class=\"wp-image-828 size-large\" src=\"http:\/\/agora.xtec.cat\/ceipbaltasar\/wp-content\/uploads\/usu989\/2017\/03\/IMG-20170224-WA0062-1024x576.jpg\" alt=\"img-20170224-wa0062\" width=\"1024\" height=\"576\" srcset=\"https:\/\/agora.xtec.cat\/ceipbaltasar\/wp-content\/uploads\/usu989\/2017\/03\/IMG-20170224-WA0062-1024x576.jpg 1024w, https:\/\/agora.xtec.cat\/ceipbaltasar\/wp-content\/uploads\/usu989\/2017\/03\/IMG-20170224-WA0062-300x169.jpg 300w, https:\/\/agora.xtec.cat\/ceipbaltasar\/wp-content\/uploads\/usu989\/2017\/03\/IMG-20170224-WA0062-768x432.jpg 768w, https:\/\/agora.xtec.cat\/ceipbaltasar\/wp-content\/uploads\/usu989\/2017\/03\/IMG-20170224-WA0062.jpg 1600w\" sizes=\"auto, (max-width: 1024px) 100vw, 1024px\" \/><\/a><figcaption id=\"caption-attachment-828\" class=\"wp-caption-text\">Cliqueu per accedir a l&#8217;\u00e0lbum complet<\/figcaption><\/figure>\n","protected":false},"excerpt":{"rendered":"<p>El passat divendres dia 24 de febrer, com ja ve sent tradici\u00f3, es va celebrar a l&#8217;Escola Baltasar Seg\u00fa el carnaval, que tot i les inclem\u00e8ncies del temps es va dur a terme amb total normalitat. &nbsp; Com cada any, el tema del curs ha estat el fil conductor de les disfresses i aquest curs [&hellip;]<\/p>\n","protected":false},"author":1,"featured_media":828,"comment_status":"open","ping_status":"open","sticky":false,"template":"","format":"standard","meta":{"_bbp_topic_count":0,"_bbp_reply_count":0,"_bbp_total_topic_count":0,"_bbp_total_reply_count":0,"_bbp_voice_count":0,"_bbp_anonymous_reply_count":0,"_bbp_topic_count_hidden":0,"_bbp_reply_count_hidden":0,"_bbp_forum_subforum_count":0,"site-sidebar-layout":"default","site-content-layout":"","ast-site-content-layout":"","site-content-style":"default","site-sidebar-style":"default","ast-global-header-display":"","ast-banner-title-visibility":"","ast-main-header-display":"","ast-hfb-above-header-display":"","ast-hfb-below-header-display":"","ast-hfb-mobile-header-display":"","site-post-title":"","ast-breadcrumbs-content":"","ast-featured-img":"","footer-sml-layout":"","theme-transparent-header-meta":"","adv-header-id-meta":"","stick-header-meta":"","header-above-stick-meta":"","header-main-stick-meta":"","header-below-stick-meta":"","astra-migrate-meta-layouts":"default","ast-page-background-enabled":"default","ast-page-background-meta":{"desktop":{"background-color":"var(--ast-global-color-4)","background-image":"","background-repeat":"repeat","background-position":"center center","background-size":"auto","background-attachment":"scroll","background-type":"","background-media":"","overlay-type":"","overlay-color":"","overlay-opacity":"","overlay-gradient":""},"tablet":{"background-color":"","background-image":"","background-repeat":"repeat","background-position":"center center","background-size":"auto","background-attachment":"scroll","background-type":"","background-media":"","overlay-type":"","overlay-color":"","overlay-opacity":"","overlay-gradient":""},"mobile":{"background-color":"","background-image":"","background-repeat":"repeat","background-position":"center center","background-size":"auto","background-attachment":"scroll","background-type":"","background-media":"","overlay-type":"","overlay-color":"","overlay-opacity":"","overlay-gradient":""}},"ast-content-background-meta":{"desktop":{"background-color":"var(--ast-global-color-5)","background-image":"","background-repeat":"repeat","background-position":"center center","background-size":"auto","background-attachment":"scroll","background-type":"","background-media":"","overlay-type":"","overlay-color":"","overlay-opacity":"","overlay-gradient":""},"tablet":{"background-color":"var(--ast-global-color-5)","background-image":"","background-repeat":"repeat","background-position":"center center","background-size":"auto","background-attachment":"scroll","background-type":"","background-media":"","overlay-type":"","overlay-color":"","overlay-opacity":"","overlay-gradient":""},"mobile":{"background-color":"var(--ast-global-color-5)","background-image":"","background-repeat":"repeat","background-position":"center center","background-size":"auto","background-attachment":"scroll","background-type":"","background-media":"","overlay-type":"","overlay-color":"","overlay-opacity":"","overlay-gradient":""}},"footnotes":""},"categories":[10,11,12,13,14,15,3,8,9,2,4,5],"tags":[58,56,96,62,59,57,66],"class_list":["post-821","post","type-post","status-publish","format-standard","has-post-thumbnail","hentry","category-1r","category-2n","category-3r","category-4t","category-5e","category-6e","category-i3","category-i4","category-i5","category-infantil","category-portada","category-primaria","tag-baltasar-segu","tag-baltipower","tag-carnestoltes","tag-educacio-infantil","tag-festa","tag-orgull-balti","tag-primaria"],"post_mailing_queue_ids":[],"_links":{"self":[{"href":"https:\/\/agora.xtec.cat\/ceipbaltasar\/wp-json\/wp\/v2\/posts\/821","targetHints":{"allow":["GET"]}}],"collection":[{"href":"https:\/\/agora.xtec.cat\/ceipbaltasar\/wp-json\/wp\/v2\/posts"}],"about":[{"href":"https:\/\/agora.xtec.cat\/ceipbaltasar\/wp-json\/wp\/v2\/types\/post"}],"author":[{"embeddable":true,"href":"https:\/\/agora.xtec.cat\/ceipbaltasar\/wp-json\/wp\/v2\/users\/1"}],"replies":[{"embeddable":true,"href":"https:\/\/agora.xtec.cat\/ceipbaltasar\/wp-json\/wp\/v2\/comments?post=821"}],"version-history":[{"count":2,"href":"https:\/\/agora.xtec.cat\/ceipbaltasar\/wp-json\/wp\/v2\/posts\/821\/revisions"}],"predecessor-version":[{"id":829,"href":"https:\/\/agora.xtec.cat\/ceipbaltasar\/wp-json\/wp\/v2\/posts\/821\/revisions\/829"}],"wp:featuredmedia":[{"embeddable":true,"href":"https:\/\/agora.xtec.cat\/ceipbaltasar\/wp-json\/wp\/v2\/media\/828"}],"wp:attachment":[{"href":"https:\/\/agora.xtec.cat\/ceipbaltasar\/wp-json\/wp\/v2\/media?parent=821"}],"wp:term":[{"taxonomy":"category","embeddable":true,"href":"https:\/\/agora.xtec.cat\/ceipbaltasar\/wp-json\/wp\/v2\/categories?post=821"},{"taxonomy":"post_tag","embeddable":true,"href":"https:\/\/agora.xtec.cat\/ceipbaltasar\/wp-json\/wp\/v2\/tags?post=821"}],"curies":[{"name":"wp","href":"https:\/\/api.w.org\/{rel}","templated":true}]}}