{"id":807,"date":"2017-02-22T10:00:00","date_gmt":"2017-02-22T09:00:00","guid":{"rendered":"http:\/\/agora.xtec.cat\/ceipbaltasar\/?p=807"},"modified":"2017-04-04T13:36:20","modified_gmt":"2017-04-04T11:36:20","slug":"preinscripcio-curs-2017-2018","status":"publish","type":"post","link":"https:\/\/agora.xtec.cat\/ceipbaltasar\/infantil\/preinscripcio-curs-2017-2018\/","title":{"rendered":"Preinscripci\u00f3 curs 2017-2018"},"content":{"rendered":"<div class=\"FW_sInfoCanal\">\n<h3><\/h3>\n<h3>Informaci\u00f3 general<\/h3>\n<\/div>\n<div class=\"FW_sDetallGeneral\">\n<div class=\"\">\n<div class=\"FW_bContingutArticle \">\n<div class=\"FW_sArticleFoto\">\n<div class=\"FW_sEditPro\">\n<p>&nbsp;<\/p>\n<p>Per fer la preinscripci\u00f3 cal:<\/p>\n<ul>\n<li>con\u00e8ixer el calendari de tot el proc\u00e9s,<\/li>\n<li>consultar els\u00a0centres i l&#8217;oferta de places escolars,<\/li>\n<li>con\u00e8ixer els criteris de prioritat amb qu\u00e8 s&#8217;ordenen les sol\u00b7licituds i la documentaci\u00f3 necess\u00e0ria per justificar-los,<\/li>\n<li>presentar la sol\u00b7licitud i la documentaci\u00f3 en el terminis establerts.<\/li>\n<\/ul>\n<p>&nbsp;<\/p>\n<p>Les sol\u00b7licituds s&#8217;ordenen a partir de l&#8217;aplicaci\u00f3 dels <strong>criteris de prioritat<\/strong>.<\/p>\n<p>Cada centre educatiu informa del seu projecte educatiu, dels ensenyaments que imparteix, de les places de qu\u00e8 disposa, de l&#8217;adscripci\u00f3 a altres centres i si t\u00e9 mitjans espec\u00edfics d&#8217;adaptaci\u00f3 a determinades discapacitats dels alumnes. Normalment els centres organitzen jornades de portes obertes abans del per\u00edode de preinscripci\u00f3.<\/p>\n<p>Cada any el Departament publica la resoluci\u00f3 que regula el proc\u00e9s de preinscripci\u00f3, on s&#8217;estableixen les dates i els terminis que s\u00f3n espec\u00edfics per a cada ensenyament.<\/p>\n<\/div>\n<\/div>\n<div class=\"FW_clear FW_hrBlanc\"><\/div>\n<p>&nbsp;<\/p>\n<div class=\"FW_sTitolFons\"><\/div>\n<div class=\"FW_sPregunta FW_sImpacte\">\n<h4 id=\"FW_bloc_19e5247b-dd6d-11e6-80df-005056924a59_1\" class=\"FW_ancora\">Dates de la preinscripci\u00f3 del curs 2017-2018<\/h4>\n<div class=\"FW_sArticleFoto\">\n<div class=\"FW_sEditPro\">\n<p>La resoluci\u00f3 per a la preinscripci\u00f3 del curs 2017-2018\u00a0es troba\u00a0en tr\u00e0mit de publicaci\u00f3 al DOGC.<\/p>\n<p>Els <strong>terminis<\/strong> de presentaci\u00f3 de sol\u00b7licituds previstos s\u00f3n els seg\u00fcents:<\/p>\n<p>&#8211; Del\u00a023\u00a0de mar\u00e7 al 4\u00a0d&#8217;abril\u00a0per al segon cicle d&#8217;educaci\u00f3 infantil, educaci\u00f3 prim\u00e0ria, centres integrats i educaci\u00f3 secund\u00e0ria obligat\u00f2ria.<\/p>\n<p>&#8211; Del 23\u00a0de mar\u00e7 al 7\u00a0d&#8217;abril\u00a0per als ensenyaments professionals de m\u00fasica i dansa.<\/p>\n<p>&#8211; Del 2\u00a0al 12 de maig\u00a0per a les llars d&#8217;infants. Els ajuntaments que tenen delegades les compet\u00e8ncies en relaci\u00f3 a les llars d&#8217;infants poden establir un calendari propi i, per tant, en aquests casos, caldr\u00e0 consultar-ho directament.<\/p>\n<p>&#8211; Del\u00a016 al 24 de maig\u00a0per al batxillerat, els cicles de grau mitj\u00e0 de formaci\u00f3 professional i d&#8217;arts pl\u00e0stiques i disseny.<\/p>\n<p>&#8211; Del 15 al 26\u00a0de maig\u00a0per als programes de formaci\u00f3 i inserci\u00f3.<\/p>\n<p>&#8211; Del 25\u00a0al 31 de maig per als cicles de grau superior de formaci\u00f3 professional i d&#8217;arts pl\u00e0stiques i disseny.<\/p>\n<p>&#8211; Del 16\u00a0al 29\u00a0de maig per\u00a0als ensenyaments esportius (primer per\u00edode).<\/p>\n<p>&#8211; Del 19\u00a0al 27 de juny\u00a0per als ensenyaments d&#8217;educaci\u00f3 d&#8217;adults.<\/p>\n<p>&#8211; Del 3\u00a0al 7\u00a0de juliol\u00a0per al curs de formaci\u00f3 espec\u00edfic per a l&#8217;acc\u00e9s a cicles de grau mitj\u00e0, excepte els que s&#8217;imparteixen en\u00a0centres de formaci\u00f3 d&#8217;adults qeu segueixen el seu calendari.<\/p>\n<p>&#8211; Del 3 al 7 de juliol per al curs de preparaci\u00f3 per a la incorporaci\u00f3 als cicles de grau superior.<\/p>\n<p>&#8211; De l&#8217;1 al 5 de setembre\u00a0per als cursos extensius i per al primer per\u00edode de cursos intensius i flexibilitzats de les escoles oficials d&#8217;idiomes.<\/p>\n<p>&#8211; Del 15 de maig al 5 de juny per als cicles formatius d\u2019animaci\u00f3 en circ i de t\u00e8cniques d\u2019actuaci\u00f3 teatral.<\/p>\n<p>&#8211; Ensenyaments art\u00edstics superiors: els centres han de publicar els terminis no m\u00e9s tard del 2 de maig.<\/p>\n<\/div>\n<\/div>\n<div class=\"FW_clear FW_hrBlanc\"><\/div>\n<\/div>\n<div class=\"FW_sTitolFons\"><\/div>\n<div class=\"FW_sPregunta FW_sImpacte\">\n<h4 id=\"FW_bloc_19e5247b-dd6d-11e6-80df-005056924a59_2\" class=\"FW_ancora\">Criteris de prioritat per a l&#8217;ordenaci\u00f3 de les sol\u00b7licituds<\/h4>\n<div class=\"FW_sArticleFoto\">\n<div class=\"FW_sEditPro\">\n<p><strong>Per al 2n cicle d&#8217;educaci\u00f3 infantil, l&#8217;educaci\u00f3 prim\u00e0ria, l&#8217;ESO i batxillerat<\/strong>, s&#8217;apliquen els seg\u00fcents:<\/p>\n<ol>\n<li>Criteris generals\n<ul>\n<li>Si hi ha germans matriculats al centre o el pare, mare, tutor legal hi treballa: <strong>40 punts<\/strong>.<\/li>\n<li>Per proximitat del domicili o del lloc de treball al centre sol\u00b7licitat en primer lloc (nom\u00e9s una opci\u00f3):\n<ul>\n<li>Domicili a l&#8217;\u00e0rea de proximitat del centre: <strong>30 punts<\/strong>.<\/li>\n<li>Lloc de treball a l&#8217;\u00e0rea de proximitat del centre: <strong>20 punts<\/strong>.<\/li>\n<li>Domicili al mateix municipi del centre: <strong>10 punts<\/strong>.<\/li>\n<li>A la ciutat de Barcelona, domicili al mateix districte del centre: <strong>15 punts<\/strong>.<\/li>\n<\/ul>\n<\/li>\n<li>Si el pare, mare o tutor legal reben l&#8217;ajut de la renda m\u00ednima d&#8217;inserci\u00f3: <strong>10 punts<\/strong>.<\/li>\n<li>Per discapacitat igual o superior al 33% de l&#8217;alumne o d&#8217;un familiar de primer grau: <strong>10 punts<\/strong>.<\/li>\n<li>En el batxillerat tamb\u00e9 es t\u00e9 en compte la nota mitjana.<\/li>\n<\/ul>\n<\/li>\n<li>Criteris complementaris\n<ul>\n<li>Pel fet de formar part d&#8217;una fam\u00edlia nombrosa o monoparental: <strong>15 punts<\/strong>.<\/li>\n<li>Si l&#8217;alumne t\u00e9 una malaltia cr\u00f2nica que afecti el sistema digestiu, endocr\u00ed o metab\u00f2lic (s&#8217;hi inclouen les persones cel\u00edaques): <strong>10 punts<\/strong>.<\/li>\n<li>Si el pare, mare, tutor legal o germ\u00e0 de l&#8217;alumne ha estat escolaritzat en ensenyaments declarats actualment gratu\u00efts i universals (segon cicle d&#8217;educaci\u00f3 infantil, educaci\u00f3 prim\u00e0ria, educaci\u00f3 secund\u00e0ria obligat\u00f2ria, PQPI i formaci\u00f3 professional de grau mitj\u00e0) al centre sol\u00b7licitat en primer lloc: <strong>5 punts<\/strong>.<\/li>\n<\/ul>\n<\/li>\n<li>Criteris espec\u00edfics de prioritat<br \/>\nTenen prefer\u00e8ncia els alumnes que procedeixen de centres i ensenyaments adscrits.<br \/>\nEn l&#8217;ESO i el batxillerat, en els centres que es faran p\u00fablics en aquesta p\u00e0gina, tenen prefer\u00e8ncia els alumnes que cursin simult\u00e0niament ensenyaments de r\u00e8gim general i ensenyaments professionals de m\u00fasica o dansa, o segueixin programes esportius d&#8217;alt rendiment.<\/li>\n<\/ol>\n<p><strong>Per a m\u00e9s informaci\u00f3 clica<a href=\"http:\/\/queestudiar.gencat.cat\/ca\/preinscripcio\/info-general\/\"> aqu\u00ed<\/a><\/strong><\/p>\n<\/div>\n<\/div>\n<\/div>\n<\/div>\n<\/div>\n<\/div>\n","protected":false},"excerpt":{"rendered":"<p>Aqu\u00ed trobar\u00e0s tota la informaci\u00f3 que necessites sobre la preinscripci\u00f3 per al curs vinent. Sigues Balti!<\/p>\n","protected":false},"author":1,"featured_media":809,"comment_status":"open","ping_status":"open","sticky":false,"template":"","format":"standard","meta":{"_bbp_topic_count":0,"_bbp_reply_count":0,"_bbp_total_topic_count":0,"_bbp_total_reply_count":0,"_bbp_voice_count":0,"_bbp_anonymous_reply_count":0,"_bbp_topic_count_hidden":0,"_bbp_reply_count_hidden":0,"_bbp_forum_subforum_count":0,"site-sidebar-layout":"default","site-content-layout":"","ast-site-content-layout":"","site-content-style":"default","site-sidebar-style":"default","ast-global-header-display":"","ast-banner-title-visibility":"","ast-main-header-display":"","ast-hfb-above-header-display":"","ast-hfb-below-header-display":"","ast-hfb-mobile-header-display":"","site-post-title":"","ast-breadcrumbs-content":"","ast-featured-img":"","footer-sml-layout":"","theme-transparent-header-meta":"","adv-header-id-meta":"","stick-header-meta":"","header-above-stick-meta":"","header-main-stick-meta":"","header-below-stick-meta":"","astra-migrate-meta-layouts":"default","ast-page-background-enabled":"default","ast-page-background-meta":{"desktop":{"background-color":"var(--ast-global-color-4)","background-image":"","background-repeat":"repeat","background-position":"center center","background-size":"auto","background-attachment":"scroll","background-type":"","background-media":"","overlay-type":"","overlay-color":"","overlay-opacity":"","overlay-gradient":""},"tablet":{"background-color":"","background-image":"","background-repeat":"repeat","background-position":"center center","background-size":"auto","background-attachment":"scroll","background-type":"","background-media":"","overlay-type":"","overlay-color":"","overlay-opacity":"","overlay-gradient":""},"mobile":{"background-color":"","background-image":"","background-repeat":"repeat","background-position":"center center","background-size":"auto","background-attachment":"scroll","background-type":"","background-media":"","overlay-type":"","overlay-color":"","overlay-opacity":"","overlay-gradient":""}},"ast-content-background-meta":{"desktop":{"background-color":"var(--ast-global-color-5)","background-image":"","background-repeat":"repeat","background-position":"center center","background-size":"auto","background-attachment":"scroll","background-type":"","background-media":"","overlay-type":"","overlay-color":"","overlay-opacity":"","overlay-gradient":""},"tablet":{"background-color":"var(--ast-global-color-5)","background-image":"","background-repeat":"repeat","background-position":"center center","background-size":"auto","background-attachment":"scroll","background-type":"","background-media":"","overlay-type":"","overlay-color":"","overlay-opacity":"","overlay-gradient":""},"mobile":{"background-color":"var(--ast-global-color-5)","background-image":"","background-repeat":"repeat","background-position":"center center","background-size":"auto","background-attachment":"scroll","background-type":"","background-media":"","overlay-type":"","overlay-color":"","overlay-opacity":"","overlay-gradient":""}},"footnotes":""},"categories":[2,4,5],"tags":[],"class_list":["post-807","post","type-post","status-publish","format-standard","has-post-thumbnail","hentry","category-infantil","category-portada","category-primaria"],"post_mailing_queue_ids":[],"_links":{"self":[{"href":"https:\/\/agora.xtec.cat\/ceipbaltasar\/wp-json\/wp\/v2\/posts\/807","targetHints":{"allow":["GET"]}}],"collection":[{"href":"https:\/\/agora.xtec.cat\/ceipbaltasar\/wp-json\/wp\/v2\/posts"}],"about":[{"href":"https:\/\/agora.xtec.cat\/ceipbaltasar\/wp-json\/wp\/v2\/types\/post"}],"author":[{"embeddable":true,"href":"https:\/\/agora.xtec.cat\/ceipbaltasar\/wp-json\/wp\/v2\/users\/1"}],"replies":[{"embeddable":true,"href":"https:\/\/agora.xtec.cat\/ceipbaltasar\/wp-json\/wp\/v2\/comments?post=807"}],"version-history":[{"count":3,"href":"https:\/\/agora.xtec.cat\/ceipbaltasar\/wp-json\/wp\/v2\/posts\/807\/revisions"}],"predecessor-version":[{"id":835,"href":"https:\/\/agora.xtec.cat\/ceipbaltasar\/wp-json\/wp\/v2\/posts\/807\/revisions\/835"}],"wp:featuredmedia":[{"embeddable":true,"href":"https:\/\/agora.xtec.cat\/ceipbaltasar\/wp-json\/wp\/v2\/media\/809"}],"wp:attachment":[{"href":"https:\/\/agora.xtec.cat\/ceipbaltasar\/wp-json\/wp\/v2\/media?parent=807"}],"wp:term":[{"taxonomy":"category","embeddable":true,"href":"https:\/\/agora.xtec.cat\/ceipbaltasar\/wp-json\/wp\/v2\/categories?post=807"},{"taxonomy":"post_tag","embeddable":true,"href":"https:\/\/agora.xtec.cat\/ceipbaltasar\/wp-json\/wp\/v2\/tags?post=807"}],"curies":[{"name":"wp","href":"https:\/\/api.w.org\/{rel}","templated":true}]}}