{"id":7808,"date":"2022-02-09T18:28:45","date_gmt":"2022-02-09T17:28:45","guid":{"rendered":"https:\/\/agora.xtec.cat\/ceipbaltasar\/?p=7808"},"modified":"2022-02-09T18:28:45","modified_gmt":"2022-02-09T17:28:45","slug":"enregistrem-una-canco","status":"publish","type":"post","link":"https:\/\/agora.xtec.cat\/ceipbaltasar\/general\/enregistrem-una-canco\/","title":{"rendered":"ENREGISTREM UNA CAN\u00c7\u00d3"},"content":{"rendered":"<p class=\"western\" align=\"left\"><span style=\"font-family: Arial, serif\">El passat dimarts,els Baltis de 5\u00e8 i 6\u00e8, van viure l\u2019experi\u00e8ncia de fer un enregistrament de la can\u00e7\u00f3 <\/span><span style=\"font-family: Arial, serif\"><i>Torna a ser Nadal <\/i><\/span><span style=\"font-family: Arial, serif\">de Dani Coma, del grup musical Maced\u00f2nia. Ja fa temps, que cada dos anys, els Baltis de cicle superior anem al Camp d\u2019Aprenentatge Pau Casals del Vendrell i enregistren una can\u00e7\u00f3 a l\u2019estudi de gravaci\u00f3 que tenen. Aquest curs, degut a la situaci\u00f3 sanit\u00e0ria que ens trobem, el camp d\u2019aprenentatge, es va despla\u00e7ar fins a la nostra escola amb un estudi de gravaci\u00f3 m\u00f2bil, aix\u00ed van poder enregistrar i viure aquesta experi\u00e8ncia com els m\u00fasics professionals. Aquesta can\u00e7\u00f3, es podr\u00e0 escoltar a la p\u00e0gina web del camp d\u2019aprenentatge o a la web de l\u2019escola.<\/span><\/p>\n<p align=\"left\"><a href=\"https:\/\/drive.google.com\/drive\/folders\/1wS0NRLCBLkbezXNHEU-1kiIH8yScbho3?usp=sharing\" target=\"_blank\" rel=\"noopener\"><img loading=\"lazy\" decoding=\"async\" class=\"aligncenter size-medium wp-image-7809\" src=\"https:\/\/agora.xtec.cat\/ceipbaltasar\/wp-content\/uploads\/usu989\/2022\/02\/Captura-de-pantalla-2022-02-09-181914-300x222.jpg\" alt=\"\" width=\"300\" height=\"222\" srcset=\"https:\/\/agora.xtec.cat\/ceipbaltasar\/wp-content\/uploads\/usu989\/2022\/02\/Captura-de-pantalla-2022-02-09-181914-300x222.jpg 300w, https:\/\/agora.xtec.cat\/ceipbaltasar\/wp-content\/uploads\/usu989\/2022\/02\/Captura-de-pantalla-2022-02-09-181914-768x569.jpg 768w, https:\/\/agora.xtec.cat\/ceipbaltasar\/wp-content\/uploads\/usu989\/2022\/02\/Captura-de-pantalla-2022-02-09-181914.jpg 916w\" sizes=\"auto, (max-width: 300px) 100vw, 300px\" \/><\/a><\/p>\n","protected":false},"excerpt":{"rendered":"<p>El passat dimarts,els Baltis de 5\u00e8 i 6\u00e8, van viure l\u2019experi\u00e8ncia de fer un enregistrament de la can\u00e7\u00f3 Torna a ser Nadal de Dani Coma, del grup musical Maced\u00f2nia. Ja fa temps, que cada dos anys, els Baltis de cicle superior anem al Camp d\u2019Aprenentatge Pau Casals del Vendrell i enregistren una can\u00e7\u00f3 a l\u2019estudi [&hellip;]<\/p>\n","protected":false},"author":12,"featured_media":7809,"comment_status":"open","ping_status":"closed","sticky":false,"template":"","format":"standard","meta":{"_bbp_topic_count":0,"_bbp_reply_count":0,"_bbp_total_topic_count":0,"_bbp_total_reply_count":0,"_bbp_voice_count":0,"_bbp_anonymous_reply_count":0,"_bbp_topic_count_hidden":0,"_bbp_reply_count_hidden":0,"_bbp_forum_subforum_count":0,"site-sidebar-layout":"default","site-content-layout":"","ast-site-content-layout":"","site-content-style":"default","site-sidebar-style":"default","ast-global-header-display":"","ast-banner-title-visibility":"","ast-main-header-display":"","ast-hfb-above-header-display":"","ast-hfb-below-header-display":"","ast-hfb-mobile-header-display":"","site-post-title":"","ast-breadcrumbs-content":"","ast-featured-img":"","footer-sml-layout":"","theme-transparent-header-meta":"","adv-header-id-meta":"","stick-header-meta":"","header-above-stick-meta":"","header-main-stick-meta":"","header-below-stick-meta":"","astra-migrate-meta-layouts":"default","ast-page-background-enabled":"default","ast-page-background-meta":{"desktop":{"background-color":"var(--ast-global-color-4)","background-image":"","background-repeat":"repeat","background-position":"center center","background-size":"auto","background-attachment":"scroll","background-type":"","background-media":"","overlay-type":"","overlay-color":"","overlay-opacity":"","overlay-gradient":""},"tablet":{"background-color":"","background-image":"","background-repeat":"repeat","background-position":"center center","background-size":"auto","background-attachment":"scroll","background-type":"","background-media":"","overlay-type":"","overlay-color":"","overlay-opacity":"","overlay-gradient":""},"mobile":{"background-color":"","background-image":"","background-repeat":"repeat","background-position":"center center","background-size":"auto","background-attachment":"scroll","background-type":"","background-media":"","overlay-type":"","overlay-color":"","overlay-opacity":"","overlay-gradient":""}},"ast-content-background-meta":{"desktop":{"background-color":"var(--ast-global-color-5)","background-image":"","background-repeat":"repeat","background-position":"center center","background-size":"auto","background-attachment":"scroll","background-type":"","background-media":"","overlay-type":"","overlay-color":"","overlay-opacity":"","overlay-gradient":""},"tablet":{"background-color":"var(--ast-global-color-5)","background-image":"","background-repeat":"repeat","background-position":"center center","background-size":"auto","background-attachment":"scroll","background-type":"","background-media":"","overlay-type":"","overlay-color":"","overlay-opacity":"","overlay-gradient":""},"mobile":{"background-color":"var(--ast-global-color-5)","background-image":"","background-repeat":"repeat","background-position":"center center","background-size":"auto","background-attachment":"scroll","background-type":"","background-media":"","overlay-type":"","overlay-color":"","overlay-opacity":"","overlay-gradient":""}},"footnotes":""},"categories":[14,15,127,1,78,4],"tags":[],"class_list":["post-7808","post","type-post","status-publish","format-standard","has-post-thumbnail","hentry","category-5e","category-6e","category-especialitats","category-general","category-musica","category-portada"],"post_mailing_queue_ids":[],"_links":{"self":[{"href":"https:\/\/agora.xtec.cat\/ceipbaltasar\/wp-json\/wp\/v2\/posts\/7808","targetHints":{"allow":["GET"]}}],"collection":[{"href":"https:\/\/agora.xtec.cat\/ceipbaltasar\/wp-json\/wp\/v2\/posts"}],"about":[{"href":"https:\/\/agora.xtec.cat\/ceipbaltasar\/wp-json\/wp\/v2\/types\/post"}],"author":[{"embeddable":true,"href":"https:\/\/agora.xtec.cat\/ceipbaltasar\/wp-json\/wp\/v2\/users\/12"}],"replies":[{"embeddable":true,"href":"https:\/\/agora.xtec.cat\/ceipbaltasar\/wp-json\/wp\/v2\/comments?post=7808"}],"version-history":[{"count":1,"href":"https:\/\/agora.xtec.cat\/ceipbaltasar\/wp-json\/wp\/v2\/posts\/7808\/revisions"}],"predecessor-version":[{"id":7810,"href":"https:\/\/agora.xtec.cat\/ceipbaltasar\/wp-json\/wp\/v2\/posts\/7808\/revisions\/7810"}],"wp:featuredmedia":[{"embeddable":true,"href":"https:\/\/agora.xtec.cat\/ceipbaltasar\/wp-json\/wp\/v2\/media\/7809"}],"wp:attachment":[{"href":"https:\/\/agora.xtec.cat\/ceipbaltasar\/wp-json\/wp\/v2\/media?parent=7808"}],"wp:term":[{"taxonomy":"category","embeddable":true,"href":"https:\/\/agora.xtec.cat\/ceipbaltasar\/wp-json\/wp\/v2\/categories?post=7808"},{"taxonomy":"post_tag","embeddable":true,"href":"https:\/\/agora.xtec.cat\/ceipbaltasar\/wp-json\/wp\/v2\/tags?post=7808"}],"curies":[{"name":"wp","href":"https:\/\/api.w.org\/{rel}","templated":true}]}}