{"id":7779,"date":"2022-01-29T12:42:04","date_gmt":"2022-01-29T11:42:04","guid":{"rendered":"https:\/\/agora.xtec.cat\/ceipbaltasar\/?p=7779"},"modified":"2022-01-30T16:13:33","modified_gmt":"2022-01-30T15:13:33","slug":"el-nostre-nan-ja-balla","status":"publish","type":"post","link":"https:\/\/agora.xtec.cat\/ceipbaltasar\/portada\/el-nostre-nan-ja-balla\/","title":{"rendered":"El nostre Nan ja balla!"},"content":{"rendered":"<p>Els baltis de 6\u00e8 per fi hem pogut ballar amb el nan que l&#8217;escola va modelar per participar a les festes decennals juntament amb els nans de la resta de les escoles de la nostra ciutat i que formaran part del nou grup de nans que es mostraran dins la mostra d&#8217;imatge d&#8217;aquesta celebraci\u00f3.<\/p>\n<p>El vallenc al que homenatja el nostre nan \u00e9s en Josep Gelamb\u00ed Sans, m\u00fasic vallenc, fam\u00f3s sobretot per ser el compositor de la gran majoria de les tonades de la tradicional representaci\u00f3 dels Pastorets de Valls que actualment escenifica el Grup del Teatre Principal.<\/p>\n<p><span style=\"font-family: inherit; font-size: 1em;\">A continuaci\u00f3 us ensenyem unes quantes fotografies amb el nostre nan, ballant, emprovant la roba&#8230; Ha quedat xul\u00edssim!<\/span><\/p>\n<figure id=\"attachment_7781\" aria-describedby=\"caption-attachment-7781\" style=\"width: 1024px\" class=\"wp-caption alignnone\"><a href=\"https:\/\/drive.google.com\/drive\/folders\/10O8XJ_UO4VKniUjM84Athe1Ra0Dfm4WG?usp=sharing\" target=\"_blank\" rel=\"noopener\"><img loading=\"lazy\" decoding=\"async\" class=\"wp-image-7781 size-full\" src=\"https:\/\/agora.xtec.cat\/ceipbaltasar\/wp-content\/uploads\/usu989\/2022\/01\/WhatsApp-Image-2022-01-19-at-15.54.21.jpeg\" alt=\"\" width=\"1024\" height=\"768\" srcset=\"https:\/\/agora.xtec.cat\/ceipbaltasar\/wp-content\/uploads\/usu989\/2022\/01\/WhatsApp-Image-2022-01-19-at-15.54.21.jpeg 1024w, https:\/\/agora.xtec.cat\/ceipbaltasar\/wp-content\/uploads\/usu989\/2022\/01\/WhatsApp-Image-2022-01-19-at-15.54.21-300x225.jpeg 300w, https:\/\/agora.xtec.cat\/ceipbaltasar\/wp-content\/uploads\/usu989\/2022\/01\/WhatsApp-Image-2022-01-19-at-15.54.21-768x576.jpeg 768w, https:\/\/agora.xtec.cat\/ceipbaltasar\/wp-content\/uploads\/usu989\/2022\/01\/WhatsApp-Image-2022-01-19-at-15.54.21-200x150.jpeg 200w\" sizes=\"auto, (max-width: 1024px) 100vw, 1024px\" \/><\/a><figcaption id=\"caption-attachment-7781\" class=\"wp-caption-text\">Cliqueu a la imatge per accedir a tot l&#8217;\u00e0lbum<\/figcaption><\/figure>\n<p>&nbsp;<\/p>\n<p>&nbsp;<\/p>\n","protected":false},"excerpt":{"rendered":"<p>Els baltis de 6\u00e8 per fi hem pogut ballar amb el nan que l&#8217;escola va modelar per participar a les festes decennals juntament amb els nans de la resta de les escoles de la nostra ciutat i que formaran part del nou grup de nans que es mostraran dins la mostra d&#8217;imatge d&#8217;aquesta celebraci\u00f3. El [&hellip;]<\/p>\n","protected":false},"author":1,"featured_media":7780,"comment_status":"open","ping_status":"closed","sticky":false,"template":"","format":"standard","meta":{"_bbp_topic_count":0,"_bbp_reply_count":0,"_bbp_total_topic_count":0,"_bbp_total_reply_count":0,"_bbp_voice_count":0,"_bbp_anonymous_reply_count":0,"_bbp_topic_count_hidden":0,"_bbp_reply_count_hidden":0,"_bbp_forum_subforum_count":0,"site-sidebar-layout":"default","site-content-layout":"","ast-site-content-layout":"","site-content-style":"default","site-sidebar-style":"default","ast-global-header-display":"","ast-banner-title-visibility":"","ast-main-header-display":"","ast-hfb-above-header-display":"","ast-hfb-below-header-display":"","ast-hfb-mobile-header-display":"","site-post-title":"","ast-breadcrumbs-content":"","ast-featured-img":"","footer-sml-layout":"","theme-transparent-header-meta":"","adv-header-id-meta":"","stick-header-meta":"","header-above-stick-meta":"","header-main-stick-meta":"","header-below-stick-meta":"","astra-migrate-meta-layouts":"default","ast-page-background-enabled":"default","ast-page-background-meta":{"desktop":{"background-color":"var(--ast-global-color-4)","background-image":"","background-repeat":"repeat","background-position":"center center","background-size":"auto","background-attachment":"scroll","background-type":"","background-media":"","overlay-type":"","overlay-color":"","overlay-opacity":"","overlay-gradient":""},"tablet":{"background-color":"","background-image":"","background-repeat":"repeat","background-position":"center center","background-size":"auto","background-attachment":"scroll","background-type":"","background-media":"","overlay-type":"","overlay-color":"","overlay-opacity":"","overlay-gradient":""},"mobile":{"background-color":"","background-image":"","background-repeat":"repeat","background-position":"center center","background-size":"auto","background-attachment":"scroll","background-type":"","background-media":"","overlay-type":"","overlay-color":"","overlay-opacity":"","overlay-gradient":""}},"ast-content-background-meta":{"desktop":{"background-color":"var(--ast-global-color-5)","background-image":"","background-repeat":"repeat","background-position":"center center","background-size":"auto","background-attachment":"scroll","background-type":"","background-media":"","overlay-type":"","overlay-color":"","overlay-opacity":"","overlay-gradient":""},"tablet":{"background-color":"var(--ast-global-color-5)","background-image":"","background-repeat":"repeat","background-position":"center center","background-size":"auto","background-attachment":"scroll","background-type":"","background-media":"","overlay-type":"","overlay-color":"","overlay-opacity":"","overlay-gradient":""},"mobile":{"background-color":"var(--ast-global-color-5)","background-image":"","background-repeat":"repeat","background-position":"center center","background-size":"auto","background-attachment":"scroll","background-type":"","background-media":"","overlay-type":"","overlay-color":"","overlay-opacity":"","overlay-gradient":""}},"footnotes":""},"categories":[15,4],"tags":[],"class_list":["post-7779","post","type-post","status-publish","format-standard","has-post-thumbnail","hentry","category-6e","category-portada"],"post_mailing_queue_ids":[],"_links":{"self":[{"href":"https:\/\/agora.xtec.cat\/ceipbaltasar\/wp-json\/wp\/v2\/posts\/7779","targetHints":{"allow":["GET"]}}],"collection":[{"href":"https:\/\/agora.xtec.cat\/ceipbaltasar\/wp-json\/wp\/v2\/posts"}],"about":[{"href":"https:\/\/agora.xtec.cat\/ceipbaltasar\/wp-json\/wp\/v2\/types\/post"}],"author":[{"embeddable":true,"href":"https:\/\/agora.xtec.cat\/ceipbaltasar\/wp-json\/wp\/v2\/users\/1"}],"replies":[{"embeddable":true,"href":"https:\/\/agora.xtec.cat\/ceipbaltasar\/wp-json\/wp\/v2\/comments?post=7779"}],"version-history":[{"count":1,"href":"https:\/\/agora.xtec.cat\/ceipbaltasar\/wp-json\/wp\/v2\/posts\/7779\/revisions"}],"predecessor-version":[{"id":7782,"href":"https:\/\/agora.xtec.cat\/ceipbaltasar\/wp-json\/wp\/v2\/posts\/7779\/revisions\/7782"}],"wp:featuredmedia":[{"embeddable":true,"href":"https:\/\/agora.xtec.cat\/ceipbaltasar\/wp-json\/wp\/v2\/media\/7780"}],"wp:attachment":[{"href":"https:\/\/agora.xtec.cat\/ceipbaltasar\/wp-json\/wp\/v2\/media?parent=7779"}],"wp:term":[{"taxonomy":"category","embeddable":true,"href":"https:\/\/agora.xtec.cat\/ceipbaltasar\/wp-json\/wp\/v2\/categories?post=7779"},{"taxonomy":"post_tag","embeddable":true,"href":"https:\/\/agora.xtec.cat\/ceipbaltasar\/wp-json\/wp\/v2\/tags?post=7779"}],"curies":[{"name":"wp","href":"https:\/\/api.w.org\/{rel}","templated":true}]}}