{"id":6698,"date":"2021-01-16T13:15:50","date_gmt":"2021-01-16T12:15:50","guid":{"rendered":"http:\/\/agora.xtec.cat\/ceipbaltasar\/?p=6698"},"modified":"2021-01-17T18:05:30","modified_gmt":"2021-01-17T17:05:30","slug":"cuentos-para-nuestrs-companers-4o","status":"publish","type":"post","link":"https:\/\/agora.xtec.cat\/ceipbaltasar\/portada\/cuentos-para-nuestrs-companers-4o\/","title":{"rendered":"Cuentos para nuestr@s compa\u00f1er@s. 4\u00ba."},"content":{"rendered":"<p>L@s alumn@s\u00a0 de 4\u00ba han preparado unos cuentos<span style=\"font-family: inherit; font-size: 1em;\"> para sus comp\u00f1er@s m\u00e1s peque\u00f1@s, ya que actualmente no pueden hacerlo en directo.<\/span><\/p>\n<p>Han treballat la mem\u00f2ria, la dicci\u00f3, l&#8217;entonaci\u00f3 i el l\u00e8xic. Ho han fet amb molta il\u00b7lusi\u00f3!<\/p>\n<p>Aqu\u00ed us deixem els enlla\u00e7os dels contes:<\/p>\n<table class=\" alignleft\" style=\"width: 706px; height: 427px;\">\n<tbody>\n<tr style=\"height: 185px;\">\n<td style=\"width: 234px; text-align: center; height: 185px;\"><a href=\"https:\/\/youtu.be\/2Obt3nmGJ0Y\" target=\"_blank\" rel=\"noopener noreferrer\"><img loading=\"lazy\" decoding=\"async\" class=\"aligncenter size-medium wp-image-6701\" src=\"https:\/\/agora.xtec.cat\/ceipbaltasar\/wp-content\/uploads\/usu989\/2021\/01\/1y-300x253.jpg\" alt=\"\" width=\"300\" height=\"253\" srcset=\"https:\/\/agora.xtec.cat\/ceipbaltasar\/wp-content\/uploads\/usu989\/2021\/01\/1y-300x253.jpg 300w, https:\/\/agora.xtec.cat\/ceipbaltasar\/wp-content\/uploads\/usu989\/2021\/01\/1y-768x647.jpg 768w, https:\/\/agora.xtec.cat\/ceipbaltasar\/wp-content\/uploads\/usu989\/2021\/01\/1y-1024x863.jpg 1024w\" sizes=\"auto, (max-width: 300px) 100vw, 300px\" \/><\/a><\/p>\n<p>Arena en los zapatos.<\/td>\n<td style=\"width: 256px; height: 185px;\"><a href=\"https:\/\/youtu.be\/Wyaiyd5oh9A\" target=\"_blank\" rel=\"noopener noreferrer\"><img loading=\"lazy\" decoding=\"async\" class=\"size-medium wp-image-6704 alignnone\" src=\"https:\/\/agora.xtec.cat\/ceipbaltasar\/wp-content\/uploads\/usu989\/2021\/01\/2-c\u00f2pia-5-280x300.jpg\" alt=\"\" width=\"280\" height=\"300\" srcset=\"https:\/\/agora.xtec.cat\/ceipbaltasar\/wp-content\/uploads\/usu989\/2021\/01\/2-c\u00f2pia-5-280x300.jpg 280w, https:\/\/agora.xtec.cat\/ceipbaltasar\/wp-content\/uploads\/usu989\/2021\/01\/2-c\u00f2pia-5-768x821.jpg 768w, https:\/\/agora.xtec.cat\/ceipbaltasar\/wp-content\/uploads\/usu989\/2021\/01\/2-c\u00f2pia-5-957x1024.jpg 957w, https:\/\/agora.xtec.cat\/ceipbaltasar\/wp-content\/uploads\/usu989\/2021\/01\/2-c\u00f2pia-5.jpg 1968w\" sizes=\"auto, (max-width: 280px) 100vw, 280px\" \/><\/a><\/p>\n<p style=\"text-align: center;\">El loro parlanch\u00edn.<\/p>\n<\/td>\n<td style=\"width: 206.667px; text-align: center; height: 185px;\"><a href=\"https:\/\/youtu.be\/3WsP6IyHJqI\" target=\"_blank\" rel=\"noopener noreferrer\"><img loading=\"lazy\" decoding=\"async\" class=\"aligncenter size-medium wp-image-6703\" src=\"https:\/\/agora.xtec.cat\/ceipbaltasar\/wp-content\/uploads\/usu989\/2021\/01\/10y-300x292.jpg\" alt=\"\" width=\"300\" height=\"292\" srcset=\"https:\/\/agora.xtec.cat\/ceipbaltasar\/wp-content\/uploads\/usu989\/2021\/01\/10y-300x292.jpg 300w, https:\/\/agora.xtec.cat\/ceipbaltasar\/wp-content\/uploads\/usu989\/2021\/01\/10y-768x748.jpg 768w, https:\/\/agora.xtec.cat\/ceipbaltasar\/wp-content\/uploads\/usu989\/2021\/01\/10y-1024x998.jpg 1024w, https:\/\/agora.xtec.cat\/ceipbaltasar\/wp-content\/uploads\/usu989\/2021\/01\/10y.jpg 2026w\" sizes=\"auto, (max-width: 300px) 100vw, 300px\" \/><\/a><\/p>\n<p>El mu\u00f1eco de nieve.<\/td>\n<\/tr>\n<tr style=\"height: 242px;\">\n<td style=\"width: 234px; text-align: center; height: 242px;\"><a href=\"https:\/\/youtu.be\/UEcTp26UfVw\" target=\"_blank\" rel=\"noopener noreferrer\"><img loading=\"lazy\" decoding=\"async\" class=\"aligncenter size-medium wp-image-6700\" src=\"https:\/\/agora.xtec.cat\/ceipbaltasar\/wp-content\/uploads\/usu989\/2021\/01\/vaca6y-e1610798018853-225x300.jpg\" alt=\"\" width=\"225\" height=\"300\" srcset=\"https:\/\/agora.xtec.cat\/ceipbaltasar\/wp-content\/uploads\/usu989\/2021\/01\/vaca6y-e1610798018853-225x300.jpg 225w, https:\/\/agora.xtec.cat\/ceipbaltasar\/wp-content\/uploads\/usu989\/2021\/01\/vaca6y-e1610798018853-768x1024.jpg 768w, https:\/\/agora.xtec.cat\/ceipbaltasar\/wp-content\/uploads\/usu989\/2021\/01\/vaca6y-e1610798018853.jpg 1732w\" sizes=\"auto, (max-width: 225px) 100vw, 225px\" \/><\/a>La vaca gordita.<\/td>\n<td style=\"width: 256px; height: 242px;\"><a href=\"https:\/\/youtu.be\/pRe7TSoq5u8\" target=\"_blank\" rel=\"noopener noreferrer\"><img loading=\"lazy\" decoding=\"async\" class=\"aligncenter size-medium wp-image-6702\" src=\"https:\/\/agora.xtec.cat\/ceipbaltasar\/wp-content\/uploads\/usu989\/2021\/01\/3-2y-275x300.jpg\" alt=\"\" width=\"275\" height=\"300\" srcset=\"https:\/\/agora.xtec.cat\/ceipbaltasar\/wp-content\/uploads\/usu989\/2021\/01\/3-2y-275x300.jpg 275w, https:\/\/agora.xtec.cat\/ceipbaltasar\/wp-content\/uploads\/usu989\/2021\/01\/3-2y-768x839.jpg 768w, https:\/\/agora.xtec.cat\/ceipbaltasar\/wp-content\/uploads\/usu989\/2021\/01\/3-2y-937x1024.jpg 937w, https:\/\/agora.xtec.cat\/ceipbaltasar\/wp-content\/uploads\/usu989\/2021\/01\/3-2y.jpg 1913w\" sizes=\"auto, (max-width: 275px) 100vw, 275px\" \/><\/a><\/p>\n<p style=\"text-align: center;\">La tortuga poco a poco.<\/p>\n<p>&nbsp;<\/td>\n<td style=\"width: 206.667px; height: 242px;\"><a href=\"https:\/\/youtu.be\/ughMPMW3czc\" target=\"_blank\" rel=\"noopener noreferrer\"><img loading=\"lazy\" decoding=\"async\" class=\"aligncenter wp-image-6699\" src=\"https:\/\/agora.xtec.cat\/ceipbaltasar\/wp-content\/uploads\/usu989\/2021\/01\/C1y-300x225.jpg\" alt=\"\" width=\"208\" height=\"157\" srcset=\"https:\/\/agora.xtec.cat\/ceipbaltasar\/wp-content\/uploads\/usu989\/2021\/01\/C1y-300x225.jpg 300w, https:\/\/agora.xtec.cat\/ceipbaltasar\/wp-content\/uploads\/usu989\/2021\/01\/C1y-768x576.jpg 768w, https:\/\/agora.xtec.cat\/ceipbaltasar\/wp-content\/uploads\/usu989\/2021\/01\/C1y-1024x768.jpg 1024w, https:\/\/agora.xtec.cat\/ceipbaltasar\/wp-content\/uploads\/usu989\/2021\/01\/C1y-200x150.jpg 200w\" sizes=\"auto, (max-width: 208px) 100vw, 208px\" \/><\/a><\/p>\n<p>\u00a1Caramba con los amigos!<\/td>\n<\/tr>\n<\/tbody>\n<\/table>\n<p>&nbsp;<\/p>\n<p>&nbsp;<\/p>\n<p>&nbsp;<\/p>\n<p>&nbsp;<\/p>\n","protected":false},"excerpt":{"rendered":"<p>L@s alumn@s\u00a0 de 4\u00ba han preparado unos cuentos para sus comp\u00f1er@s m\u00e1s peque\u00f1@s, ya que actualmente no pueden hacerlo en directo. Han treballat la mem\u00f2ria, la dicci\u00f3, l&#8217;entonaci\u00f3 i el l\u00e8xic. Ho han fet amb molta il\u00b7lusi\u00f3! Aqu\u00ed us deixem els enlla\u00e7os dels contes: Arena en los zapatos. El loro parlanch\u00edn. El mu\u00f1eco de nieve. [&hellip;]<\/p>\n","protected":false},"author":18,"featured_media":6706,"comment_status":"open","ping_status":"closed","sticky":false,"template":"","format":"standard","meta":{"_bbp_topic_count":0,"_bbp_reply_count":0,"_bbp_total_topic_count":0,"_bbp_total_reply_count":0,"_bbp_voice_count":0,"_bbp_anonymous_reply_count":0,"_bbp_topic_count_hidden":0,"_bbp_reply_count_hidden":0,"_bbp_forum_subforum_count":0,"site-sidebar-layout":"default","site-content-layout":"","ast-site-content-layout":"","site-content-style":"default","site-sidebar-style":"default","ast-global-header-display":"","ast-banner-title-visibility":"","ast-main-header-display":"","ast-hfb-above-header-display":"","ast-hfb-below-header-display":"","ast-hfb-mobile-header-display":"","site-post-title":"","ast-breadcrumbs-content":"","ast-featured-img":"","footer-sml-layout":"","theme-transparent-header-meta":"","adv-header-id-meta":"","stick-header-meta":"","header-above-stick-meta":"","header-main-stick-meta":"","header-below-stick-meta":"","astra-migrate-meta-layouts":"default","ast-page-background-enabled":"default","ast-page-background-meta":{"desktop":{"background-color":"var(--ast-global-color-4)","background-image":"","background-repeat":"repeat","background-position":"center center","background-size":"auto","background-attachment":"scroll","background-type":"","background-media":"","overlay-type":"","overlay-color":"","overlay-opacity":"","overlay-gradient":""},"tablet":{"background-color":"","background-image":"","background-repeat":"repeat","background-position":"center center","background-size":"auto","background-attachment":"scroll","background-type":"","background-media":"","overlay-type":"","overlay-color":"","overlay-opacity":"","overlay-gradient":""},"mobile":{"background-color":"","background-image":"","background-repeat":"repeat","background-position":"center center","background-size":"auto","background-attachment":"scroll","background-type":"","background-media":"","overlay-type":"","overlay-color":"","overlay-opacity":"","overlay-gradient":""}},"ast-content-background-meta":{"desktop":{"background-color":"var(--ast-global-color-5)","background-image":"","background-repeat":"repeat","background-position":"center center","background-size":"auto","background-attachment":"scroll","background-type":"","background-media":"","overlay-type":"","overlay-color":"","overlay-opacity":"","overlay-gradient":""},"tablet":{"background-color":"var(--ast-global-color-5)","background-image":"","background-repeat":"repeat","background-position":"center center","background-size":"auto","background-attachment":"scroll","background-type":"","background-media":"","overlay-type":"","overlay-color":"","overlay-opacity":"","overlay-gradient":""},"mobile":{"background-color":"var(--ast-global-color-5)","background-image":"","background-repeat":"repeat","background-position":"center center","background-size":"auto","background-attachment":"scroll","background-type":"","background-media":"","overlay-type":"","overlay-color":"","overlay-opacity":"","overlay-gradient":""}},"footnotes":""},"categories":[13,4,5],"tags":[],"class_list":["post-6698","post","type-post","status-publish","format-standard","has-post-thumbnail","hentry","category-4t","category-portada","category-primaria"],"post_mailing_queue_ids":[],"_links":{"self":[{"href":"https:\/\/agora.xtec.cat\/ceipbaltasar\/wp-json\/wp\/v2\/posts\/6698","targetHints":{"allow":["GET"]}}],"collection":[{"href":"https:\/\/agora.xtec.cat\/ceipbaltasar\/wp-json\/wp\/v2\/posts"}],"about":[{"href":"https:\/\/agora.xtec.cat\/ceipbaltasar\/wp-json\/wp\/v2\/types\/post"}],"author":[{"embeddable":true,"href":"https:\/\/agora.xtec.cat\/ceipbaltasar\/wp-json\/wp\/v2\/users\/18"}],"replies":[{"embeddable":true,"href":"https:\/\/agora.xtec.cat\/ceipbaltasar\/wp-json\/wp\/v2\/comments?post=6698"}],"version-history":[{"count":2,"href":"https:\/\/agora.xtec.cat\/ceipbaltasar\/wp-json\/wp\/v2\/posts\/6698\/revisions"}],"predecessor-version":[{"id":6707,"href":"https:\/\/agora.xtec.cat\/ceipbaltasar\/wp-json\/wp\/v2\/posts\/6698\/revisions\/6707"}],"wp:featuredmedia":[{"embeddable":true,"href":"https:\/\/agora.xtec.cat\/ceipbaltasar\/wp-json\/wp\/v2\/media\/6706"}],"wp:attachment":[{"href":"https:\/\/agora.xtec.cat\/ceipbaltasar\/wp-json\/wp\/v2\/media?parent=6698"}],"wp:term":[{"taxonomy":"category","embeddable":true,"href":"https:\/\/agora.xtec.cat\/ceipbaltasar\/wp-json\/wp\/v2\/categories?post=6698"},{"taxonomy":"post_tag","embeddable":true,"href":"https:\/\/agora.xtec.cat\/ceipbaltasar\/wp-json\/wp\/v2\/tags?post=6698"}],"curies":[{"name":"wp","href":"https:\/\/api.w.org\/{rel}","templated":true}]}}