{"id":6673,"date":"2020-12-18T21:03:30","date_gmt":"2020-12-18T20:03:30","guid":{"rendered":"http:\/\/agora.xtec.cat\/ceipbaltasar\/?p=6673"},"modified":"2020-12-19T11:07:44","modified_gmt":"2020-12-19T10:07:44","slug":"els-baltis-amb-la-setmana-de-les-capacitats-de-valls","status":"publish","type":"post","link":"https:\/\/agora.xtec.cat\/ceipbaltasar\/general\/els-baltis-amb-la-setmana-de-les-capacitats-de-valls\/","title":{"rendered":"Els Baltis amb la setmana de les capacitats de Valls."},"content":{"rendered":"<p><a name=\"_GoBack\"><\/a> <span style=\"font-size: large;\">A Valls s\u2019ha celebrat la VIII Setmana de les Capacitats. Els Baltis de 3r i 4t de l\u2019Escola Baltasar Seg\u00fa no hi pod\u00edem faltar, per aix\u00f2 de seguida ens hi vam apuntar.<\/span><\/p>\n<p><span style=\"font-size: large;\">A l\u2019escola, seguint les propostes dels nois i noies del SOI Ginac, hem reflexionat sobre el significat de la paraula CAPACITAT, qu\u00e8 significa tenir diferents capacitats i el fet que tots i totes som diferents. <\/span><\/p>\n<p><span style=\"font-size: large;\">Ens han explicat un conte, hem parlat amb ells i elles i despr\u00e9s ens han ensenyat una coreografia que hem ballat tots i totes juntes.<\/span><\/p>\n<p><span style=\"font-size: large;\">Tot aix\u00f2 ho hem fet a trav\u00e9s de videoconfer\u00e8ncia, ja que actualment \u00e9s complicat trobar-nos cara a cara.<\/span><\/p>\n<p><span style=\"font-size: large;\">Moltes gr\u00e0cies per dedicar-nos el vostre temps.<\/span><\/p>\n<p><a href=\"https:\/\/drive.google.com\/drive\/u\/1\/folders\/1CpqCkdEg3PBbvoeJCCJI1sisO_KdKN37\" target=\"_blank\" rel=\"noopener noreferrer\"><img loading=\"lazy\" decoding=\"async\" class=\"size-medium wp-image-6674 alignleft\" src=\"https:\/\/agora.xtec.cat\/ceipbaltasar\/wp-content\/uploads\/usu989\/2020\/12\/IMG_3389-e1608321554544-225x300.jpg\" alt=\"\" width=\"225\" height=\"300\" srcset=\"https:\/\/agora.xtec.cat\/ceipbaltasar\/wp-content\/uploads\/usu989\/2020\/12\/IMG_3389-e1608321554544-225x300.jpg 225w, https:\/\/agora.xtec.cat\/ceipbaltasar\/wp-content\/uploads\/usu989\/2020\/12\/IMG_3389-e1608321554544-768x1024.jpg 768w\" sizes=\"auto, (max-width: 225px) 100vw, 225px\" \/><\/a><a href=\"https:\/\/agora.xtec.cat\/ceipbaltasar\/wp-content\/uploads\/usu989\/2020\/12\/Capacitats_3r.png\"><img loading=\"lazy\" decoding=\"async\" class=\"alignnone wp-image-6680\" src=\"https:\/\/agora.xtec.cat\/ceipbaltasar\/wp-content\/uploads\/usu989\/2020\/12\/Capacitats_3r.png\" alt=\"\" width=\"286\" height=\"237\" srcset=\"https:\/\/agora.xtec.cat\/ceipbaltasar\/wp-content\/uploads\/usu989\/2020\/12\/Capacitats_3r.png 884w, https:\/\/agora.xtec.cat\/ceipbaltasar\/wp-content\/uploads\/usu989\/2020\/12\/Capacitats_3r-300x250.png 300w, https:\/\/agora.xtec.cat\/ceipbaltasar\/wp-content\/uploads\/usu989\/2020\/12\/Capacitats_3r-768x637.png 768w\" sizes=\"auto, (max-width: 286px) 100vw, 286px\" \/><\/a><a href=\"https:\/\/agora.xtec.cat\/ceipbaltasar\/wp-content\/uploads\/usu989\/2020\/12\/capacitatsf.jpg\"><img loading=\"lazy\" decoding=\"async\" class=\"alignnone wp-image-6681\" src=\"https:\/\/agora.xtec.cat\/ceipbaltasar\/wp-content\/uploads\/usu989\/2020\/12\/capacitatsf-1024x759.jpg\" alt=\"\" width=\"293\" height=\"217\" srcset=\"https:\/\/agora.xtec.cat\/ceipbaltasar\/wp-content\/uploads\/usu989\/2020\/12\/capacitatsf-1024x759.jpg 1024w, https:\/\/agora.xtec.cat\/ceipbaltasar\/wp-content\/uploads\/usu989\/2020\/12\/capacitatsf-300x222.jpg 300w, https:\/\/agora.xtec.cat\/ceipbaltasar\/wp-content\/uploads\/usu989\/2020\/12\/capacitatsf-768x569.jpg 768w, https:\/\/agora.xtec.cat\/ceipbaltasar\/wp-content\/uploads\/usu989\/2020\/12\/capacitatsf.jpg 1155w\" sizes=\"auto, (max-width: 293px) 100vw, 293px\" \/><\/a><\/p>\n","protected":false},"excerpt":{"rendered":"<p>A Valls s\u2019ha celebrat la VIII Setmana de les Capacitats. Els Baltis de 3r i 4t de l\u2019Escola Baltasar Seg\u00fa no hi pod\u00edem faltar, per aix\u00f2 de seguida ens hi vam apuntar. A l\u2019escola, seguint les propostes dels nois i noies del SOI Ginac, hem reflexionat sobre el significat de la paraula CAPACITAT, qu\u00e8 significa [&hellip;]<\/p>\n","protected":false},"author":18,"featured_media":6674,"comment_status":"open","ping_status":"closed","sticky":false,"template":"","format":"standard","meta":{"_bbp_topic_count":0,"_bbp_reply_count":0,"_bbp_total_topic_count":0,"_bbp_total_reply_count":0,"_bbp_voice_count":0,"_bbp_anonymous_reply_count":0,"_bbp_topic_count_hidden":0,"_bbp_reply_count_hidden":0,"_bbp_forum_subforum_count":0,"site-sidebar-layout":"default","site-content-layout":"","ast-site-content-layout":"","site-content-style":"default","site-sidebar-style":"default","ast-global-header-display":"","ast-banner-title-visibility":"","ast-main-header-display":"","ast-hfb-above-header-display":"","ast-hfb-below-header-display":"","ast-hfb-mobile-header-display":"","site-post-title":"","ast-breadcrumbs-content":"","ast-featured-img":"","footer-sml-layout":"","theme-transparent-header-meta":"","adv-header-id-meta":"","stick-header-meta":"","header-above-stick-meta":"","header-main-stick-meta":"","header-below-stick-meta":"","astra-migrate-meta-layouts":"default","ast-page-background-enabled":"default","ast-page-background-meta":{"desktop":{"background-color":"var(--ast-global-color-4)","background-image":"","background-repeat":"repeat","background-position":"center center","background-size":"auto","background-attachment":"scroll","background-type":"","background-media":"","overlay-type":"","overlay-color":"","overlay-opacity":"","overlay-gradient":""},"tablet":{"background-color":"","background-image":"","background-repeat":"repeat","background-position":"center center","background-size":"auto","background-attachment":"scroll","background-type":"","background-media":"","overlay-type":"","overlay-color":"","overlay-opacity":"","overlay-gradient":""},"mobile":{"background-color":"","background-image":"","background-repeat":"repeat","background-position":"center center","background-size":"auto","background-attachment":"scroll","background-type":"","background-media":"","overlay-type":"","overlay-color":"","overlay-opacity":"","overlay-gradient":""}},"ast-content-background-meta":{"desktop":{"background-color":"var(--ast-global-color-5)","background-image":"","background-repeat":"repeat","background-position":"center center","background-size":"auto","background-attachment":"scroll","background-type":"","background-media":"","overlay-type":"","overlay-color":"","overlay-opacity":"","overlay-gradient":""},"tablet":{"background-color":"var(--ast-global-color-5)","background-image":"","background-repeat":"repeat","background-position":"center center","background-size":"auto","background-attachment":"scroll","background-type":"","background-media":"","overlay-type":"","overlay-color":"","overlay-opacity":"","overlay-gradient":""},"mobile":{"background-color":"var(--ast-global-color-5)","background-image":"","background-repeat":"repeat","background-position":"center center","background-size":"auto","background-attachment":"scroll","background-type":"","background-media":"","overlay-type":"","overlay-color":"","overlay-opacity":"","overlay-gradient":""}},"footnotes":""},"categories":[13,1,4,5],"tags":[63,90],"class_list":["post-6673","post","type-post","status-publish","format-standard","has-post-thumbnail","hentry","category-4t","category-general","category-portada","category-primaria","tag-cicle-mitja","tag-serbaltimolamolt"],"post_mailing_queue_ids":[],"_links":{"self":[{"href":"https:\/\/agora.xtec.cat\/ceipbaltasar\/wp-json\/wp\/v2\/posts\/6673","targetHints":{"allow":["GET"]}}],"collection":[{"href":"https:\/\/agora.xtec.cat\/ceipbaltasar\/wp-json\/wp\/v2\/posts"}],"about":[{"href":"https:\/\/agora.xtec.cat\/ceipbaltasar\/wp-json\/wp\/v2\/types\/post"}],"author":[{"embeddable":true,"href":"https:\/\/agora.xtec.cat\/ceipbaltasar\/wp-json\/wp\/v2\/users\/18"}],"replies":[{"embeddable":true,"href":"https:\/\/agora.xtec.cat\/ceipbaltasar\/wp-json\/wp\/v2\/comments?post=6673"}],"version-history":[{"count":2,"href":"https:\/\/agora.xtec.cat\/ceipbaltasar\/wp-json\/wp\/v2\/posts\/6673\/revisions"}],"predecessor-version":[{"id":6682,"href":"https:\/\/agora.xtec.cat\/ceipbaltasar\/wp-json\/wp\/v2\/posts\/6673\/revisions\/6682"}],"wp:featuredmedia":[{"embeddable":true,"href":"https:\/\/agora.xtec.cat\/ceipbaltasar\/wp-json\/wp\/v2\/media\/6674"}],"wp:attachment":[{"href":"https:\/\/agora.xtec.cat\/ceipbaltasar\/wp-json\/wp\/v2\/media?parent=6673"}],"wp:term":[{"taxonomy":"category","embeddable":true,"href":"https:\/\/agora.xtec.cat\/ceipbaltasar\/wp-json\/wp\/v2\/categories?post=6673"},{"taxonomy":"post_tag","embeddable":true,"href":"https:\/\/agora.xtec.cat\/ceipbaltasar\/wp-json\/wp\/v2\/tags?post=6673"}],"curies":[{"name":"wp","href":"https:\/\/api.w.org\/{rel}","templated":true}]}}